{"id":117133,"date":"2022-05-18T22:44:18","date_gmt":"2022-05-19T01:44:18","guid":{"rendered":"https:\/\/portalpopmais.com.br\/?p=117133"},"modified":"2022-05-19T10:58:26","modified_gmt":"2022-05-19T13:58:26","slug":"maria-zilda-betlem-reclama-de-arthur-aguiar","status":"publish","type":"post","link":"https:\/\/portalpopmais.com.br\/en\/maria-zilda-betlem-reclama-de-arthur-aguiar\/","title":{"rendered":"Atriz veterana da Globo reclama de Arthur Aguiar: &#8220;Tive a m\u00e1 sorte de trabalhar&#8221;"},"content":{"rendered":"<p class=\"wp-block-paragraph\">Sem papas na l\u00edngua, a ex-atriz da Globo, <a href=\"https:\/\/portalpopmais.com.br\/en\/maria-zilda-bethlem-conta-como-ary-fontoura-revelou-sua-sexualidade-disse-eu-sou-viado\/\" data-type=\"post\" data-id=\"58572\">Maria Zilda Bethlem<\/a>, resolveu dar sua opini\u00e3o sobre o que acha do grande campe\u00e3o do BBB22, <a href=\"https:\/\/portalpopmais.com.br\/en\/arthur-aguiar-jade-picon-atuar-juntos-travessia\/\" data-type=\"post\" data-id=\"116198\">Arthur Aguiar<\/a>.<\/p>\n\n\n\n<p class=\"wp-block-paragraph\">Entrevista ao &#8216;TV Fama&#8217;, na RedeTV! a artista resolveu dar detalhes dos bastidores da novela &#8216;\u00cata Mundo Bom&#8217;, de Walcyr Carrasco, exibida em 2016, na Globo.<\/p>\n\n\n\n<h2 class=\"wp-block-heading\">Veja tamb\u00e9m<\/h2>\n\n\n<ul class=\"wp-block-latest-posts__list is-grid wp-block-latest-posts is-layout-flow wp-block-latest-posts-is-layout-flow\"><li><div class=\"wp-block-latest-posts__featured-image aligncenter\"><a href=\"https:\/\/portalpopmais.com.br\/en\/justica-condena-miguel-falabella-por-plagio-em-peca-de-teatro\/\" aria-label=\"Justi\u00e7a condena Miguel Falabella por pl\u00e1gio em pe\u00e7a de teatro\"><img loading=\"lazy\" decoding=\"async\" width=\"768\" height=\"456\" src=\"https:\/\/portalpopmais.com.br\/wp-content\/uploads\/2020\/06\/falabella-768x456.jpg\" class=\"attachment-medium size-medium wp-post-image\" alt=\"Miguel Falabella \u00e9 demitido da Globo ap\u00f3s quase 40 anos\" style=\"\" srcset=\"https:\/\/portalpopmais.com.br\/wp-content\/uploads\/2020\/06\/falabella-768x456.jpg 768w, https:\/\/portalpopmais.com.br\/wp-content\/uploads\/2020\/06\/falabella-1170x694.jpg 1170w\" sizes=\"auto, (max-width: 768px) 100vw, 768px\" title=\"\"><\/a><\/div><a class=\"wp-block-latest-posts__post-title\" href=\"https:\/\/portalpopmais.com.br\/en\/justica-condena-miguel-falabella-por-plagio-em-peca-de-teatro\/\">Justi\u00e7a condena Miguel Falabella por pl\u00e1gio em pe\u00e7a de teatro<\/a><\/li>\n<li><div class=\"wp-block-latest-posts__featured-image aligncenter\"><a href=\"https:\/\/portalpopmais.com.br\/en\/juliano-floss-e-flagrado-em-momento-intimo-com-affair\/\" aria-label=\"Juliano Floss \u00e9 flagrado em momento \u00edntimo com affair\"><img loading=\"lazy\" decoding=\"async\" width=\"768\" height=\"456\" src=\"https:\/\/portalpopmais.com.br\/wp-content\/uploads\/2026\/02\/juliano-floss-768x456.jpg\" class=\"attachment-medium size-medium wp-post-image\" alt=\"juliano floss\" style=\"\" srcset=\"https:\/\/portalpopmais.com.br\/wp-content\/uploads\/2026\/02\/juliano-floss-768x456.jpg 768w, https:\/\/portalpopmais.com.br\/wp-content\/uploads\/2026\/02\/juliano-floss-1170x694.jpg 1170w, https:\/\/portalpopmais.com.br\/wp-content\/uploads\/2026\/02\/juliano-floss-18x10.jpg 18w\" sizes=\"auto, (max-width: 768px) 100vw, 768px\" title=\"\"><\/a><\/div><a class=\"wp-block-latest-posts__post-title\" href=\"https:\/\/portalpopmais.com.br\/en\/juliano-floss-e-flagrado-em-momento-intimo-com-affair\/\">Juliano Floss \u00e9 flagrado em momento \u00edntimo com affair<\/a><\/li>\n<li><div class=\"wp-block-latest-posts__featured-image aligncenter\"><a href=\"https:\/\/portalpopmais.com.br\/en\/gloria-steinem-um-dos-maiores-icones-do-feminismo-mundial-morre-aos-92-anos\/\" aria-label=\"Gloria Steinem, um dos maiores \u00edcones do feminismo mundial, morre aos 92 anos\"><img loading=\"lazy\" decoding=\"async\" width=\"768\" height=\"456\" src=\"https:\/\/portalpopmais.com.br\/wp-content\/uploads\/2026\/09\/Gloria-Steinem-768x456.webp\" class=\"attachment-medium size-medium wp-post-image\" alt=\"Gloria Steinem\" style=\"\" srcset=\"https:\/\/portalpopmais.com.br\/wp-content\/uploads\/2026\/09\/Gloria-Steinem-768x456.webp 768w, https:\/\/portalpopmais.com.br\/wp-content\/uploads\/2026\/09\/Gloria-Steinem-1170x694.webp 1170w, https:\/\/portalpopmais.com.br\/wp-content\/uploads\/2026\/09\/Gloria-Steinem-18x12.webp 18w\" sizes=\"auto, (max-width: 768px) 100vw, 768px\" title=\"\"><\/a><\/div><a class=\"wp-block-latest-posts__post-title\" href=\"https:\/\/portalpopmais.com.br\/en\/gloria-steinem-um-dos-maiores-icones-do-feminismo-mundial-morre-aos-92-anos\/\">Gloria Steinem, um dos maiores \u00edcones do feminismo mundial, morre aos 92 anos<\/a><\/li>\n<li><div class=\"wp-block-latest-posts__featured-image aligncenter\"><a href=\"https:\/\/portalpopmais.com.br\/en\/supernanny-cris-poli-emociona-ao-falar-sobre-a-morte-de-um-dos-filhos-vitima-de-cancer\/\" aria-label=\"Supernanny, Cris Poli, emociona ao falar sobre a morte de um dos filhos v\u00edtima de c\u00e2ncer\"><img loading=\"lazy\" decoding=\"async\" width=\"768\" height=\"456\" src=\"https:\/\/portalpopmais.com.br\/wp-content\/uploads\/2026\/09\/1_lembra-dela-supernanny-faz-desabafo-comovente-apos-morte-do-filho-67584505-768x456.jpg\" class=\"attachment-medium size-medium wp-post-image\" alt=\"1 lembra dela supernanny faz desabafo comovente apos morte do filho 67584505\" style=\"\" srcset=\"https:\/\/portalpopmais.com.br\/wp-content\/uploads\/2026\/09\/1_lembra-dela-supernanny-faz-desabafo-comovente-apos-morte-do-filho-67584505-768x456.jpg 768w, https:\/\/portalpopmais.com.br\/wp-content\/uploads\/2026\/09\/1_lembra-dela-supernanny-faz-desabafo-comovente-apos-morte-do-filho-67584505-1170x694.jpg 1170w, https:\/\/portalpopmais.com.br\/wp-content\/uploads\/2026\/09\/1_lembra-dela-supernanny-faz-desabafo-comovente-apos-morte-do-filho-67584505-18x12.jpg 18w\" sizes=\"auto, (max-width: 768px) 100vw, 768px\" title=\"\"><\/a><\/div><a class=\"wp-block-latest-posts__post-title\" href=\"https:\/\/portalpopmais.com.br\/en\/supernanny-cris-poli-emociona-ao-falar-sobre-a-morte-de-um-dos-filhos-vitima-de-cancer\/\">Supernanny, Cris Poli, emociona ao falar sobre a morte de um dos filhos v\u00edtima de c\u00e2ncer<\/a><\/li>\n<li><div class=\"wp-block-latest-posts__featured-image aligncenter\"><a href=\"https:\/\/portalpopmais.com.br\/en\/diego-hypolito-antes-depois-procedimentos\/\" aria-label=\"Diego Hypolito mostra o antes e depois ap\u00f3s procedimentos est\u00e9ticos e surpreende\"><img loading=\"lazy\" decoding=\"async\" width=\"768\" height=\"456\" src=\"https:\/\/portalpopmais.com.br\/wp-content\/uploads\/2026\/09\/Diego-Hypolito-mostra-antes-e-depois-de-procedimentos-esteticos-768x456.png\" class=\"attachment-medium size-medium wp-post-image\" alt=\"Diego Hypolito mostra antes e depois de procedimentos est\u00e9ticos\" style=\"\" srcset=\"https:\/\/portalpopmais.com.br\/wp-content\/uploads\/2026\/09\/Diego-Hypolito-mostra-antes-e-depois-de-procedimentos-esteticos-768x456.png 768w, https:\/\/portalpopmais.com.br\/wp-content\/uploads\/2026\/09\/Diego-Hypolito-mostra-antes-e-depois-de-procedimentos-esteticos-1170x694.png 1170w, https:\/\/portalpopmais.com.br\/wp-content\/uploads\/2026\/09\/Diego-Hypolito-mostra-antes-e-depois-de-procedimentos-esteticos-18x12.png 18w\" sizes=\"auto, (max-width: 768px) 100vw, 768px\" title=\"\"><\/a><\/div><a class=\"wp-block-latest-posts__post-title\" href=\"https:\/\/portalpopmais.com.br\/en\/diego-hypolito-antes-depois-procedimentos\/\">Diego Hypolito mostra o antes e depois ap\u00f3s procedimentos est\u00e9ticos e surpreende<\/a><\/li>\n<li><div class=\"wp-block-latest-posts__featured-image aligncenter\"><a href=\"https:\/\/portalpopmais.com.br\/en\/ex-astro-de-reality-da-mtv-assume-novo-romance-apos-se-declarar-ex-gay\/\" aria-label=\"Ex-astro de reality da MTV assume novo romance ap\u00f3s se declarar &#8216;ex-gay&#8217;\"><img loading=\"lazy\" decoding=\"async\" width=\"768\" height=\"456\" src=\"https:\/\/portalpopmais.com.br\/wp-content\/uploads\/2026\/09\/Screenshot_20260903-063518-768x456.png\" class=\"attachment-medium size-medium wp-post-image\" alt=\"Screenshot 20260903 063518\" style=\"\" title=\"\"><\/a><\/div><a class=\"wp-block-latest-posts__post-title\" href=\"https:\/\/portalpopmais.com.br\/en\/ex-astro-de-reality-da-mtv-assume-novo-romance-apos-se-declarar-ex-gay\/\">Ex-astro de reality da MTV assume novo romance ap\u00f3s se declarar &#8216;ex-gay&#8217;<\/a><\/li>\n<\/ul>\n\n\n<p class=\"wp-block-paragraph\">\u201cTive a m\u00e1 sorte de, na \u00faltima novela que eu fiz, trabalhar com dois meninos jovens que, enquanto o diretor ensaiava, eles ficavam com o telefone fazendo Snapchat. A\u00ed, quando o diretor dizia \u2018gravando\u2019, eles chegavam pra mim e perguntavam: \u2018Zildinha, eu falo o que, hein?\u2019. A\u00ed o outro: \u2018Eu fico onde?\u2019. Um deles ganhou agora o \u2018Big Brother&#8221;, revelou a atriz.<\/p>\n\n\n\n<p class=\"wp-block-paragraph\">Al\u00e9m de dar detalhes da conviv\u00eancia com Arthur Aguiar, Maria Zilda deu seu posicionamento sobre a pol\u00eamica envolvendo Jade Picon e o Sindicato de atores do Rio de Janeiro, que pede para que a influencer tire seu registro profissional, caso entre no elenco da pr\u00f3xima novela de Gl\u00f3ria Perez.<\/p>\n\n\n\n<p class=\"wp-block-paragraph\">&#8220;Olha, eu n\u00e3o estou sabendo dessa hist\u00f3ria atual de DRT. O que acontecia \u00e9 que algumas pessoas que realmente n\u00e3o eram atores, eram amigos. Faz amizade, diretor indica e acaba com a carteirinha de ator. Eu n\u00e3o tenho nada contra, nem a favor\u201d, revelou.<\/p>\n\n\n\n<p class=\"wp-block-paragraph\"><\/p>","protected":false},"excerpt":{"rendered":"<p>Sem papas na l\u00edngua, a ex-atriz da Globo, Maria Zilda Bethlem, resolveu dar sua opini\u00e3o sobre o que acha do grande campe\u00e3o do BBB22, Arthur Aguiar. Entrevista ao &#8216;TV Fama&#8217;, na RedeTV! a artista resolveu dar detalhes dos bastidores da novela &#8216;\u00cata Mundo Bom&#8217;, de Walcyr Carrasco, exibida em 2016, na Globo. Veja tamb\u00e9m \u201cTive [&hellip;]<\/p>\n","protected":false},"author":2,"featured_media":117134,"comment_status":"closed","ping_status":"open","sticky":false,"template":"","format":"standard","meta":{"footnotes":""},"categories":[173],"tags":[1185,11279],"class_list":["post-117133","post","type-post","status-publish","format-standard","has-post-thumbnail","hentry","category-celebridades","tag-arthur-aguiar","tag-maria-zilda-bethlem"],"_links":{"self":[{"href":"https:\/\/portalpopmais.com.br\/en\/wp-json\/wp\/v2\/posts\/117133","targetHints":{"allow":["GET"]}}],"collection":[{"href":"https:\/\/portalpopmais.com.br\/en\/wp-json\/wp\/v2\/posts"}],"about":[{"href":"https:\/\/portalpopmais.com.br\/en\/wp-json\/wp\/v2\/types\/post"}],"author":[{"embeddable":true,"href":"https:\/\/portalpopmais.com.br\/en\/wp-json\/wp\/v2\/users\/2"}],"replies":[{"embeddable":true,"href":"https:\/\/portalpopmais.com.br\/en\/wp-json\/wp\/v2\/comments?post=117133"}],"version-history":[{"count":0,"href":"https:\/\/portalpopmais.com.br\/en\/wp-json\/wp\/v2\/posts\/117133\/revisions"}],"wp:featuredmedia":[{"embeddable":true,"href":"https:\/\/portalpopmais.com.br\/en\/wp-json\/wp\/v2\/media\/117134"}],"wp:attachment":[{"href":"https:\/\/portalpopmais.com.br\/en\/wp-json\/wp\/v2\/media?parent=117133"}],"wp:term":[{"taxonomy":"category","embeddable":true,"href":"https:\/\/portalpopmais.com.br\/en\/wp-json\/wp\/v2\/categories?post=117133"},{"taxonomy":"post_tag","embeddable":true,"href":"https:\/\/portalpopmais.com.br\/en\/wp-json\/wp\/v2\/tags?post=117133"}],"curies":[{"name":"wp","href":"https:\/\/api.w.org\/{rel}","templated":true}]}}