{"id":117357,"date":"2022-05-20T11:05:16","date_gmt":"2022-05-20T14:05:16","guid":{"rendered":"https:\/\/portalpopmais.com.br\/?p=117357"},"modified":"2022-05-20T11:05:23","modified_gmt":"2022-05-20T14:05:23","slug":"ze-neto-volta-alfinetar-anitta","status":"publish","type":"post","link":"https:\/\/portalpopmais.com.br\/en\/ze-neto-volta-alfinetar-anitta\/","title":{"rendered":"Z\u00e9 Neto volta a alfinetar Anitta e debocha: &#8220;Falo muita verdade&#8221;; veja v\u00eddeo"},"content":{"rendered":"<p>Na \u00faltima quinta-feira (20), o cantor sertanejo <strong><a href=\"https:\/\/portalpopmais.com.br\/en\/ze-neto-cancela-shows-fungo-pulmao\/\" target=\"_blank\" data-type=\"post\" data-id=\"100273\" rel=\"noreferrer noopener\">Z\u00e9 Neto,<\/a><\/strong> da dupla com Cristiano, resolveu reacender a pol\u00eamica com <strong><a href=\"http:\/\/instagram.com\/anitta\" target=\"_blank\" rel=\"noreferrer noopener\">Anitta<\/a><\/strong>. Via Stories do Instagram, ele respondeu alguns f\u00e3s sobre o clim\u00e3o com diva internacional e n\u00e3o perdeu a oportunidade de alfinetar a estrela. <\/p>\n\n\n\n<p><em>&#8220;Na realidade assim: eu tenho um defeito muito grande quando eu bebo. Eu falo muita verdade (risos). Deixa falar, essas coisas n\u00e3o me atingem, n\u00e3o&#8221;<\/em>, debochou.<\/p>\n\n\n\n<figure class=\"wp-block-embed aligncenter is-type-rich is-provider-instagram wp-block-embed-instagram\"><div class=\"wp-block-embed__wrapper\">\nhttps:\/\/www.instagram.com\/reel\/Cdwu6zYlw5w\/?utm_source=ig_embed&#038;ig_rid=330f7db1-4be4-4db2-843d-893e126b6d6b\n<\/div><\/figure>\n\n\n\n<p>Na semana passada, em um show no Mato Grosso, Z\u00e9 Neto cutucou Anitta ao mencionar uma tatuagem \u00edntima feita pela popstar. Na ocasi\u00e3o, ele disse n\u00e3o precisar de &#8220;tatuagem no toba&#8221; para mostrar se est\u00e1 bem ou n\u00e3o. <\/p>\n\n\n\n<p>A fala repercutiu negativamente nas redes sociais, com cr\u00edticas em massa ao sertanejo, tanto por parte dos f\u00e3s de Anitta, como de artistas. Relembre <a href=\"https:\/\/portalpopmais.com.br\/en\/video-ze-neto-ataca-anitta-show-tatuagem-toba\/\" target=\"_blank\" rel=\"noreferrer noopener\">aqui<\/a>. <\/p>","protected":false},"excerpt":{"rendered":"<p>Na \u00faltima quinta-feira (20), o cantor sertanejo Z\u00e9 Neto, da dupla com Cristiano, resolveu reacender a pol\u00eamica com Anitta. Via Stories do Instagram, ele respondeu alguns f\u00e3s sobre o clim\u00e3o com diva internacional e n\u00e3o perdeu a oportunidade de alfinetar a estrela. &#8220;Na realidade assim: eu tenho um defeito muito grande quando eu bebo. Eu [&hellip;]<\/p>\n","protected":false},"author":2,"featured_media":117359,"comment_status":"closed","ping_status":"open","sticky":false,"template":"","format":"standard","meta":{"footnotes":""},"categories":[173],"tags":[167,2445],"class_list":["post-117357","post","type-post","status-publish","format-standard","has-post-thumbnail","hentry","category-celebridades","tag-anitta","tag-ze-neto"],"_links":{"self":[{"href":"https:\/\/portalpopmais.com.br\/en\/wp-json\/wp\/v2\/posts\/117357","targetHints":{"allow":["GET"]}}],"collection":[{"href":"https:\/\/portalpopmais.com.br\/en\/wp-json\/wp\/v2\/posts"}],"about":[{"href":"https:\/\/portalpopmais.com.br\/en\/wp-json\/wp\/v2\/types\/post"}],"author":[{"embeddable":true,"href":"https:\/\/portalpopmais.com.br\/en\/wp-json\/wp\/v2\/users\/2"}],"replies":[{"embeddable":true,"href":"https:\/\/portalpopmais.com.br\/en\/wp-json\/wp\/v2\/comments?post=117357"}],"version-history":[{"count":0,"href":"https:\/\/portalpopmais.com.br\/en\/wp-json\/wp\/v2\/posts\/117357\/revisions"}],"wp:featuredmedia":[{"embeddable":true,"href":"https:\/\/portalpopmais.com.br\/en\/wp-json\/wp\/v2\/media\/117359"}],"wp:attachment":[{"href":"https:\/\/portalpopmais.com.br\/en\/wp-json\/wp\/v2\/media?parent=117357"}],"wp:term":[{"taxonomy":"category","embeddable":true,"href":"https:\/\/portalpopmais.com.br\/en\/wp-json\/wp\/v2\/categories?post=117357"},{"taxonomy":"post_tag","embeddable":true,"href":"https:\/\/portalpopmais.com.br\/en\/wp-json\/wp\/v2\/tags?post=117357"}],"curies":[{"name":"wp","href":"https:\/\/api.w.org\/{rel}","templated":true}]}}