{"id":117408,"date":"2022-05-20T13:54:12","date_gmt":"2022-05-20T16:54:12","guid":{"rendered":"https:\/\/portalpopmais.com.br\/?p=117408"},"modified":"2022-05-20T13:54:24","modified_gmt":"2022-05-20T16:54:24","slug":"arthur-aguiar-anunciou-a-sua-turne-forte-como-nunca","status":"publish","type":"post","link":"https:\/\/portalpopmais.com.br\/en\/arthur-aguiar-anunciou-a-sua-turne-forte-como-nunca\/","title":{"rendered":"Arthur Aguiar anuncia turn\u00ea &#8220;Forte Como Nunca&#8221;"},"content":{"rendered":"<p>Priorizando a sua carreira como m\u00fasico, <strong><a href=\"https:\/\/portalpopmais.com.br\/en\/maria-zilda-betlem-reclama-de-arthur-aguiar\/\" target=\"_blank\" data-type=\"post\" data-id=\"117133\" rel=\"noreferrer noopener\">Arthur Aguiar<\/a><\/strong> anunciou a turn\u00ea &#8220;Forte Como Nunca&#8221;, com a primeira parada no dia 9 de junho, em S\u00e3o Paulo.<\/p>\n\n\n\n<p>Em entrevista para o Gshow, o artista comentou sobre a <a href=\"http:\/\/instagram.com\/portalpopmais\" target=\"_blank\" rel=\"noopener\">atual<\/a> fase em sua carreira. <em>&#8220;Estou muito feliz com a oportunidade de come\u00e7ar uma turn\u00ea, vou focar 100% na m\u00fasica, vou rodar o Brasil inteiro. Come\u00e7amos em S\u00e3o Paulo, mas j\u00e1 temos v\u00e1rias cidades fechadas e vou divulgar em breve. Os ensaios come\u00e7am agora&#8221;<\/em>, afirmou.<\/p>\n\n\n\n<p>Sobre o show, Arthur afirmou que n\u00e3o ir\u00e1 se limitar a um estilo de m\u00fasica. <em>&#8220;Quero cantar o que o povo quer ouvir, vamos misturar um pouco de pop, sertanejo, um pouco de tudo que gosto de fazer&#8221;<\/em>, contou<\/p>\n\n\n\n<p>Sobre o futuro, Aguiar afirmou que possui algumas parcerias musicais, mas n\u00e3o adiantou detalhes. <\/p>\n\n\n\n<figure class=\"wp-block-embed is-type-rich is-provider-twitter wp-block-embed-twitter\"><div class=\"wp-block-embed__wrapper\">\n<blockquote class=\"twitter-tweet\" data-width=\"550\" data-dnt=\"true\"><p lang=\"pt\" dir=\"ltr\">VENDAS LIBERADAS! <br><br>Todos os caminhos te levam a um s\u00f3 lugar: Estreia da turn\u00ea FORTE COMO NUNCA, no dia 9 de Junho, na <a href=\"https:\/\/twitter.com\/audiosaopaulo?ref_src=twsrc%5Etfw\" target=\"_blank\" rel=\"noopener\">@audiosaopaulo<\/a>. <br><br>N\u00e3o tem como ficar de fora n\u00e3o \u00e9 mesmo? Esse show vai ser imperd\u00edvel, n\u00e3o perca tempo e garanta j\u00e1 o seu ingresso! <br><br>\ud83d\udd17 <a href=\"https:\/\/t.co\/hQ488UFr9f\">https:\/\/t.co\/hQ488UFr9f<\/a><\/p>&mdash; Arthur Aguiar \u2728\ud83c\udf5e (@Aguiarthur) <a href=\"https:\/\/twitter.com\/Aguiarthur\/status\/1527409599099305984?ref_src=twsrc%5Etfw\" target=\"_blank\" rel=\"noopener\">May 19, 2022<\/a><\/blockquote><script async src=\"https:\/\/platform.twitter.com\/widgets.js\" charset=\"utf-8\"><\/script>\n<\/div><\/figure>","protected":false},"excerpt":{"rendered":"<p>Priorizando a sua carreira como m\u00fasico, Arthur Aguiar anunciou a turn\u00ea &#8220;Forte Como Nunca&#8221;, com a primeira parada no dia 9 de junho, em S\u00e3o Paulo. Em entrevista para o Gshow, o artista comentou sobre a atual fase em sua carreira. &#8220;Estou muito feliz com a oportunidade de come\u00e7ar uma turn\u00ea, vou focar 100% na [&hellip;]<\/p>\n","protected":false},"author":2,"featured_media":117411,"comment_status":"closed","ping_status":"open","sticky":false,"template":"","format":"standard","meta":{"footnotes":""},"categories":[154],"tags":[1185],"class_list":["post-117408","post","type-post","status-publish","format-standard","has-post-thumbnail","hentry","category-musica","tag-arthur-aguiar"],"_links":{"self":[{"href":"https:\/\/portalpopmais.com.br\/en\/wp-json\/wp\/v2\/posts\/117408","targetHints":{"allow":["GET"]}}],"collection":[{"href":"https:\/\/portalpopmais.com.br\/en\/wp-json\/wp\/v2\/posts"}],"about":[{"href":"https:\/\/portalpopmais.com.br\/en\/wp-json\/wp\/v2\/types\/post"}],"author":[{"embeddable":true,"href":"https:\/\/portalpopmais.com.br\/en\/wp-json\/wp\/v2\/users\/2"}],"replies":[{"embeddable":true,"href":"https:\/\/portalpopmais.com.br\/en\/wp-json\/wp\/v2\/comments?post=117408"}],"version-history":[{"count":0,"href":"https:\/\/portalpopmais.com.br\/en\/wp-json\/wp\/v2\/posts\/117408\/revisions"}],"wp:featuredmedia":[{"embeddable":true,"href":"https:\/\/portalpopmais.com.br\/en\/wp-json\/wp\/v2\/media\/117411"}],"wp:attachment":[{"href":"https:\/\/portalpopmais.com.br\/en\/wp-json\/wp\/v2\/media?parent=117408"}],"wp:term":[{"taxonomy":"category","embeddable":true,"href":"https:\/\/portalpopmais.com.br\/en\/wp-json\/wp\/v2\/categories?post=117408"},{"taxonomy":"post_tag","embeddable":true,"href":"https:\/\/portalpopmais.com.br\/en\/wp-json\/wp\/v2\/tags?post=117408"}],"curies":[{"name":"wp","href":"https:\/\/api.w.org\/{rel}","templated":true}]}}