{"id":117553,"date":"2022-05-20T19:55:45","date_gmt":"2022-05-20T22:55:45","guid":{"rendered":"https:\/\/portalpopmais.com.br\/?p=117553"},"modified":"2022-05-20T19:55:51","modified_gmt":"2022-05-20T22:55:51","slug":"depois-de-48-anos-globo-bate-o-martelo-e-poe-fim-a-sessao-da-tarde-diz-site-saiba-quando","status":"publish","type":"post","link":"https:\/\/portalpopmais.com.br\/en\/depois-de-48-anos-globo-bate-o-martelo-e-poe-fim-a-sessao-da-tarde-diz-site-saiba-quando\/","title":{"rendered":"Depois de 48 anos, Globo bate o martelo e p\u00f5e fim a \u201cSess\u00e3o da Tarde\u201d, diz site; saiba quando"},"content":{"rendered":"<p class=\"wp-block-paragraph\">A cl\u00e1ssica sess\u00e3o de filmes vespertina da Globo dever\u00e1 deixar a grade do canal em 2023. O motivo seria o retorno do \u201cVideo Show\u201d com apresenta\u00e7\u00e3o de Maisa Silva.<\/p>\n\n\n\n<p class=\"wp-block-paragraph\">A informa\u00e7\u00e3o segue sobre sigilo na emissora, conforme apurou o Observat\u00f3rio da TV. O retorno do programa vem ap\u00f3s tr\u00eas anos, desde sua \u00faltima edi\u00e7\u00e3o no dia 11 de janeiro de 2019.<\/p>\n\n\n\n<p class=\"wp-block-paragraph\">A \u201cSess\u00e3o da Tarde&#8221; est\u00e1 no ar desde 1974 e traz cl\u00e1ssicos do cinema h\u00e1 48 anos nas tardes da emissora carioca.<\/p>","protected":false},"excerpt":{"rendered":"<p>A cl\u00e1ssica sess\u00e3o de filmes vespertina da Globo dever\u00e1 deixar a grade do canal em 2023. O motivo seria o retorno do \u201cVideo Show\u201d com apresenta\u00e7\u00e3o de Maisa Silva. A informa\u00e7\u00e3o segue sobre sigilo na emissora, conforme apurou o Observat\u00f3rio da TV. O retorno do programa vem ap\u00f3s tr\u00eas anos, desde sua \u00faltima edi\u00e7\u00e3o no [&hellip;]<\/p>\n","protected":false},"author":2,"featured_media":117555,"comment_status":"closed","ping_status":"open","sticky":false,"template":"","format":"standard","meta":{"footnotes":""},"categories":[181],"tags":[180,8176,3844],"class_list":["post-117553","post","type-post","status-publish","format-standard","has-post-thumbnail","hentry","category-televisao","tag-globo","tag-maisa-2","tag-sessao-da-tarde"],"_links":{"self":[{"href":"https:\/\/portalpopmais.com.br\/en\/wp-json\/wp\/v2\/posts\/117553","targetHints":{"allow":["GET"]}}],"collection":[{"href":"https:\/\/portalpopmais.com.br\/en\/wp-json\/wp\/v2\/posts"}],"about":[{"href":"https:\/\/portalpopmais.com.br\/en\/wp-json\/wp\/v2\/types\/post"}],"author":[{"embeddable":true,"href":"https:\/\/portalpopmais.com.br\/en\/wp-json\/wp\/v2\/users\/2"}],"replies":[{"embeddable":true,"href":"https:\/\/portalpopmais.com.br\/en\/wp-json\/wp\/v2\/comments?post=117553"}],"version-history":[{"count":0,"href":"https:\/\/portalpopmais.com.br\/en\/wp-json\/wp\/v2\/posts\/117553\/revisions"}],"wp:featuredmedia":[{"embeddable":true,"href":"https:\/\/portalpopmais.com.br\/en\/wp-json\/wp\/v2\/media\/117555"}],"wp:attachment":[{"href":"https:\/\/portalpopmais.com.br\/en\/wp-json\/wp\/v2\/media?parent=117553"}],"wp:term":[{"taxonomy":"category","embeddable":true,"href":"https:\/\/portalpopmais.com.br\/en\/wp-json\/wp\/v2\/categories?post=117553"},{"taxonomy":"post_tag","embeddable":true,"href":"https:\/\/portalpopmais.com.br\/en\/wp-json\/wp\/v2\/tags?post=117553"}],"curies":[{"name":"wp","href":"https:\/\/api.w.org\/{rel}","templated":true}]}}