{"id":117972,"date":"2022-05-24T16:53:33","date_gmt":"2022-05-24T19:53:33","guid":{"rendered":"https:\/\/portalpopmais.com.br\/?p=117972"},"modified":"2022-05-24T16:53:41","modified_gmt":"2022-05-24T19:53:41","slug":"sonia-abrao-defende-ana-maria-braga-globo-proibe-comer-no-ar","status":"publish","type":"post","link":"https:\/\/portalpopmais.com.br\/en\/sonia-abrao-defende-ana-maria-braga-globo-proibe-comer-no-ar\/","title":{"rendered":"Sonia Abr\u00e3o sai em defesa de Ana Maria Braga ap\u00f3s Globo querer proibi-la de comer no ar:&#8221;Quer prejudicar&#8221;"},"content":{"rendered":"<p>A apresentadora <strong><a href=\"https:\/\/portalpopmais.com.br\/en\/sonia-abrao-detona-gkay-farofa-ridicula\/\" target=\"_blank\" data-type=\"post\" data-id=\"117827\" rel=\"noreferrer noopener\">Sonia Abr\u00e3o<\/a><\/strong> usou seu programa &#8220;A Tarde \u00c9 Sua&#8221;, na Rede TV!, para detonar o alto escal\u00e3o da Globo, ap\u00f3s tomar conhecimento de uma decis\u00e3o da emissora l\u00edder de audi\u00eancia em rela\u00e7\u00e3o a <strong><a href=\"http:\/\/instagram.com\/portalpopmais\" target=\"_blank\" rel=\"noopener\">Ana Maria Braga<\/a><\/strong>.<\/p>\n\n\n\n<p>De acordo com o colunista Alessandro Lo Bianco, a anfitri\u00e3 do &#8216;Mais Voc\u00ea&#8217; poder\u00e1 ser proibida pelos executivos do canal de comer durante a atra\u00e7\u00e3o, por conta de um pequeno acidente que aconteceu h\u00e1 alguns dias no programa e preocupou toda a produ\u00e7\u00e3o.<\/p>\n\n\n\n<h2 class=\"wp-block-heading\">Veja tamb\u00e9m<\/h2>\n\n\n<ul class=\"wp-block-latest-posts__list is-grid columns-3 aligncenter wp-block-latest-posts\"><li><div class=\"wp-block-latest-posts__featured-image aligncenter\"><a href=\"https:\/\/portalpopmais.com.br\/en\/rumores-apontam-possivel-fim-do-programa-a-tarde-e-sua-de-sonia-abrao\/\" aria-label=\"Rumores apontam poss\u00edvel fim do programa \u201cA Tarde \u00e9 Sua\u201d, de S\u00f4nia Abr\u00e3o\"><img loading=\"lazy\" decoding=\"async\" width=\"768\" height=\"456\" src=\"https:\/\/portalpopmais.com.br\/wp-content\/uploads\/2022\/11\/A8A90AF0-C316-488C-A619-08981EA90058-768x456.jpeg\" class=\"attachment-medium size-medium wp-post-image\" alt=\"S\u00f4nia Abr\u00e3o\" style=\"\" srcset=\"https:\/\/portalpopmais.com.br\/wp-content\/uploads\/2022\/11\/A8A90AF0-C316-488C-A619-08981EA90058-768x456.jpeg 768w, https:\/\/portalpopmais.com.br\/wp-content\/uploads\/2022\/11\/A8A90AF0-C316-488C-A619-08981EA90058-1170x694.jpeg 1170w\" sizes=\"auto, (max-width: 768px) 100vw, 768px\" title=\"\"><\/a><\/div><a class=\"wp-block-latest-posts__post-title\" href=\"https:\/\/portalpopmais.com.br\/en\/rumores-apontam-possivel-fim-do-programa-a-tarde-e-sua-de-sonia-abrao\/\">Rumores apontam poss\u00edvel fim do programa \u201cA Tarde \u00e9 Sua\u201d, de S\u00f4nia Abr\u00e3o<\/a><\/li>\n<li><div class=\"wp-block-latest-posts__featured-image aligncenter\"><a href=\"https:\/\/portalpopmais.com.br\/en\/regina-duarte-sobre-retorno-as-novelas-so-volto-se-for-irrecusavel\/\" aria-label=\"Regina Duarte sobre retorno \u00e0s novelas: \u2018S\u00f3 volto se for irrecus\u00e1vel\u2019\"><img loading=\"lazy\" decoding=\"async\" width=\"768\" height=\"456\" src=\"https:\/\/portalpopmais.com.br\/wp-content\/uploads\/2021\/01\/Regina-Duarte-vacina-768x456.jpg\" class=\"attachment-medium size-medium wp-post-image\" alt=\"Regina Duarte\" style=\"\" srcset=\"https:\/\/portalpopmais.com.br\/wp-content\/uploads\/2021\/01\/Regina-Duarte-vacina-768x456.jpg 768w, https:\/\/portalpopmais.com.br\/wp-content\/uploads\/2021\/01\/Regina-Duarte-vacina-1170x694.jpg 1170w\" sizes=\"auto, (max-width: 768px) 100vw, 768px\" title=\"\"><\/a><\/div><a class=\"wp-block-latest-posts__post-title\" href=\"https:\/\/portalpopmais.com.br\/en\/regina-duarte-sobre-retorno-as-novelas-so-volto-se-for-irrecusavel\/\">Regina Duarte sobre retorno \u00e0s novelas: \u2018S\u00f3 volto se for irrecus\u00e1vel\u2019<\/a><\/li>\n<li><div class=\"wp-block-latest-posts__featured-image aligncenter\"><a href=\"https:\/\/portalpopmais.com.br\/en\/comentarista-da-record-richard-rytenband-morre-aos-45-anos\/\" aria-label=\"Comentarista da RECORD, Richard Rytenband morre aos 45 anos\"><img loading=\"lazy\" decoding=\"async\" width=\"768\" height=\"456\" src=\"https:\/\/portalpopmais.com.br\/wp-content\/uploads\/2026\/04\/richard-rytenband-morreu-aos-45-anos-apos-luta-contra-o-cancer-768x456.webp\" class=\"attachment-medium size-medium wp-post-image\" alt=\"richard rytenband morreu aos 45 anos apos luta contra o cancer\" style=\"\" srcset=\"https:\/\/portalpopmais.com.br\/wp-content\/uploads\/2026\/04\/richard-rytenband-morreu-aos-45-anos-apos-luta-contra-o-cancer-768x456.webp 768w, https:\/\/portalpopmais.com.br\/wp-content\/uploads\/2026\/04\/richard-rytenband-morreu-aos-45-anos-apos-luta-contra-o-cancer-18x12.webp 18w\" sizes=\"auto, (max-width: 768px) 100vw, 768px\" title=\"\"><\/a><\/div><a class=\"wp-block-latest-posts__post-title\" href=\"https:\/\/portalpopmais.com.br\/en\/comentarista-da-record-richard-rytenband-morre-aos-45-anos\/\">Comentarista da RECORD, Richard Rytenband morre aos 45 anos<\/a><\/li>\n<li><div class=\"wp-block-latest-posts__featured-image aligncenter\"><a href=\"https:\/\/portalpopmais.com.br\/en\/tia-milena-pode-apresentar-programa-no-sbt\/\" aria-label=\"Tia Milena pode apresentar programa no SBT\"><img loading=\"lazy\" decoding=\"async\" width=\"768\" height=\"456\" src=\"https:\/\/portalpopmais.com.br\/wp-content\/uploads\/2026\/04\/milena-bbb-26-768x456.png\" class=\"attachment-medium size-medium wp-post-image\" alt=\"milena bbb 26\" style=\"\" srcset=\"https:\/\/portalpopmais.com.br\/wp-content\/uploads\/2026\/04\/milena-bbb-26-768x456.png 768w, https:\/\/portalpopmais.com.br\/wp-content\/uploads\/2026\/04\/milena-bbb-26-18x12.png 18w\" sizes=\"auto, (max-width: 768px) 100vw, 768px\" title=\"\"><\/a><\/div><a class=\"wp-block-latest-posts__post-title\" href=\"https:\/\/portalpopmais.com.br\/en\/tia-milena-pode-apresentar-programa-no-sbt\/\">Tia Milena pode apresentar programa no SBT<\/a><\/li>\n<li><div class=\"wp-block-latest-posts__featured-image aligncenter\"><a href=\"https:\/\/portalpopmais.com.br\/en\/em-meio-a-crise-de-imagem-globo-renova-contrato-de-marcos-mion\/\" aria-label=\"Em meio \u00e0 crise de imagem, Globo renova contrato de Marcos Mion\"><img loading=\"lazy\" decoding=\"async\" width=\"768\" height=\"456\" src=\"https:\/\/portalpopmais.com.br\/wp-content\/uploads\/2021\/02\/Marcos-Mion-No-Limite-1-768x456.jpg\" class=\"attachment-medium size-medium wp-post-image\" alt=\"Marcos Mion-No-Limite\" style=\"\" title=\"\"><\/a><\/div><a class=\"wp-block-latest-posts__post-title\" href=\"https:\/\/portalpopmais.com.br\/en\/em-meio-a-crise-de-imagem-globo-renova-contrato-de-marcos-mion\/\">Em meio \u00e0 crise de imagem, Globo renova contrato de Marcos Mion<\/a><\/li>\n<li><div class=\"wp-block-latest-posts__featured-image aligncenter\"><a href=\"https:\/\/portalpopmais.com.br\/en\/ex-coordenadora-do-jornal-nacional-selma-rita-severo-lins-morre-aos-73-anos\/\" aria-label=\"Ex-coordenadora do Jornal Nacional, Selma Rita Severo Lins morre aos 73 anos\"><img loading=\"lazy\" decoding=\"async\" width=\"768\" height=\"456\" src=\"https:\/\/portalpopmais.com.br\/wp-content\/uploads\/2026\/04\/design-sem-nome-2026-04-18t165815-167-1iusolaha62wp-768x456.png\" class=\"attachment-medium size-medium wp-post-image\" alt=\"design sem nome 2026 04 18t165815 167 1iusolaha62wp\" style=\"\" srcset=\"https:\/\/portalpopmais.com.br\/wp-content\/uploads\/2026\/04\/design-sem-nome-2026-04-18t165815-167-1iusolaha62wp-768x456.png 768w, https:\/\/portalpopmais.com.br\/wp-content\/uploads\/2026\/04\/design-sem-nome-2026-04-18t165815-167-1iusolaha62wp-1170x694.png 1170w, https:\/\/portalpopmais.com.br\/wp-content\/uploads\/2026\/04\/design-sem-nome-2026-04-18t165815-167-1iusolaha62wp-18x10.png 18w\" sizes=\"auto, (max-width: 768px) 100vw, 768px\" title=\"\"><\/a><\/div><a class=\"wp-block-latest-posts__post-title\" href=\"https:\/\/portalpopmais.com.br\/en\/ex-coordenadora-do-jornal-nacional-selma-rita-severo-lins-morre-aos-73-anos\/\">Ex-coordenadora do Jornal Nacional, Selma Rita Severo Lins morre aos 73 anos<\/a><\/li>\n<\/ul>\n\n\n<p>Na semana passada, Ana Maria acabou engasgando ao vivo, preocupando f\u00e3s e a equipe do matinal. Ela nem ao menos conseguiu encerrar o programa, e agora \u00e9 motivo de reuni\u00f5es internas na Globo.<\/p>\n\n\n\n<p>Na vis\u00e3o de Sonia Abr\u00e3o, proibir Ana de comer no &#8216;Mais Voc\u00ea&#8217; \u00e9 completamente inadmiss\u00edvel, uma vez que o programa traz quadros de culin\u00e1ria. <em>&#8220;Eles est\u00e3o querendo desestabilizar a Ana. Mas \u00e9 s\u00f3 falar com os patrocinadores que eu quero ver at\u00e9 onde que vai com essa gracinha pra cima dela&#8221;,<\/em> iniciou<\/p>\n\n\n\n<p><em>&#8220;O programa \u00e9 sensorial, foi assim que ela se consagrou na culin\u00e1ria, fazer &#8216;humm&#8217;, passar por debaixo da mesa, colocar os cachorros pra latir, porque ela experimentava, ela passava pra gente e passa o que t\u00e1 gostoso de verdade. Ela deixa todo mundo em casa com \u00e1gua na boca e querendo experimentar aquele mesmo prato. Agora ela n\u00e3o vai poder experimentar o que ela faz na cozinha dela? Brincadeira sabe. Isso \u00e9 uma coisa de extremo mal gosto de algu\u00e9m que quer prejudicar n\u00e3o uma s\u00f3 profissional, mas todo um esquema de trabalho&#8221;<\/em>, completou Sonia Abr\u00e3o.<\/p>","protected":false},"excerpt":{"rendered":"<p>A apresentadora Sonia Abr\u00e3o usou seu programa &#8220;A Tarde \u00c9 Sua&#8221;, na Rede TV!, para detonar o alto escal\u00e3o da Globo, ap\u00f3s tomar conhecimento de uma decis\u00e3o da emissora l\u00edder de audi\u00eancia em rela\u00e7\u00e3o a Ana Maria Braga. De acordo com o colunista Alessandro Lo Bianco, a anfitri\u00e3 do &#8216;Mais Voc\u00ea&#8217; poder\u00e1 ser proibida pelos [&hellip;]<\/p>\n","protected":false},"author":2,"featured_media":117974,"comment_status":"closed","ping_status":"open","sticky":false,"template":"","format":"standard","meta":{"footnotes":""},"categories":[181],"tags":[179,778],"class_list":["post-117972","post","type-post","status-publish","format-standard","has-post-thumbnail","hentry","category-televisao","tag-ana-maria-braga","tag-sonia-abrao"],"_links":{"self":[{"href":"https:\/\/portalpopmais.com.br\/en\/wp-json\/wp\/v2\/posts\/117972","targetHints":{"allow":["GET"]}}],"collection":[{"href":"https:\/\/portalpopmais.com.br\/en\/wp-json\/wp\/v2\/posts"}],"about":[{"href":"https:\/\/portalpopmais.com.br\/en\/wp-json\/wp\/v2\/types\/post"}],"author":[{"embeddable":true,"href":"https:\/\/portalpopmais.com.br\/en\/wp-json\/wp\/v2\/users\/2"}],"replies":[{"embeddable":true,"href":"https:\/\/portalpopmais.com.br\/en\/wp-json\/wp\/v2\/comments?post=117972"}],"version-history":[{"count":0,"href":"https:\/\/portalpopmais.com.br\/en\/wp-json\/wp\/v2\/posts\/117972\/revisions"}],"wp:featuredmedia":[{"embeddable":true,"href":"https:\/\/portalpopmais.com.br\/en\/wp-json\/wp\/v2\/media\/117974"}],"wp:attachment":[{"href":"https:\/\/portalpopmais.com.br\/en\/wp-json\/wp\/v2\/media?parent=117972"}],"wp:term":[{"taxonomy":"category","embeddable":true,"href":"https:\/\/portalpopmais.com.br\/en\/wp-json\/wp\/v2\/categories?post=117972"},{"taxonomy":"post_tag","embeddable":true,"href":"https:\/\/portalpopmais.com.br\/en\/wp-json\/wp\/v2\/tags?post=117972"}],"curies":[{"name":"wp","href":"https:\/\/api.w.org\/{rel}","templated":true}]}}