{"id":118205,"date":"2022-05-26T11:46:39","date_gmt":"2022-05-26T14:46:39","guid":{"rendered":"https:\/\/portalpopmais.com.br\/?p=118205"},"modified":"2022-05-26T11:46:47","modified_gmt":"2022-05-26T14:46:47","slug":"power-couple-pai-mc-gui-joga-agua-rosto-cartolouco","status":"publish","type":"post","link":"https:\/\/portalpopmais.com.br\/en\/power-couple-pai-mc-gui-joga-agua-rosto-cartolouco\/","title":{"rendered":"Power Couple Brasil: Pai de MC Gui atira copo d&#8217;\u00e1gua no rosto de Cartolouco: &#8220;Assume seus B.O.&#8221;; veja v\u00eddeo"},"content":{"rendered":"<p><strong><a href=\"https:\/\/portalpopmais.com.br\/en\/nude-matheus-sampaio\/\" data-type=\"post\" data-id=\"117888\">Rog\u00e9rio Silva<\/a><\/strong>, pai do funkeiro MC Gui, protagonizou um barraco com <strong><a href=\"https:\/\/www.instagram.com\/cartolouco\/\" target=\"_blank\" rel=\"noreferrer noopener\">Cartolouco<\/a><\/strong>, na madrugada desta quinta-feira (26), no <strong><a href=\"https:\/\/portalpopmais.com.br\/en\/power-coupla-hadbala-parte-pra-cima-matheus\/\" target=\"_blank\" data-type=\"post\" data-id=\"115716\" rel=\"noreferrer noopener\">Power Couple Brasil<\/a><\/strong>. <\/p>\n\n\n\n<p>O clima, pesad\u00edssimo, ficou ainda pior ap\u00f3s Rog\u00e9rio jogar um copo de \u00e1gua no rosto do ex-participante de &#8220;A Fazenda&#8221;. A briga come\u00e7ou ap\u00b4\u00f3s a forma\u00e7\u00e3o da nova DR, que come\u00e7ou entre Brenda Paix\u00e3o e Gabi Augusto, mas foi generalizando.<\/p>\n\n\n\n<h2 class=\"wp-block-heading\">Veja tamb\u00e9m<\/h2>\n\n\n<ul class=\"wp-block-latest-posts__list is-grid columns-3 aligncenter wp-block-latest-posts\"><li><div class=\"wp-block-latest-posts__featured-image aligncenter\"><a href=\"https:\/\/portalpopmais.com.br\/en\/jonas-sulzbach-acusa-edicao-do-bbb-de-ser-tendenciosa\/\" aria-label=\"Jonas Sulzbach acusa edi\u00e7\u00e3o do BBB de ser tendenciosa\"><img loading=\"lazy\" decoding=\"async\" width=\"768\" height=\"450\" src=\"https:\/\/portalpopmais.com.br\/wp-content\/uploads\/2026\/03\/jonas-eliminado-bbb-26-768x450.jpg\" class=\"attachment-medium size-medium wp-post-image\" alt=\"jonas eliminado bbb 26\" style=\"\" srcset=\"https:\/\/portalpopmais.com.br\/wp-content\/uploads\/2026\/03\/jonas-eliminado-bbb-26-768x450.jpg 768w, https:\/\/portalpopmais.com.br\/wp-content\/uploads\/2026\/03\/jonas-eliminado-bbb-26-18x10.jpg 18w\" sizes=\"auto, (max-width: 768px) 100vw, 768px\" title=\"\"><\/a><\/div><a class=\"wp-block-latest-posts__post-title\" href=\"https:\/\/portalpopmais.com.br\/en\/jonas-sulzbach-acusa-edicao-do-bbb-de-ser-tendenciosa\/\">Jonas Sulzbach acusa edi\u00e7\u00e3o do BBB de ser tendenciosa<\/a><\/li>\n<li><div class=\"wp-block-latest-posts__featured-image aligncenter\"><a href=\"https:\/\/portalpopmais.com.br\/en\/samira-quebra-o-silencio-sobre-o-fim-da-amizade-com-juliano-floss\/\" aria-label=\"Samira quebra o sil\u00eancio sobre o fim da amizade com Juliano Floss\"><img loading=\"lazy\" decoding=\"async\" width=\"768\" height=\"456\" src=\"https:\/\/portalpopmais.com.br\/wp-content\/uploads\/2026\/04\/samira-fala-fim-amizade-juliano-floss-768x456.png\" class=\"attachment-medium size-medium wp-post-image\" alt=\"samira fala fim amizade juliano floss\" style=\"\" srcset=\"https:\/\/portalpopmais.com.br\/wp-content\/uploads\/2026\/04\/samira-fala-fim-amizade-juliano-floss-768x456.png 768w, https:\/\/portalpopmais.com.br\/wp-content\/uploads\/2026\/04\/samira-fala-fim-amizade-juliano-floss-18x10.png 18w\" sizes=\"auto, (max-width: 768px) 100vw, 768px\" title=\"\"><\/a><\/div><a class=\"wp-block-latest-posts__post-title\" href=\"https:\/\/portalpopmais.com.br\/en\/samira-quebra-o-silencio-sobre-o-fim-da-amizade-com-juliano-floss\/\">Samira quebra o sil\u00eancio sobre o fim da amizade com Juliano Floss<\/a><\/li>\n<li><div class=\"wp-block-latest-posts__featured-image aligncenter\"><a href=\"https:\/\/portalpopmais.com.br\/en\/tudo-o-que-voce-precisa-saber-sobre-a-casa-do-patrao-novo-reality-da-record\/\" aria-label=\"Tudo o que voc\u00ea precisa saber sobre a &#8220;Casa do Patr\u00e3o&#8221;, novo reality da RECORD\"><img loading=\"lazy\" decoding=\"async\" width=\"768\" height=\"456\" src=\"https:\/\/portalpopmais.com.br\/wp-content\/uploads\/2026\/03\/Leandro-Hassum-confirmado-apresentador-casa-do-patrao-768x456.png\" class=\"attachment-medium size-medium wp-post-image\" alt=\"Leandro Hassum confirmado apresentador casa do patr\u00e3o\" style=\"\" srcset=\"https:\/\/portalpopmais.com.br\/wp-content\/uploads\/2026\/03\/Leandro-Hassum-confirmado-apresentador-casa-do-patrao-768x456.png 768w, https:\/\/portalpopmais.com.br\/wp-content\/uploads\/2026\/03\/Leandro-Hassum-confirmado-apresentador-casa-do-patrao-18x10.png 18w\" sizes=\"auto, (max-width: 768px) 100vw, 768px\" title=\"\"><\/a><\/div><a class=\"wp-block-latest-posts__post-title\" href=\"https:\/\/portalpopmais.com.br\/en\/tudo-o-que-voce-precisa-saber-sobre-a-casa-do-patrao-novo-reality-da-record\/\">Tudo o que voc\u00ea precisa saber sobre a &#8220;Casa do Patr\u00e3o&#8221;, novo reality da RECORD<\/a><\/li>\n<li><div class=\"wp-block-latest-posts__featured-image aligncenter\"><a href=\"https:\/\/portalpopmais.com.br\/en\/final-do-bbb-26-registra-baixa-audiencia-e-acende-alerta-na-globo\/\" aria-label=\"Final do BBB 26 registra baixa audi\u00eancia e acende alerta na Globo\"><img loading=\"lazy\" decoding=\"async\" width=\"768\" height=\"456\" src=\"https:\/\/portalpopmais.com.br\/wp-content\/uploads\/2026\/04\/juliano-floss-ana-paula-renault-e-milena-768x456.webp\" class=\"attachment-medium size-medium wp-post-image\" alt=\"juliano floss ana paula renault e milena\" style=\"\" srcset=\"https:\/\/portalpopmais.com.br\/wp-content\/uploads\/2026\/04\/juliano-floss-ana-paula-renault-e-milena-768x456.webp 768w, https:\/\/portalpopmais.com.br\/wp-content\/uploads\/2026\/04\/juliano-floss-ana-paula-renault-e-milena-18x12.webp 18w\" sizes=\"auto, (max-width: 768px) 100vw, 768px\" title=\"\"><\/a><\/div><a class=\"wp-block-latest-posts__post-title\" href=\"https:\/\/portalpopmais.com.br\/en\/final-do-bbb-26-registra-baixa-audiencia-e-acende-alerta-na-globo\/\">Final do BBB 26 registra baixa audi\u00eancia e acende alerta na Globo<\/a><\/li>\n<li><div class=\"wp-block-latest-posts__featured-image aligncenter\"><a href=\"https:\/\/portalpopmais.com.br\/en\/ana-paula-renault-vence-o-bbb-26-e-leva-premio-milionario-saiba-quanto\/\" aria-label=\"Ana Paula Renault vence o BBB 26 e leva pr\u00eamio milion\u00e1rio; saiba quanto\"><img loading=\"lazy\" decoding=\"async\" width=\"768\" height=\"450\" src=\"https:\/\/portalpopmais.com.br\/wp-content\/uploads\/2026\/03\/ana-paula-lider-bbb-26-768x450.jpg\" class=\"attachment-medium size-medium wp-post-image\" alt=\"ana paula lider bbb 26\" style=\"\" srcset=\"https:\/\/portalpopmais.com.br\/wp-content\/uploads\/2026\/03\/ana-paula-lider-bbb-26-768x450.jpg 768w, https:\/\/portalpopmais.com.br\/wp-content\/uploads\/2026\/03\/ana-paula-lider-bbb-26-18x10.jpg 18w\" sizes=\"auto, (max-width: 768px) 100vw, 768px\" title=\"\"><\/a><\/div><a class=\"wp-block-latest-posts__post-title\" href=\"https:\/\/portalpopmais.com.br\/en\/ana-paula-renault-vence-o-bbb-26-e-leva-premio-milionario-saiba-quanto\/\">Ana Paula Renault vence o BBB 26 e leva pr\u00eamio milion\u00e1rio; saiba quanto<\/a><\/li>\n<li><div class=\"wp-block-latest-posts__featured-image aligncenter\"><a href=\"https:\/\/portalpopmais.com.br\/en\/maior-treta-de-ana-paula-renault-no-bbb-26-foi-por-causa-do-pai\/\" aria-label=\"Maior treta de Ana Paula Renault no BBB 26 foi por causa do pai\"><img loading=\"lazy\" decoding=\"async\" width=\"768\" height=\"456\" src=\"https:\/\/portalpopmais.com.br\/wp-content\/uploads\/2026\/04\/ana-paula-renault-768x456.png\" class=\"attachment-medium size-medium wp-post-image\" alt=\"ana paula renault\" style=\"\" srcset=\"https:\/\/portalpopmais.com.br\/wp-content\/uploads\/2026\/04\/ana-paula-renault-768x456.png 768w, https:\/\/portalpopmais.com.br\/wp-content\/uploads\/2026\/04\/ana-paula-renault-18x12.png 18w\" sizes=\"auto, (max-width: 768px) 100vw, 768px\" title=\"\"><\/a><\/div><a class=\"wp-block-latest-posts__post-title\" href=\"https:\/\/portalpopmais.com.br\/en\/maior-treta-de-ana-paula-renault-no-bbb-26-foi-por-causa-do-pai\/\">Maior treta de Ana Paula Renault no BBB 26 foi por causa do pai<\/a><\/li>\n<\/ul>\n\n\n<p><em>&#8220;Do lado de voc\u00eas tamb\u00e9m teve conspira\u00e7\u00e3o, voc\u00eas combinam aposta&#8221;<\/em>, acusou Rog\u00e9rio. &#8220;<em>N\u00f3s n\u00e3o combinamos nada&#8221;<\/em>, negou Cartolouco. A treta seguiu, com Lucas Strabko evitando dizer abertamente que havia questionado a vit\u00f3ria de Mussunzinho e Karol Menezes em uma prova.<\/p>\n\n\n\n<p><em>&#8220;Fala para o p\u00fablico que n\u00e3o falou!&#8221;,<\/em> provocou Rog\u00e9rio. Cartolouco, por sua vez, respondeu que &#8220;pode ter falado&#8221;. Rog\u00e9rio, ent\u00e3o, joga \u00e1gua no rosto do participante. <em> Pode ter falado? Ah, assume seus BO, cara!&#8221;, <\/em>disparou o pai de MC Gui. <\/p>\n\n\n\n<p>Assista:<\/p>\n\n\n\n<figure class=\"wp-block-embed is-type-rich is-provider-twitter wp-block-embed-twitter\"><div class=\"wp-block-embed__wrapper\">\n<blockquote class=\"twitter-tweet\" data-width=\"550\" data-dnt=\"true\"><p lang=\"qme\" dir=\"ltr\"><a href=\"https:\/\/twitter.com\/hashtag\/PowerCouple?src=hash&amp;ref_src=twsrc%5Etfw\" target=\"_blank\" rel=\"noopener\">#PowerCouple<\/a> <a href=\"https:\/\/t.co\/p7rQitVHjR\">pic.twitter.com\/p7rQitVHjR<\/a><\/p>&mdash; Comenta Reality (@Coment1Reality) <a href=\"https:\/\/twitter.com\/Coment1Reality\/status\/1529697895347273729?ref_src=twsrc%5Etfw\" target=\"_blank\" rel=\"noopener\">May 26, 2022<\/a><\/blockquote><script async src=\"https:\/\/platform.twitter.com\/widgets.js\" charset=\"utf-8\"><\/script>\n<\/div><\/figure>","protected":false},"excerpt":{"rendered":"<p>Rog\u00e9rio Silva, pai do funkeiro MC Gui, protagonizou um barraco com Cartolouco, na madrugada desta quinta-feira (26), no Power Couple Brasil. O clima, pesad\u00edssimo, ficou ainda pior ap\u00f3s Rog\u00e9rio jogar um copo de \u00e1gua no rosto do ex-participante de &#8220;A Fazenda&#8221;. A briga come\u00e7ou ap\u00b4\u00f3s a forma\u00e7\u00e3o da nova DR, que come\u00e7ou entre Brenda Paix\u00e3o [&hellip;]<\/p>\n","protected":false},"author":2,"featured_media":118207,"comment_status":"closed","ping_status":"open","sticky":false,"template":"","format":"standard","meta":{"footnotes":""},"categories":[8605],"tags":[2441,8602],"class_list":["post-118205","post","type-post","status-publish","format-standard","has-post-thumbnail","hentry","category-realities","tag-cartolouco","tag-power-couple-brasil"],"_links":{"self":[{"href":"https:\/\/portalpopmais.com.br\/en\/wp-json\/wp\/v2\/posts\/118205","targetHints":{"allow":["GET"]}}],"collection":[{"href":"https:\/\/portalpopmais.com.br\/en\/wp-json\/wp\/v2\/posts"}],"about":[{"href":"https:\/\/portalpopmais.com.br\/en\/wp-json\/wp\/v2\/types\/post"}],"author":[{"embeddable":true,"href":"https:\/\/portalpopmais.com.br\/en\/wp-json\/wp\/v2\/users\/2"}],"replies":[{"embeddable":true,"href":"https:\/\/portalpopmais.com.br\/en\/wp-json\/wp\/v2\/comments?post=118205"}],"version-history":[{"count":0,"href":"https:\/\/portalpopmais.com.br\/en\/wp-json\/wp\/v2\/posts\/118205\/revisions"}],"wp:featuredmedia":[{"embeddable":true,"href":"https:\/\/portalpopmais.com.br\/en\/wp-json\/wp\/v2\/media\/118207"}],"wp:attachment":[{"href":"https:\/\/portalpopmais.com.br\/en\/wp-json\/wp\/v2\/media?parent=118205"}],"wp:term":[{"taxonomy":"category","embeddable":true,"href":"https:\/\/portalpopmais.com.br\/en\/wp-json\/wp\/v2\/categories?post=118205"},{"taxonomy":"post_tag","embeddable":true,"href":"https:\/\/portalpopmais.com.br\/en\/wp-json\/wp\/v2\/tags?post=118205"}],"curies":[{"name":"wp","href":"https:\/\/api.w.org\/{rel}","templated":true}]}}