{"id":118401,"date":"2022-05-27T11:18:34","date_gmt":"2022-05-27T14:18:34","guid":{"rendered":"https:\/\/portalpopmais.com.br\/?p=118401"},"modified":"2022-05-27T11:18:43","modified_gmt":"2022-05-27T14:18:43","slug":"power-couple-rogerio-baronesa-desistem","status":"publish","type":"post","link":"https:\/\/portalpopmais.com.br\/en\/power-couple-rogerio-baronesa-desistem\/","title":{"rendered":"V\u00eddeo: Surto no &#8216;Power Couple&#8217;! Rog\u00e9rio pega vaso para arremessar em Cartolouco; pais de MC Gui desistem do reality"},"content":{"rendered":"<p>Nessa madrugada (27) foi a vez de <strong>Rog\u00e9rio da Silva Alves<\/strong> e <strong>Cl\u00e1udia Baronesa<\/strong> desistirem do <strong><a href=\"https:\/\/portalpopmais.com.br\/en\/power-couple-pai-mc-gui-joga-agua-rosto-cartolouco\/\" target=\"_blank\" data-type=\"post\" data-id=\"118205\" rel=\"noreferrer noopener\">Power Couple<\/a><\/strong> Brasil. De acordo com informa\u00e7\u00f5es do site Em Off, familiares e amigos pr\u00f3ximos confirmaram a desist\u00eancia do casal, que j\u00e1 esta a caminho de <a href=\"http:\/\/instagram.com\/portalpopmais\" target=\"_blank\" rel=\"noreferrer noopener\">casa<\/a>. <\/p>\n\n\n\n<p>A not\u00edcia caiu como uma bomba para todos os f\u00e3s que esperavam ver o casal na final do reality, afinal, Rog\u00e9rio entrou com sangue nos olhos e sempre entregou muito de si nas provas, mostrando que estava disposto a lutar pelo pr\u00eamio.<\/p>\n\n\n\n<h2 class=\"wp-block-heading\">Veja tamb\u00e9m<\/h2>\n\n\n<ul class=\"wp-block-latest-posts__list is-grid columns-3 wp-block-latest-posts\"><li><div class=\"wp-block-latest-posts__featured-image aligncenter\"><a href=\"https:\/\/portalpopmais.com.br\/en\/jonas-sulzbach-acusa-edicao-do-bbb-de-ser-tendenciosa\/\" aria-label=\"Jonas Sulzbach acusa edi\u00e7\u00e3o do BBB de ser tendenciosa\"><img loading=\"lazy\" decoding=\"async\" width=\"768\" height=\"450\" src=\"https:\/\/portalpopmais.com.br\/wp-content\/uploads\/2026\/03\/jonas-eliminado-bbb-26-768x450.jpg\" class=\"attachment-medium size-medium wp-post-image\" alt=\"jonas eliminado bbb 26\" style=\"\" srcset=\"https:\/\/portalpopmais.com.br\/wp-content\/uploads\/2026\/03\/jonas-eliminado-bbb-26-768x450.jpg 768w, https:\/\/portalpopmais.com.br\/wp-content\/uploads\/2026\/03\/jonas-eliminado-bbb-26-18x10.jpg 18w\" sizes=\"auto, (max-width: 768px) 100vw, 768px\" title=\"\"><\/a><\/div><a class=\"wp-block-latest-posts__post-title\" href=\"https:\/\/portalpopmais.com.br\/en\/jonas-sulzbach-acusa-edicao-do-bbb-de-ser-tendenciosa\/\">Jonas Sulzbach acusa edi\u00e7\u00e3o do BBB de ser tendenciosa<\/a><\/li>\n<li><div class=\"wp-block-latest-posts__featured-image aligncenter\"><a href=\"https:\/\/portalpopmais.com.br\/en\/rumores-apontam-possivel-fim-do-programa-a-tarde-e-sua-de-sonia-abrao\/\" aria-label=\"Rumores apontam poss\u00edvel fim do programa \u201cA Tarde \u00e9 Sua\u201d, de S\u00f4nia Abr\u00e3o\"><img loading=\"lazy\" decoding=\"async\" width=\"768\" height=\"456\" src=\"https:\/\/portalpopmais.com.br\/wp-content\/uploads\/2022\/11\/A8A90AF0-C316-488C-A619-08981EA90058-768x456.jpeg\" class=\"attachment-medium size-medium wp-post-image\" alt=\"S\u00f4nia Abr\u00e3o\" style=\"\" srcset=\"https:\/\/portalpopmais.com.br\/wp-content\/uploads\/2022\/11\/A8A90AF0-C316-488C-A619-08981EA90058-768x456.jpeg 768w, https:\/\/portalpopmais.com.br\/wp-content\/uploads\/2022\/11\/A8A90AF0-C316-488C-A619-08981EA90058-1170x694.jpeg 1170w\" sizes=\"auto, (max-width: 768px) 100vw, 768px\" title=\"\"><\/a><\/div><a class=\"wp-block-latest-posts__post-title\" href=\"https:\/\/portalpopmais.com.br\/en\/rumores-apontam-possivel-fim-do-programa-a-tarde-e-sua-de-sonia-abrao\/\">Rumores apontam poss\u00edvel fim do programa \u201cA Tarde \u00e9 Sua\u201d, de S\u00f4nia Abr\u00e3o<\/a><\/li>\n<li><div class=\"wp-block-latest-posts__featured-image aligncenter\"><a href=\"https:\/\/portalpopmais.com.br\/en\/regina-duarte-sobre-retorno-as-novelas-so-volto-se-for-irrecusavel\/\" aria-label=\"Regina Duarte sobre retorno \u00e0s novelas: \u2018S\u00f3 volto se for irrecus\u00e1vel\u2019\"><img loading=\"lazy\" decoding=\"async\" width=\"768\" height=\"456\" src=\"https:\/\/portalpopmais.com.br\/wp-content\/uploads\/2021\/01\/Regina-Duarte-vacina-768x456.jpg\" class=\"attachment-medium size-medium wp-post-image\" alt=\"Regina Duarte\" style=\"\" srcset=\"https:\/\/portalpopmais.com.br\/wp-content\/uploads\/2021\/01\/Regina-Duarte-vacina-768x456.jpg 768w, https:\/\/portalpopmais.com.br\/wp-content\/uploads\/2021\/01\/Regina-Duarte-vacina-1170x694.jpg 1170w\" sizes=\"auto, (max-width: 768px) 100vw, 768px\" title=\"\"><\/a><\/div><a class=\"wp-block-latest-posts__post-title\" href=\"https:\/\/portalpopmais.com.br\/en\/regina-duarte-sobre-retorno-as-novelas-so-volto-se-for-irrecusavel\/\">Regina Duarte sobre retorno \u00e0s novelas: \u2018S\u00f3 volto se for irrecus\u00e1vel\u2019<\/a><\/li>\n<li><div class=\"wp-block-latest-posts__featured-image aligncenter\"><a href=\"https:\/\/portalpopmais.com.br\/en\/comentarista-da-record-richard-rytenband-morre-aos-45-anos\/\" aria-label=\"Comentarista da RECORD, Richard Rytenband morre aos 45 anos\"><img loading=\"lazy\" decoding=\"async\" width=\"768\" height=\"456\" src=\"https:\/\/portalpopmais.com.br\/wp-content\/uploads\/2026\/04\/richard-rytenband-morreu-aos-45-anos-apos-luta-contra-o-cancer-768x456.webp\" class=\"attachment-medium size-medium wp-post-image\" alt=\"richard rytenband morreu aos 45 anos apos luta contra o cancer\" style=\"\" srcset=\"https:\/\/portalpopmais.com.br\/wp-content\/uploads\/2026\/04\/richard-rytenband-morreu-aos-45-anos-apos-luta-contra-o-cancer-768x456.webp 768w, https:\/\/portalpopmais.com.br\/wp-content\/uploads\/2026\/04\/richard-rytenband-morreu-aos-45-anos-apos-luta-contra-o-cancer-18x12.webp 18w\" sizes=\"auto, (max-width: 768px) 100vw, 768px\" title=\"\"><\/a><\/div><a class=\"wp-block-latest-posts__post-title\" href=\"https:\/\/portalpopmais.com.br\/en\/comentarista-da-record-richard-rytenband-morre-aos-45-anos\/\">Comentarista da RECORD, Richard Rytenband morre aos 45 anos<\/a><\/li>\n<li><div class=\"wp-block-latest-posts__featured-image aligncenter\"><a href=\"https:\/\/portalpopmais.com.br\/en\/samira-quebra-o-silencio-sobre-o-fim-da-amizade-com-juliano-floss\/\" aria-label=\"Samira quebra o sil\u00eancio sobre o fim da amizade com Juliano Floss\"><img loading=\"lazy\" decoding=\"async\" width=\"768\" height=\"456\" src=\"https:\/\/portalpopmais.com.br\/wp-content\/uploads\/2026\/04\/samira-fala-fim-amizade-juliano-floss-768x456.png\" class=\"attachment-medium size-medium wp-post-image\" alt=\"samira fala fim amizade juliano floss\" style=\"\" srcset=\"https:\/\/portalpopmais.com.br\/wp-content\/uploads\/2026\/04\/samira-fala-fim-amizade-juliano-floss-768x456.png 768w, https:\/\/portalpopmais.com.br\/wp-content\/uploads\/2026\/04\/samira-fala-fim-amizade-juliano-floss-18x10.png 18w\" sizes=\"auto, (max-width: 768px) 100vw, 768px\" title=\"\"><\/a><\/div><a class=\"wp-block-latest-posts__post-title\" href=\"https:\/\/portalpopmais.com.br\/en\/samira-quebra-o-silencio-sobre-o-fim-da-amizade-com-juliano-floss\/\">Samira quebra o sil\u00eancio sobre o fim da amizade com Juliano Floss<\/a><\/li>\n<li><div class=\"wp-block-latest-posts__featured-image aligncenter\"><a href=\"https:\/\/portalpopmais.com.br\/en\/tia-milena-pode-apresentar-programa-no-sbt\/\" aria-label=\"Tia Milena pode apresentar programa no SBT\"><img loading=\"lazy\" decoding=\"async\" width=\"768\" height=\"456\" src=\"https:\/\/portalpopmais.com.br\/wp-content\/uploads\/2026\/04\/milena-bbb-26-768x456.png\" class=\"attachment-medium size-medium wp-post-image\" alt=\"milena bbb 26\" style=\"\" srcset=\"https:\/\/portalpopmais.com.br\/wp-content\/uploads\/2026\/04\/milena-bbb-26-768x456.png 768w, https:\/\/portalpopmais.com.br\/wp-content\/uploads\/2026\/04\/milena-bbb-26-18x12.png 18w\" sizes=\"auto, (max-width: 768px) 100vw, 768px\" title=\"\"><\/a><\/div><a class=\"wp-block-latest-posts__post-title\" href=\"https:\/\/portalpopmais.com.br\/en\/tia-milena-pode-apresentar-programa-no-sbt\/\">Tia Milena pode apresentar programa no SBT<\/a><\/li>\n<\/ul>\n\n\n<p>A treta come\u00e7ou ap\u00f3s o casal, que \u00e9 pai do MC Gui, voltar para o confinamento. Cartolouco, ent\u00e3o, provocou os dois enquanto eles jantavam, gerando uma troca de farpas, que se tornou uma confus\u00e3o generalizada.<\/p>\n\n\n\n<p>Na \u00e1rea externa da mans\u00e3o, Rog\u00e9rio e Cartolouco brigaram feio, o pai de MC Gui chegou a pegar um vaso de plantas para arremessar no ex-global.<\/p>\n\n\n\n<p>Foi preciso a interven\u00e7\u00e3o da produ\u00e7\u00e3o, que trancou o quarto em que a Baronesa estava para n\u00e3o deix\u00e1-la sair. Um seguran\u00e7a tamb\u00e9m ficou a postos dentro da casa.<\/p>\n\n\n\n<figure class=\"wp-block-embed is-type-rich is-provider-twitter wp-block-embed-twitter\"><div class=\"wp-block-embed__wrapper\">\n<blockquote class=\"twitter-tweet\" data-width=\"550\" data-dnt=\"true\"><p lang=\"pt\" dir=\"ltr\">O ROGERIO JOGOU A PLANTA NO QUARTO DO CARTOLOUCO \ud83d\udde3 <a href=\"https:\/\/twitter.com\/hashtag\/PowerCouple?src=hash&amp;ref_src=twsrc%5Etfw\" target=\"_blank\" rel=\"noopener\">#PowerCouple<\/a> <a href=\"https:\/\/t.co\/WQZWJCncXo\">pic.twitter.com\/WQZWJCncXo<\/a><\/p>&mdash; Central Reality (@centralreality) <a href=\"https:\/\/twitter.com\/centralreality\/status\/1530035934288396288?ref_src=twsrc%5Etfw\" target=\"_blank\" rel=\"noopener\">May 27, 2022<\/a><\/blockquote><script async src=\"https:\/\/platform.twitter.com\/widgets.js\" charset=\"utf-8\"><\/script>\n<\/div><\/figure>\n\n\n\n<p>Ap\u00f3s a confus\u00e3o, os envolvidos na treta foram conversar com o psic\u00f3logo, mas Rog\u00e9rio e Baronesa n\u00e3o aguentaram a a press\u00e3o e desistiram da competi\u00e7\u00e3o. <\/p>","protected":false},"excerpt":{"rendered":"<p>Nessa madrugada (27) foi a vez de Rog\u00e9rio da Silva Alves e Cl\u00e1udia Baronesa desistirem do Power Couple Brasil. De acordo com informa\u00e7\u00f5es do site Em Off, familiares e amigos pr\u00f3ximos confirmaram a desist\u00eancia do casal, que j\u00e1 esta a caminho de casa. A not\u00edcia caiu como uma bomba para todos os f\u00e3s que esperavam [&hellip;]<\/p>\n","protected":false},"author":2,"featured_media":118403,"comment_status":"closed","ping_status":"open","sticky":false,"template":"","format":"standard","meta":{"footnotes":""},"categories":[8605],"tags":[7219,8602],"class_list":["post-118401","post","type-post","status-publish","format-standard","has-post-thumbnail","hentry","category-realities","tag-mc-gui","tag-power-couple-brasil"],"_links":{"self":[{"href":"https:\/\/portalpopmais.com.br\/en\/wp-json\/wp\/v2\/posts\/118401","targetHints":{"allow":["GET"]}}],"collection":[{"href":"https:\/\/portalpopmais.com.br\/en\/wp-json\/wp\/v2\/posts"}],"about":[{"href":"https:\/\/portalpopmais.com.br\/en\/wp-json\/wp\/v2\/types\/post"}],"author":[{"embeddable":true,"href":"https:\/\/portalpopmais.com.br\/en\/wp-json\/wp\/v2\/users\/2"}],"replies":[{"embeddable":true,"href":"https:\/\/portalpopmais.com.br\/en\/wp-json\/wp\/v2\/comments?post=118401"}],"version-history":[{"count":0,"href":"https:\/\/portalpopmais.com.br\/en\/wp-json\/wp\/v2\/posts\/118401\/revisions"}],"wp:featuredmedia":[{"embeddable":true,"href":"https:\/\/portalpopmais.com.br\/en\/wp-json\/wp\/v2\/media\/118403"}],"wp:attachment":[{"href":"https:\/\/portalpopmais.com.br\/en\/wp-json\/wp\/v2\/media?parent=118401"}],"wp:term":[{"taxonomy":"category","embeddable":true,"href":"https:\/\/portalpopmais.com.br\/en\/wp-json\/wp\/v2\/categories?post=118401"},{"taxonomy":"post_tag","embeddable":true,"href":"https:\/\/portalpopmais.com.br\/en\/wp-json\/wp\/v2\/tags?post=118401"}],"curies":[{"name":"wp","href":"https:\/\/api.w.org\/{rel}","templated":true}]}}