{"id":118649,"date":"2022-05-29T15:44:30","date_gmt":"2022-05-29T18:44:30","guid":{"rendered":"https:\/\/portalpopmais.com.br\/?p=118649"},"modified":"2022-05-29T15:44:35","modified_gmt":"2022-05-29T18:44:35","slug":"globo-aumenta-salario-de-ana-maria-braga","status":"publish","type":"post","link":"https:\/\/portalpopmais.com.br\/en\/globo-aumenta-salario-de-ana-maria-braga\/","title":{"rendered":"Globo aumenta sal\u00e1rio de Ana Maria Braga ap\u00f3s mudan\u00e7as; veja valores"},"content":{"rendered":"<p>Rainha das manh\u00e3s na TV brasileira, <strong><a href=\"https:\/\/portalpopmais.com.br\/en\/sonia-abrao-defende-ana-maria-braga-globo-proibe-comer-no-ar\/\" target=\"_blank\" data-type=\"post\" data-id=\"117972\" rel=\"noreferrer noopener\">Ana Maria Braga<\/a><\/strong> receber\u00e1 um aumento salarial a partir de julho, logo ap\u00f3s a mudan\u00e7a de hor\u00e1rio do programa <a href=\"http:\/\/instagram.com\/portalpopmais\" target=\"_blank\" rel=\"noreferrer noopener\">&#8220;Mais Voc\u00ea&#8221;<\/a>.<\/p>\n\n\n\n<p>Na semana passada, a Globo anunciou que o programa capitaneado pela loir\u00e1 trocar\u00e1 de hor\u00e1rio com o &#8220;Encontro&#8221;. Acontece que a mudan\u00e7a vai gerar ganhos financeiros para a global. <\/p>\n\n\n\n<p>Segundo o jornalista Andr\u00e9 Romano, do portal Observat\u00f3rio da TV, Ana Maria vai receber a partir de agora R$ 2 milh\u00f5es ao m\u00eas &#8211; mais de R$ 200 mil a mais do que os proventos que ela recebia anteriormente.<\/p>\n\n\n\n<p>As mudan\u00e7as nas manh\u00e3s da Globo tamb\u00e9m marcam a sa\u00edda de F\u00e1tima Bernardes do &#8220;Encontro&#8221;, que a partir do pr\u00f3ximo m\u00eas ser\u00e1 apresentado por Patr\u00edcia Poeta e Manoel Soares. Bernardes passar\u00e1 a apresentar o &#8220;The Voice&#8221;. <\/p>\n\n\n\n<figure class=\"wp-block-embed is-type-rich is-provider-instagram wp-block-embed-instagram\"><div class=\"wp-block-embed__wrapper\">\nhttps:\/\/www.instagram.com\/p\/CeEF65mrTVD\/\n<\/div><\/figure>","protected":false},"excerpt":{"rendered":"<p>Rainha das manh\u00e3s na TV brasileira, Ana Maria Braga receber\u00e1 um aumento salarial a partir de julho, logo ap\u00f3s a mudan\u00e7a de hor\u00e1rio do programa &#8220;Mais Voc\u00ea&#8221;. Na semana passada, a Globo anunciou que o programa capitaneado pela loir\u00e1 trocar\u00e1 de hor\u00e1rio com o &#8220;Encontro&#8221;. Acontece que a mudan\u00e7a vai gerar ganhos financeiros para a [&hellip;]<\/p>\n","protected":false},"author":2,"featured_media":95660,"comment_status":"closed","ping_status":"open","sticky":false,"template":"","format":"standard","meta":{"footnotes":""},"categories":[181],"tags":[179,1665],"class_list":["post-118649","post","type-post","status-publish","format-standard","has-post-thumbnail","hentry","category-televisao","tag-ana-maria-braga","tag-tv-globo"],"_links":{"self":[{"href":"https:\/\/portalpopmais.com.br\/en\/wp-json\/wp\/v2\/posts\/118649","targetHints":{"allow":["GET"]}}],"collection":[{"href":"https:\/\/portalpopmais.com.br\/en\/wp-json\/wp\/v2\/posts"}],"about":[{"href":"https:\/\/portalpopmais.com.br\/en\/wp-json\/wp\/v2\/types\/post"}],"author":[{"embeddable":true,"href":"https:\/\/portalpopmais.com.br\/en\/wp-json\/wp\/v2\/users\/2"}],"replies":[{"embeddable":true,"href":"https:\/\/portalpopmais.com.br\/en\/wp-json\/wp\/v2\/comments?post=118649"}],"version-history":[{"count":0,"href":"https:\/\/portalpopmais.com.br\/en\/wp-json\/wp\/v2\/posts\/118649\/revisions"}],"wp:featuredmedia":[{"embeddable":true,"href":"https:\/\/portalpopmais.com.br\/en\/wp-json\/wp\/v2\/media\/95660"}],"wp:attachment":[{"href":"https:\/\/portalpopmais.com.br\/en\/wp-json\/wp\/v2\/media?parent=118649"}],"wp:term":[{"taxonomy":"category","embeddable":true,"href":"https:\/\/portalpopmais.com.br\/en\/wp-json\/wp\/v2\/categories?post=118649"},{"taxonomy":"post_tag","embeddable":true,"href":"https:\/\/portalpopmais.com.br\/en\/wp-json\/wp\/v2\/tags?post=118649"}],"curies":[{"name":"wp","href":"https:\/\/api.w.org\/{rel}","templated":true}]}}