{"id":118658,"date":"2022-05-29T16:21:57","date_gmt":"2022-05-29T19:21:57","guid":{"rendered":"https:\/\/portalpopmais.com.br\/?p=118658"},"modified":"2022-05-29T16:38:08","modified_gmt":"2022-05-29T19:38:08","slug":"joao-gomes-chorando-desabamentos-recife","status":"publish","type":"post","link":"https:\/\/portalpopmais.com.br\/en\/joao-gomes-chorando-desabamentos-recife\/","title":{"rendered":"Jo\u00e3o Gomes aparece chorando desesperadamente por conta de desabamentos em Recife: &#8220;Que dor&#8221;; veja v\u00eddeo"},"content":{"rendered":"<p class=\"wp-block-paragraph\">A trag\u00e9dia ocasionada pelas fortes chuvas que atingiram Recife segue reverberando na classe art\u00edstica. Desta vez, o cantor <strong><a href=\"https:\/\/portalpopmais.com.br\/en\/artistas\/biografia-joao-gomes\/\" target=\"_blank\" data-type=\"artistas\" data-id=\"108621\" rel=\"noreferrer noopener\">Jo\u00e3o Gomes<\/a><\/strong> apareceu nos Stories do Instagram chorando copiosamente por conta dos desabamentos na <a href=\"http:\/\/instagram.com\/portalpopmais\" target=\"_blank\" rel=\"noopener\">cidade<\/a>.<\/p>\n\n\n\n<p class=\"wp-block-paragraph\">Em uma publica\u00e7\u00e3o, ele compartilhou um v\u00eddeo do instante em que uma casa \u00e9 levada pela enxurrada. Em outro v\u00eddeo, ele mostra o momento em que uma pessoa \u00e9 socorrida por populares.<\/p>\n\n\n\n<p class=\"wp-block-paragraph\"><em>&#8220;Que dor vei&#8221;<\/em>, escreveu ele, que nasceu na cidade de Serrita, no interior de Pernambuco. <em>&#8220;Pessoas perderam suas casas e entes queridos. Machuca demais isso vei. Eu n\u00e3o sabi ao que tava rolando at\u00e9 chegar em casa. Que choque&#8221;,<\/em> adicionou o artista. <\/p>\n\n\n\n<p class=\"wp-block-paragraph\"> Veja o v\u00eddeo:<\/p>\n\n\n\n<figure class=\"wp-block-embed is-type-rich is-provider-instagram wp-block-embed-instagram\"><div class=\"wp-block-embed__wrapper\">\nhttps:\/\/www.instagram.com\/reel\/CeJyp0olRVT\/?igshid=MDJmNzVkMjY=\n<\/div><\/figure>\n\n\n\n<h2 class=\"wp-block-heading\">Internautas detonam Vanessa Lopes<\/h2>\n\n\n\n<p class=\"wp-block-paragraph\">A influenciadora digital Vanessa Lopes est\u00e1 sendo duramente criticada nas redes sociais ap\u00f3s se manter em sil\u00eancio diante da trag\u00e9dia que atingiu a cidade de Recife nos \u00faltimos dias. De acordo com o G1, as chuvas torrenciais deixaram pelo menos 35 mortos na capital de Pernambuco e milhares de desabrigados. <\/p>\n\n\n\n<p class=\"wp-block-paragraph\">Acontece que Vanessa morava na cidade e \u00e9 vista como a maior influenciadora da regi\u00e3o, com mais de 11 milh\u00f5es de seguidores. Por\u00e9m, em meio ao apelo de internautas para que a mesma usasse a sua audi\u00eancia para pedir ajuda, Lopes se manteve em sil\u00eancio. <\/p>\n\n\n\n<p class=\"wp-block-paragraph\">&#8220;Pra Vanessa foi f\u00e1cil usar de cultura perif\u00e9rica pra crescer em rede social dan\u00e7ando, mas na hora que pode usar da visibilidade pra ajudar t\u00e1 postando show em stories&#8221;, disparou um perfil no Twitter. Veja todos os detalhes <a href=\"https:\/\/portalpopmais.com.br\/en\/vanessa-lopes-detonada-calada-tragedia-recife\/\" target=\"_blank\" data-type=\"post\" data-id=\"118626\" rel=\"noreferrer noopener\">aqui<\/a>.<\/p>","protected":false},"excerpt":{"rendered":"<p>A trag\u00e9dia ocasionada pelas fortes chuvas que atingiram Recife segue reverberando na classe art\u00edstica. Desta vez, o cantor Jo\u00e3o Gomes apareceu nos Stories do Instagram chorando copiosamente por conta dos desabamentos na cidade. Em uma publica\u00e7\u00e3o, ele compartilhou um v\u00eddeo do instante em que uma casa \u00e9 levada pela enxurrada. Em outro v\u00eddeo, ele mostra [&hellip;]<\/p>\n","protected":false},"author":1,"featured_media":118660,"comment_status":"closed","ping_status":"open","sticky":false,"template":"","format":"standard","meta":{"footnotes":""},"categories":[173],"tags":[9123],"class_list":["post-118658","post","type-post","status-publish","format-standard","has-post-thumbnail","hentry","category-celebridades","tag-joao-gomes"],"_links":{"self":[{"href":"https:\/\/portalpopmais.com.br\/en\/wp-json\/wp\/v2\/posts\/118658","targetHints":{"allow":["GET"]}}],"collection":[{"href":"https:\/\/portalpopmais.com.br\/en\/wp-json\/wp\/v2\/posts"}],"about":[{"href":"https:\/\/portalpopmais.com.br\/en\/wp-json\/wp\/v2\/types\/post"}],"author":[{"embeddable":true,"href":"https:\/\/portalpopmais.com.br\/en\/wp-json\/wp\/v2\/users\/1"}],"replies":[{"embeddable":true,"href":"https:\/\/portalpopmais.com.br\/en\/wp-json\/wp\/v2\/comments?post=118658"}],"version-history":[{"count":0,"href":"https:\/\/portalpopmais.com.br\/en\/wp-json\/wp\/v2\/posts\/118658\/revisions"}],"wp:featuredmedia":[{"embeddable":true,"href":"https:\/\/portalpopmais.com.br\/en\/wp-json\/wp\/v2\/media\/118660"}],"wp:attachment":[{"href":"https:\/\/portalpopmais.com.br\/en\/wp-json\/wp\/v2\/media?parent=118658"}],"wp:term":[{"taxonomy":"category","embeddable":true,"href":"https:\/\/portalpopmais.com.br\/en\/wp-json\/wp\/v2\/categories?post=118658"},{"taxonomy":"post_tag","embeddable":true,"href":"https:\/\/portalpopmais.com.br\/en\/wp-json\/wp\/v2\/tags?post=118658"}],"curies":[{"name":"wp","href":"https:\/\/api.w.org\/{rel}","templated":true}]}}