{"id":118714,"date":"2022-05-29T19:15:02","date_gmt":"2022-05-29T22:15:02","guid":{"rendered":"https:\/\/portalpopmais.com.br\/?p=118714"},"modified":"2022-05-29T19:33:23","modified_gmt":"2022-05-29T22:33:23","slug":"luciano-huck-detonado-desrespeitar-medo-tata-werneck","status":"publish","type":"post","link":"https:\/\/portalpopmais.com.br\/en\/luciano-huck-detonado-desrespeitar-medo-tata-werneck\/","title":{"rendered":"Luciano Huck \u00e9 detonado ap\u00f3s desrespeitar medo de Tat\u00e1 Werneck: &#8220;Deselegante&#8221;"},"content":{"rendered":"<p><strong><a href=\"https:\/\/portalpopmais.com.br\/en\/tata-werneck-nao-estara-terceira-temporada-de-the-masked-singer-brasil-diz-site\/\" data-type=\"post\" data-id=\"107356\">Tat\u00e1 Werneck<\/a><\/strong> esteve hoje (29) no &#8220;Doming\u00e3o com Huck&#8221;, e viveu momentos de afli\u00e7\u00e3o durante o programa. A humorista foi convidada para ser parte do j\u00fari art\u00edstico da <a href=\"http:\/\/instagram.com\/portalpopmais\" target=\"_blank\" rel=\"noopener\">&#8220;Dan\u00e7a dos Famosos&#8221;<\/a>.<\/p>\n\n\n\n<p><em>&#8220;T\u00e1 linda, Tat\u00e1. Juro, t\u00e1 toda menininha&#8221;<\/em>, elogiou Luciano Huck, logo ap\u00f3s a entrada da atriz no palco do programa. Levando no bom humor, ela respondeu. <em>&#8220;Saiu meus exames? T\u00f4 toda preocupada&#8221;,<\/em> disse Tat\u00e1.<\/p>\n\n\n\n<h2 class=\"wp-block-heading\">Veja tamb\u00e9m<\/h2>\n\n\n<ul class=\"wp-block-latest-posts__list is-grid columns-3 wp-block-latest-posts\"><li><div class=\"wp-block-latest-posts__featured-image aligncenter\"><a href=\"https:\/\/portalpopmais.com.br\/en\/rumores-apontam-possivel-fim-do-programa-a-tarde-e-sua-de-sonia-abrao\/\" aria-label=\"Rumores apontam poss\u00edvel fim do programa \u201cA Tarde \u00e9 Sua\u201d, de S\u00f4nia Abr\u00e3o\"><img loading=\"lazy\" decoding=\"async\" width=\"768\" height=\"456\" src=\"https:\/\/portalpopmais.com.br\/wp-content\/uploads\/2022\/11\/A8A90AF0-C316-488C-A619-08981EA90058-768x456.jpeg\" class=\"attachment-medium size-medium wp-post-image\" alt=\"S\u00f4nia Abr\u00e3o\" style=\"\" srcset=\"https:\/\/portalpopmais.com.br\/wp-content\/uploads\/2022\/11\/A8A90AF0-C316-488C-A619-08981EA90058-768x456.jpeg 768w, https:\/\/portalpopmais.com.br\/wp-content\/uploads\/2022\/11\/A8A90AF0-C316-488C-A619-08981EA90058-1170x694.jpeg 1170w\" sizes=\"auto, (max-width: 768px) 100vw, 768px\" title=\"\"><\/a><\/div><a class=\"wp-block-latest-posts__post-title\" href=\"https:\/\/portalpopmais.com.br\/en\/rumores-apontam-possivel-fim-do-programa-a-tarde-e-sua-de-sonia-abrao\/\">Rumores apontam poss\u00edvel fim do programa \u201cA Tarde \u00e9 Sua\u201d, de S\u00f4nia Abr\u00e3o<\/a><\/li>\n<li><div class=\"wp-block-latest-posts__featured-image aligncenter\"><a href=\"https:\/\/portalpopmais.com.br\/en\/regina-duarte-sobre-retorno-as-novelas-so-volto-se-for-irrecusavel\/\" aria-label=\"Regina Duarte sobre retorno \u00e0s novelas: \u2018S\u00f3 volto se for irrecus\u00e1vel\u2019\"><img loading=\"lazy\" decoding=\"async\" width=\"768\" height=\"456\" src=\"https:\/\/portalpopmais.com.br\/wp-content\/uploads\/2021\/01\/Regina-Duarte-vacina-768x456.jpg\" class=\"attachment-medium size-medium wp-post-image\" alt=\"Regina Duarte\" style=\"\" srcset=\"https:\/\/portalpopmais.com.br\/wp-content\/uploads\/2021\/01\/Regina-Duarte-vacina-768x456.jpg 768w, https:\/\/portalpopmais.com.br\/wp-content\/uploads\/2021\/01\/Regina-Duarte-vacina-1170x694.jpg 1170w\" sizes=\"auto, (max-width: 768px) 100vw, 768px\" title=\"\"><\/a><\/div><a class=\"wp-block-latest-posts__post-title\" href=\"https:\/\/portalpopmais.com.br\/en\/regina-duarte-sobre-retorno-as-novelas-so-volto-se-for-irrecusavel\/\">Regina Duarte sobre retorno \u00e0s novelas: \u2018S\u00f3 volto se for irrecus\u00e1vel\u2019<\/a><\/li>\n<li><div class=\"wp-block-latest-posts__featured-image aligncenter\"><a href=\"https:\/\/portalpopmais.com.br\/en\/comentarista-da-record-richard-rytenband-morre-aos-45-anos\/\" aria-label=\"Comentarista da RECORD, Richard Rytenband morre aos 45 anos\"><img loading=\"lazy\" decoding=\"async\" width=\"768\" height=\"456\" src=\"https:\/\/portalpopmais.com.br\/wp-content\/uploads\/2026\/04\/richard-rytenband-morreu-aos-45-anos-apos-luta-contra-o-cancer-768x456.webp\" class=\"attachment-medium size-medium wp-post-image\" alt=\"richard rytenband morreu aos 45 anos apos luta contra o cancer\" style=\"\" srcset=\"https:\/\/portalpopmais.com.br\/wp-content\/uploads\/2026\/04\/richard-rytenband-morreu-aos-45-anos-apos-luta-contra-o-cancer-768x456.webp 768w, https:\/\/portalpopmais.com.br\/wp-content\/uploads\/2026\/04\/richard-rytenband-morreu-aos-45-anos-apos-luta-contra-o-cancer-18x12.webp 18w\" sizes=\"auto, (max-width: 768px) 100vw, 768px\" title=\"\"><\/a><\/div><a class=\"wp-block-latest-posts__post-title\" href=\"https:\/\/portalpopmais.com.br\/en\/comentarista-da-record-richard-rytenband-morre-aos-45-anos\/\">Comentarista da RECORD, Richard Rytenband morre aos 45 anos<\/a><\/li>\n<li><div class=\"wp-block-latest-posts__featured-image aligncenter\"><a href=\"https:\/\/portalpopmais.com.br\/en\/tia-milena-pode-apresentar-programa-no-sbt\/\" aria-label=\"Tia Milena pode apresentar programa no SBT\"><img loading=\"lazy\" decoding=\"async\" width=\"768\" height=\"456\" src=\"https:\/\/portalpopmais.com.br\/wp-content\/uploads\/2026\/04\/milena-bbb-26-768x456.png\" class=\"attachment-medium size-medium wp-post-image\" alt=\"milena bbb 26\" style=\"\" srcset=\"https:\/\/portalpopmais.com.br\/wp-content\/uploads\/2026\/04\/milena-bbb-26-768x456.png 768w, https:\/\/portalpopmais.com.br\/wp-content\/uploads\/2026\/04\/milena-bbb-26-18x12.png 18w\" sizes=\"auto, (max-width: 768px) 100vw, 768px\" title=\"\"><\/a><\/div><a class=\"wp-block-latest-posts__post-title\" href=\"https:\/\/portalpopmais.com.br\/en\/tia-milena-pode-apresentar-programa-no-sbt\/\">Tia Milena pode apresentar programa no SBT<\/a><\/li>\n<li><div class=\"wp-block-latest-posts__featured-image aligncenter\"><a href=\"https:\/\/portalpopmais.com.br\/en\/em-meio-a-crise-de-imagem-globo-renova-contrato-de-marcos-mion\/\" aria-label=\"Em meio \u00e0 crise de imagem, Globo renova contrato de Marcos Mion\"><img loading=\"lazy\" decoding=\"async\" width=\"768\" height=\"456\" src=\"https:\/\/portalpopmais.com.br\/wp-content\/uploads\/2021\/02\/Marcos-Mion-No-Limite-1-768x456.jpg\" class=\"attachment-medium size-medium wp-post-image\" alt=\"Marcos Mion-No-Limite\" style=\"\" title=\"\"><\/a><\/div><a class=\"wp-block-latest-posts__post-title\" href=\"https:\/\/portalpopmais.com.br\/en\/em-meio-a-crise-de-imagem-globo-renova-contrato-de-marcos-mion\/\">Em meio \u00e0 crise de imagem, Globo renova contrato de Marcos Mion<\/a><\/li>\n<li><div class=\"wp-block-latest-posts__featured-image aligncenter\"><a href=\"https:\/\/portalpopmais.com.br\/en\/ex-coordenadora-do-jornal-nacional-selma-rita-severo-lins-morre-aos-73-anos\/\" aria-label=\"Ex-coordenadora do Jornal Nacional, Selma Rita Severo Lins morre aos 73 anos\"><img loading=\"lazy\" decoding=\"async\" width=\"768\" height=\"456\" src=\"https:\/\/portalpopmais.com.br\/wp-content\/uploads\/2026\/04\/design-sem-nome-2026-04-18t165815-167-1iusolaha62wp-768x456.png\" class=\"attachment-medium size-medium wp-post-image\" alt=\"design sem nome 2026 04 18t165815 167 1iusolaha62wp\" style=\"\" srcset=\"https:\/\/portalpopmais.com.br\/wp-content\/uploads\/2026\/04\/design-sem-nome-2026-04-18t165815-167-1iusolaha62wp-768x456.png 768w, https:\/\/portalpopmais.com.br\/wp-content\/uploads\/2026\/04\/design-sem-nome-2026-04-18t165815-167-1iusolaha62wp-1170x694.png 1170w, https:\/\/portalpopmais.com.br\/wp-content\/uploads\/2026\/04\/design-sem-nome-2026-04-18t165815-167-1iusolaha62wp-18x10.png 18w\" sizes=\"auto, (max-width: 768px) 100vw, 768px\" title=\"\"><\/a><\/div><a class=\"wp-block-latest-posts__post-title\" href=\"https:\/\/portalpopmais.com.br\/en\/ex-coordenadora-do-jornal-nacional-selma-rita-severo-lins-morre-aos-73-anos\/\">Ex-coordenadora do Jornal Nacional, Selma Rita Severo Lins morre aos 73 anos<\/a><\/li>\n<\/ul>\n\n\n<p>Luciano, ent\u00e3o, evitou abra\u00e7ar Tat\u00e1, mas chegou a tocar nos bra\u00e7os da global. Acontece que Werneck ainda n\u00e3o consegue tocar outras pessoas ap\u00f3s a pandemia, que levou um de seus melhores amigos, o ator Paulo Gustavo.<\/p>\n\n\n\n<p><em>&#8220;Talita, tem uma cadeira s\u00f3 pra voc\u00ea ali, vou te levar. Ela t\u00e1 desesperada, at\u00e9 hoje ela n\u00e3o abra\u00e7a as pessoas. Voc\u00ea t\u00e1 bem?&#8221;<\/em>, questionou o apresentador. A atriz disse que sim, mas estava visivelmente desconfort\u00e1vel.<\/p>\n\n\n\n<p>No Twitter, o p\u00fablico n\u00e3o economizou nas cr\u00edticas ao apresentador. <em>&#8220;Que deselegante o Huck saber que a Tat\u00e1 n\u00e3o quer ter contato f\u00edsico e insistir&#8221;<\/em>, disse um.<em> &#8220;Apelando ao m\u00e1ximo&#8221;,<\/em> afirmou outro.<\/p>\n\n\n\n<p>Nas redes sociais, a pr\u00f3pria atriz disse que estava desconfort\u00e1vel. <em>&#8220;T\u00f4 acostumando&#8221;,<\/em> disse ela.<\/p>\n\n\n\n<figure class=\"wp-block-embed is-type-rich is-provider-twitter wp-block-embed-twitter\"><div class=\"wp-block-embed__wrapper\">\n<blockquote class=\"twitter-tweet\" data-width=\"550\" data-dnt=\"true\"><p lang=\"pt\" dir=\"ltr\">N\u00e3o saio n\u00e9? Primeira vez ali com plateia sem m\u00e1scara \ud83d\ude09 normal. T\u00f4 acostumando <a href=\"https:\/\/t.co\/xzPuj0IEN2\">https:\/\/t.co\/xzPuj0IEN2<\/a><\/p>&mdash; Tata werneck (@Tatawerneck) <a href=\"https:\/\/twitter.com\/Tatawerneck\/status\/1531021637054873601?ref_src=twsrc%5Etfw\" target=\"_blank\" rel=\"noopener\">May 29, 2022<\/a><\/blockquote><script async src=\"https:\/\/platform.twitter.com\/widgets.js\" charset=\"utf-8\"><\/script>\n<\/div><\/figure>\n\n\n\n<figure class=\"wp-block-embed is-type-rich is-provider-twitter wp-block-embed-twitter\"><div class=\"wp-block-embed__wrapper\">\nhttps:\/\/twitter.com\/linaxcarolx\/status\/1531021090058797060\n<\/div><\/figure>","protected":false},"excerpt":{"rendered":"<p>Tat\u00e1 Werneck esteve hoje (29) no &#8220;Doming\u00e3o com Huck&#8221;, e viveu momentos de afli\u00e7\u00e3o durante o programa. A humorista foi convidada para ser parte do j\u00fari art\u00edstico da &#8220;Dan\u00e7a dos Famosos&#8221;. &#8220;T\u00e1 linda, Tat\u00e1. Juro, t\u00e1 toda menininha&#8221;, elogiou Luciano Huck, logo ap\u00f3s a entrada da atriz no palco do programa. Levando no bom humor, [&hellip;]<\/p>\n","protected":false},"author":2,"featured_media":118716,"comment_status":"closed","ping_status":"open","sticky":false,"template":"","format":"standard","meta":{"footnotes":""},"categories":[181],"tags":[2310,568],"class_list":["post-118714","post","type-post","status-publish","format-standard","has-post-thumbnail","hentry","category-televisao","tag-luciano-huck","tag-tata-werneck"],"_links":{"self":[{"href":"https:\/\/portalpopmais.com.br\/en\/wp-json\/wp\/v2\/posts\/118714","targetHints":{"allow":["GET"]}}],"collection":[{"href":"https:\/\/portalpopmais.com.br\/en\/wp-json\/wp\/v2\/posts"}],"about":[{"href":"https:\/\/portalpopmais.com.br\/en\/wp-json\/wp\/v2\/types\/post"}],"author":[{"embeddable":true,"href":"https:\/\/portalpopmais.com.br\/en\/wp-json\/wp\/v2\/users\/2"}],"replies":[{"embeddable":true,"href":"https:\/\/portalpopmais.com.br\/en\/wp-json\/wp\/v2\/comments?post=118714"}],"version-history":[{"count":0,"href":"https:\/\/portalpopmais.com.br\/en\/wp-json\/wp\/v2\/posts\/118714\/revisions"}],"wp:featuredmedia":[{"embeddable":true,"href":"https:\/\/portalpopmais.com.br\/en\/wp-json\/wp\/v2\/media\/118716"}],"wp:attachment":[{"href":"https:\/\/portalpopmais.com.br\/en\/wp-json\/wp\/v2\/media?parent=118714"}],"wp:term":[{"taxonomy":"category","embeddable":true,"href":"https:\/\/portalpopmais.com.br\/en\/wp-json\/wp\/v2\/categories?post=118714"},{"taxonomy":"post_tag","embeddable":true,"href":"https:\/\/portalpopmais.com.br\/en\/wp-json\/wp\/v2\/tags?post=118714"}],"curies":[{"name":"wp","href":"https:\/\/api.w.org\/{rel}","templated":true}]}}