{"id":118772,"date":"2022-05-30T10:47:42","date_gmt":"2022-05-30T13:47:42","guid":{"rendered":"https:\/\/portalpopmais.com.br\/?p=118772"},"modified":"2022-05-30T10:47:48","modified_gmt":"2022-05-30T13:47:48","slug":"ana-maria-braga-testa-positivo-covid-19","status":"publish","type":"post","link":"https:\/\/portalpopmais.com.br\/en\/ana-maria-braga-testa-positivo-covid-19\/","title":{"rendered":"Ana Maria Braga \u00e9 afastada do &#8220;Mais Voc\u00ea&#8221; ap\u00f3s diagn\u00f3stico de Covid-19"},"content":{"rendered":"<p><strong><a href=\"https:\/\/portalpopmais.com.br\/en\/globo-aumenta-salario-de-ana-maria-braga\/\" data-type=\"post\" data-id=\"118649\">Ana Maria Braga<\/a><\/strong> testou positivo para Covid-19, nesta segunda-feira (30). Por conta disso, Fabricio Battaglini assumiu o comando do &#8220;Mais Voc\u00ea&#8221; durante o afastamento da apresentadora <a href=\"http:\/\/instagram.com\/portalpopmais\" target=\"_blank\" rel=\"noopener\">titular<\/a>. <\/p>\n\n\n\n<p>Ele, conhecido por substitu\u00ed-la na atra\u00e7\u00e3o ao lado de Talitha Morete, explicou que apresenta o programa sozinho nesta semana. Isso porque Morete tamb\u00e9m testou positivo para a doen\u00e7a.<\/p>\n\n\n\n<p>No caso de Ana Maria, Fabricio conta que o diagn\u00f3stico de Covid aconteceu apenas ap\u00f3s a realiza\u00e7\u00e3o de tr\u00eas testes. Ele ainda destacou que a apresentadora est\u00e1 &#8220;se cuidando&#8221; e &#8220;super bem&#8221;.<\/p>\n\n\n\n<figure class=\"wp-block-embed is-type-rich is-provider-twitter wp-block-embed-twitter\"><div class=\"wp-block-embed__wrapper\">\n<blockquote class=\"twitter-tweet\" data-width=\"550\" data-dnt=\"true\"><p lang=\"pt\" dir=\"ltr\">A Ana Maria e a Talitha Morete positivaram para COVID 19 e estar\u00e3o ausentes do <a href=\"https:\/\/twitter.com\/hashtag\/MaisVoc%C3%AA?src=hash&amp;ref_src=twsrc%5Etfw\" target=\"_blank\" rel=\"noopener\">#MaisVoc\u00ea<\/a> nos pr\u00f3ximos dias. <a href=\"https:\/\/t.co\/vM9KtjTGxR\">pic.twitter.com\/vM9KtjTGxR<\/a><\/p>&mdash; TV Globo \ud83d\udcfa (@tvglobo) <a href=\"https:\/\/twitter.com\/tvglobo\/status\/1531255011367346176?ref_src=twsrc%5Etfw\" target=\"_blank\" rel=\"noopener\">May 30, 2022<\/a><\/blockquote><script async src=\"https:\/\/platform.twitter.com\/widgets.js\" charset=\"utf-8\"><\/script>\n<\/div><\/figure>","protected":false},"excerpt":{"rendered":"<p>Ana Maria Braga testou positivo para Covid-19, nesta segunda-feira (30). Por conta disso, Fabricio Battaglini assumiu o comando do &#8220;Mais Voc\u00ea&#8221; durante o afastamento da apresentadora titular. Ele, conhecido por substitu\u00ed-la na atra\u00e7\u00e3o ao lado de Talitha Morete, explicou que apresenta o programa sozinho nesta semana. Isso porque Morete tamb\u00e9m testou positivo para a doen\u00e7a. [&hellip;]<\/p>\n","protected":false},"author":2,"featured_media":84207,"comment_status":"closed","ping_status":"open","sticky":false,"template":"","format":"standard","meta":{"footnotes":""},"categories":[181],"tags":[179,1665],"class_list":["post-118772","post","type-post","status-publish","format-standard","has-post-thumbnail","hentry","category-televisao","tag-ana-maria-braga","tag-tv-globo"],"_links":{"self":[{"href":"https:\/\/portalpopmais.com.br\/en\/wp-json\/wp\/v2\/posts\/118772","targetHints":{"allow":["GET"]}}],"collection":[{"href":"https:\/\/portalpopmais.com.br\/en\/wp-json\/wp\/v2\/posts"}],"about":[{"href":"https:\/\/portalpopmais.com.br\/en\/wp-json\/wp\/v2\/types\/post"}],"author":[{"embeddable":true,"href":"https:\/\/portalpopmais.com.br\/en\/wp-json\/wp\/v2\/users\/2"}],"replies":[{"embeddable":true,"href":"https:\/\/portalpopmais.com.br\/en\/wp-json\/wp\/v2\/comments?post=118772"}],"version-history":[{"count":0,"href":"https:\/\/portalpopmais.com.br\/en\/wp-json\/wp\/v2\/posts\/118772\/revisions"}],"wp:featuredmedia":[{"embeddable":true,"href":"https:\/\/portalpopmais.com.br\/en\/wp-json\/wp\/v2\/media\/84207"}],"wp:attachment":[{"href":"https:\/\/portalpopmais.com.br\/en\/wp-json\/wp\/v2\/media?parent=118772"}],"wp:term":[{"taxonomy":"category","embeddable":true,"href":"https:\/\/portalpopmais.com.br\/en\/wp-json\/wp\/v2\/categories?post=118772"},{"taxonomy":"post_tag","embeddable":true,"href":"https:\/\/portalpopmais.com.br\/en\/wp-json\/wp\/v2\/tags?post=118772"}],"curies":[{"name":"wp","href":"https:\/\/api.w.org\/{rel}","templated":true}]}}