{"id":119027,"date":"2022-05-31T13:58:23","date_gmt":"2022-05-31T16:58:23","guid":{"rendered":"https:\/\/portalpopmais.com.br\/?p=119027"},"modified":"2022-05-31T13:59:04","modified_gmt":"2022-05-31T16:59:04","slug":"aos-60-anos-antonio-calloni-sem-camisa","status":"publish","type":"post","link":"https:\/\/portalpopmais.com.br\/en\/aos-60-anos-antonio-calloni-sem-camisa\/","title":{"rendered":"Daddy? Aos 60 anos, Ant\u00f4nio Calloni posta foto sem camisa e f\u00edsico impressiona"},"content":{"rendered":"<p>O ator Antonio Calloni, no ar na novela &#8216;Al\u00e9m da Ilus\u00e3o&#8217;, da <a href=\"https:\/\/portalpopmais.com.br\/en\/andre-marques-deixa-globo-27-anos\/\" data-type=\"post\" data-id=\"118807\">Globo<\/a>, surpreendeu os seus seguidores ao publicar diversos cliques sem camisa em seu perfil nas redes sociais.<\/p>\n\n\n\n<p>No auge dos seus 60 anos, o ator deixou seus f\u00e3s babando com os seus cliques bem ousados, que encheram sua publica\u00e7\u00e3o de coment\u00e1rios aprovando o f\u00edsico do global.<\/p>\n\n\n\n<p>Est\u00e1 um gato&#8221;, disse uma f\u00e3. &#8220;T\u00f4 precisando de um daddy assim na minha vida&#8221;, comentou outro. &#8220;Meu Deus, era tudo o que eu estava precisando ver&#8221;, escreveu um terceiro.<\/p>\n\n\n\n<p>Vale lembrar que esta n\u00e3o \u00e9 a primeira vez que Calloni aparece parcialmente despido nas redes. Em outros cliques em seu perfil oficial no Instagram \u00e9 poss\u00edvel ver que o ator faz quest\u00e3o de manter a boa forma.<\/p>","protected":false},"excerpt":{"rendered":"<p>O ator Antonio Calloni, no ar na novela &#8216;Al\u00e9m da Ilus\u00e3o&#8217;, da Globo, surpreendeu os seus seguidores ao publicar diversos cliques sem camisa em seu perfil nas redes sociais. No auge dos seus 60 anos, o ator deixou seus f\u00e3s babando com os seus cliques bem ousados, que encheram sua publica\u00e7\u00e3o de coment\u00e1rios aprovando o [&hellip;]<\/p>\n","protected":false},"author":3,"featured_media":119030,"comment_status":"closed","ping_status":"open","sticky":false,"template":"","format":"standard","meta":{"footnotes":""},"categories":[173],"tags":[11361,11362],"class_list":["post-119027","post","type-post","status-publish","format-standard","has-post-thumbnail","hentry","category-celebridades","tag-antonio-calloni","tag-sem-camisa"],"_links":{"self":[{"href":"https:\/\/portalpopmais.com.br\/en\/wp-json\/wp\/v2\/posts\/119027","targetHints":{"allow":["GET"]}}],"collection":[{"href":"https:\/\/portalpopmais.com.br\/en\/wp-json\/wp\/v2\/posts"}],"about":[{"href":"https:\/\/portalpopmais.com.br\/en\/wp-json\/wp\/v2\/types\/post"}],"author":[{"embeddable":true,"href":"https:\/\/portalpopmais.com.br\/en\/wp-json\/wp\/v2\/users\/3"}],"replies":[{"embeddable":true,"href":"https:\/\/portalpopmais.com.br\/en\/wp-json\/wp\/v2\/comments?post=119027"}],"version-history":[{"count":0,"href":"https:\/\/portalpopmais.com.br\/en\/wp-json\/wp\/v2\/posts\/119027\/revisions"}],"wp:featuredmedia":[{"embeddable":true,"href":"https:\/\/portalpopmais.com.br\/en\/wp-json\/wp\/v2\/media\/119030"}],"wp:attachment":[{"href":"https:\/\/portalpopmais.com.br\/en\/wp-json\/wp\/v2\/media?parent=119027"}],"wp:term":[{"taxonomy":"category","embeddable":true,"href":"https:\/\/portalpopmais.com.br\/en\/wp-json\/wp\/v2\/categories?post=119027"},{"taxonomy":"post_tag","embeddable":true,"href":"https:\/\/portalpopmais.com.br\/en\/wp-json\/wp\/v2\/tags?post=119027"}],"curies":[{"name":"wp","href":"https:\/\/api.w.org\/{rel}","templated":true}]}}