{"id":120070,"date":"2022-06-07T20:00:00","date_gmt":"2022-06-07T23:00:00","guid":{"rendered":"https:\/\/portalpopmais.com.br\/?p=120070"},"modified":"2022-06-07T18:59:03","modified_gmt":"2022-06-07T21:59:03","slug":"exclusivo-veja-a-letra-de-viciado-em-voce-lucas-pretti","status":"publish","type":"post","link":"https:\/\/portalpopmais.com.br\/en\/exclusivo-veja-a-letra-de-viciado-em-voce-lucas-pretti\/","title":{"rendered":"Exclusivo: Veja a letra de &#8220;Viciado em Voc\u00ea&#8221;, novo single de Lucas Pretti"},"content":{"rendered":"<p>O cantor e compositor mineiro <strong><a href=\"https:\/\/portalpopmais.com.br\/en\/exclusivo-letra-de-te-quiero-lucas-pretti\/\" data-type=\"post\" data-id=\"110171\">Lucas Pretti<\/a><\/strong>, um dos artistas com maior destaque da nova cena pop brasileira, lan\u00e7a nesta quinta-feira (09) o single \u201cViciado em Voc\u00ea\u201d. A faixa estar\u00e1 dispon\u00edvel em todas as plataformas digitais.<\/p>\n\n\n\n<p>Escrita por Lucas, a can\u00e7\u00e3o fala sobre uma desilus\u00e3o amorosa do cantor. <em>\u201cEu estava come\u00e7ando a me apaixonar por uma pessoa que acabou se tornando uma desilus\u00e3o amorosa. Desde o in\u00edcio, eu j\u00e1 estava sentindo que ia dar errado e deu mesmo (risos)\u201d,<\/em> conta o <a href=\"http:\/\/instagram.com\/portalpopmais\" target=\"_blank\" rel=\"noopener\">cantor<\/a>.<\/p>\n\n\n\n<p>O POP Mais recebeu a letra de &#8220;Viciado em Voc\u00ea&#8221; com exclusividade. Confira:<\/p>\n\n\n\n<p><em>Eu to afundando no teu calor<\/em><br><em>Areia movedi\u00e7a, c\u00ea n\u00e3o da valor<br>Disse que queria mas n\u00e3o me ligou<br>N\u00e3o me ligou, n\u00e3o me ligou<\/em><\/p>\n\n\n\n<p><em>E eu j\u00e1 t\u00f4 vendo no que isso vai dar<br>Esse teu sorriso vai me machucar<br>Finjo que n\u00e3o vejo mas pra mim n\u00e3o da<br>Meu cora\u00e7\u00e3o t\u00e1 pronto pra quebrar<\/em><\/p>\n\n\n\n<p><em>O filme na minha mente travou em voc\u00ea<br>E eu tento de tudo mas eu nao consigo esquecer<br>A parte que eu me apaixonei, eu nem gosto de ver<br>Eu tento pular essa cena, eu desligo a tv<\/em><\/p>\n\n\n\n<p><em>Ohhh ohh, to viciado em voc\u00ea<br>Ohhh ohh, to tentando te esquecer<\/em><\/p>\n\n\n\n<p><em>Ohhh ohh, to viciado em voc\u00ea<br>To viciado, to viciado em voc\u00ea<\/em><\/p>\n\n\n\n<p><em>E eu prometi que eu n\u00e3o ia amar<br>Vai ser diferente porque eu vou mudar<br>Disse pra minha m\u00e3e que n\u00e3o vou me apegar,<br>Me apegar, me apegar<\/em><\/p>\n\n\n\n<p><em>Mas, 11 meses que eu te vi por l\u00e1<br>Preso na minha mente veio pra ficar<br>Voc\u00ea me manda oi eu tento disfar\u00e7ar<br>Mas eu passei o dia inteiro com meu celular<\/em><\/p>\n\n\n\n<p><em>O filme na minha mente travou em voc\u00ea<br>E eu tento de tudo mas eu nao consigo esquecer<br>A parte que eu me apaixonei, eu nem gosto de ver<br>Eu tento pular essa cena, eu desligo a tv<\/em><\/p>\n\n\n\n<p><em>Ohhh ohh, to viciado em voc\u00ea<br>Ohhh ohh, to tentando te esquecer<\/em><\/p>\n\n\n\n<p><em>Ohhh ohh, to viciado em voc\u00ea<br>to viciado, to viciado em voc\u00ea<\/em><\/p>\n\n\n\n<p><em>ohhh ohh, to viciado em voc\u00ea<br>to tentando te esquecer,<br>t\u00f4 viciado em voc\u00ea<br>viciado em voc\u00ea<\/em><\/p>","protected":false},"excerpt":{"rendered":"<p>O cantor e compositor mineiro Lucas Pretti, um dos artistas com maior destaque da nova cena pop brasileira, lan\u00e7a nesta quinta-feira (09) o single \u201cViciado em Voc\u00ea\u201d. A faixa estar\u00e1 dispon\u00edvel em todas as plataformas digitais. Escrita por Lucas, a can\u00e7\u00e3o fala sobre uma desilus\u00e3o amorosa do cantor. \u201cEu estava come\u00e7ando a me apaixonar por [&hellip;]<\/p>\n","protected":false},"author":2,"featured_media":120073,"comment_status":"closed","ping_status":"open","sticky":false,"template":"","format":"standard","meta":{"footnotes":""},"categories":[154],"tags":[3738],"class_list":["post-120070","post","type-post","status-publish","format-standard","has-post-thumbnail","hentry","category-musica","tag-lucas-pretti"],"_links":{"self":[{"href":"https:\/\/portalpopmais.com.br\/en\/wp-json\/wp\/v2\/posts\/120070","targetHints":{"allow":["GET"]}}],"collection":[{"href":"https:\/\/portalpopmais.com.br\/en\/wp-json\/wp\/v2\/posts"}],"about":[{"href":"https:\/\/portalpopmais.com.br\/en\/wp-json\/wp\/v2\/types\/post"}],"author":[{"embeddable":true,"href":"https:\/\/portalpopmais.com.br\/en\/wp-json\/wp\/v2\/users\/2"}],"replies":[{"embeddable":true,"href":"https:\/\/portalpopmais.com.br\/en\/wp-json\/wp\/v2\/comments?post=120070"}],"version-history":[{"count":0,"href":"https:\/\/portalpopmais.com.br\/en\/wp-json\/wp\/v2\/posts\/120070\/revisions"}],"wp:featuredmedia":[{"embeddable":true,"href":"https:\/\/portalpopmais.com.br\/en\/wp-json\/wp\/v2\/media\/120073"}],"wp:attachment":[{"href":"https:\/\/portalpopmais.com.br\/en\/wp-json\/wp\/v2\/media?parent=120070"}],"wp:term":[{"taxonomy":"category","embeddable":true,"href":"https:\/\/portalpopmais.com.br\/en\/wp-json\/wp\/v2\/categories?post=120070"},{"taxonomy":"post_tag","embeddable":true,"href":"https:\/\/portalpopmais.com.br\/en\/wp-json\/wp\/v2\/tags?post=120070"}],"curies":[{"name":"wp","href":"https:\/\/api.w.org\/{rel}","templated":true}]}}