{"id":120331,"date":"2022-06-09T11:19:03","date_gmt":"2022-06-09T14:19:03","guid":{"rendered":"https:\/\/portalpopmais.com.br\/?p=120331"},"modified":"2022-06-09T11:21:54","modified_gmt":"2022-06-09T14:21:54","slug":"biologo-atila-iamarino-vira-apresentador-na-tv-cultura","status":"publish","type":"post","link":"https:\/\/portalpopmais.com.br\/en\/biologo-atila-iamarino-vira-apresentador-na-tv-cultura\/","title":{"rendered":"Bi\u00f3logo Atila Iamarino vira apresentador na TV Cultura"},"content":{"rendered":"<p>O bi\u00f3logo <strong><a href=\"https:\/\/youtube.com\/c\/AtilaIamarino\" data-type=\"URL\" data-id=\"https:\/\/youtube.com\/c\/AtilaIamarino\" target=\"_blank\" rel=\"noopener\">Atila Iamarino<\/a><\/strong> passa a ter o seu primeiro programa na televis\u00e3o. O \u201cHiperconectado\u201d tem a proposta de alcan\u00e7ar O p\u00fablico mais jovem.\u00a0<\/p>\n\n\n\n<p>Al\u00e9m de diversas curiosidades cient\u00edficas, o novo contratado da TV Cultura vai tratar de v\u00e1rias tem\u00e1ticas atuantes na sociedade. Al\u00e9m de receber os convidados no est\u00fadio, o programa contar\u00e1 com uma plateia virtual com participantes de todo o pa\u00eds.<\/p>\n\n\n\n<p>Nos primeiros programas, biologia, qu\u00edmica e as tecnologias ser\u00e3o pautadas no novo produto da TV Cultura.<\/p>\n\n\n\n<p>O apresentador tem um hist\u00f3rico de popularidade, alavancada por seus v\u00eddeos explicativos em combate \u00e0s fake news sobre a atual crise sanit\u00e1ria em todo o mundo.<\/p>\n\n\n\n<p>O \u201cHiperconectados\u201d estreia no pr\u00f3ximo dia 11 de junho, \u00e0s 20h30.<\/p>","protected":false},"excerpt":{"rendered":"<p>O bi\u00f3logo Atila Iamarino passa a ter o seu primeiro programa na televis\u00e3o. O \u201cHiperconectado\u201d tem a proposta de alcan\u00e7ar O p\u00fablico mais jovem.\u00a0 Al\u00e9m de diversas curiosidades cient\u00edficas, o novo contratado da TV Cultura vai tratar de v\u00e1rias tem\u00e1ticas atuantes na sociedade. Al\u00e9m de receber os convidados no est\u00fadio, o programa contar\u00e1 com uma [&hellip;]<\/p>\n","protected":false},"author":2,"featured_media":120332,"comment_status":"closed","ping_status":"open","sticky":false,"template":"","format":"standard","meta":{"footnotes":""},"categories":[181],"tags":[11413,11414],"class_list":["post-120331","post","type-post","status-publish","format-standard","has-post-thumbnail","hentry","category-televisao","tag-atila-iamarino","tag-tv-cultura"],"_links":{"self":[{"href":"https:\/\/portalpopmais.com.br\/en\/wp-json\/wp\/v2\/posts\/120331","targetHints":{"allow":["GET"]}}],"collection":[{"href":"https:\/\/portalpopmais.com.br\/en\/wp-json\/wp\/v2\/posts"}],"about":[{"href":"https:\/\/portalpopmais.com.br\/en\/wp-json\/wp\/v2\/types\/post"}],"author":[{"embeddable":true,"href":"https:\/\/portalpopmais.com.br\/en\/wp-json\/wp\/v2\/users\/2"}],"replies":[{"embeddable":true,"href":"https:\/\/portalpopmais.com.br\/en\/wp-json\/wp\/v2\/comments?post=120331"}],"version-history":[{"count":0,"href":"https:\/\/portalpopmais.com.br\/en\/wp-json\/wp\/v2\/posts\/120331\/revisions"}],"wp:featuredmedia":[{"embeddable":true,"href":"https:\/\/portalpopmais.com.br\/en\/wp-json\/wp\/v2\/media\/120332"}],"wp:attachment":[{"href":"https:\/\/portalpopmais.com.br\/en\/wp-json\/wp\/v2\/media?parent=120331"}],"wp:term":[{"taxonomy":"category","embeddable":true,"href":"https:\/\/portalpopmais.com.br\/en\/wp-json\/wp\/v2\/categories?post=120331"},{"taxonomy":"post_tag","embeddable":true,"href":"https:\/\/portalpopmais.com.br\/en\/wp-json\/wp\/v2\/tags?post=120331"}],"curies":[{"name":"wp","href":"https:\/\/api.w.org\/{rel}","templated":true}]}}