{"id":121998,"date":"2022-06-21T03:45:07","date_gmt":"2022-06-21T06:45:07","guid":{"rendered":"https:\/\/portalpopmais.com.br\/?p=121998"},"modified":"2022-06-21T03:47:23","modified_gmt":"2022-06-21T06:47:23","slug":"guta-stresser-esclerose-multipla","status":"publish","type":"post","link":"https:\/\/portalpopmais.com.br\/en\/guta-stresser-esclerose-multipla\/","title":{"rendered":"Bebel de &#8216;A Grande Fam\u00edlia&#8217;, Guta Stresser \u00e9 diagnosticada com esclerose m\u00faltipla"},"content":{"rendered":"<p>A atriz Guta Stresser, que viveu a personagem Bebel na s\u00e9rie &#8216;A Grande Fam\u00edlia'(2001-2014), da <a href=\"https:\/\/portalpopmais.com.br\/en\/felipe-neto-desfalca-gravacao-do-lady-night\/\" data-type=\"post\" data-id=\"121640\">Globo<\/a>, revelou ter sido diagnosticada com esclerose m\u00faltipla. A doen\u00e7a faz com que o sistema imunol\u00f3gico destrua a cobertura protetora de nervos.<\/p>\n\n\n\n<p>Em entrevista \u00e0 revista Veja, a atriz contou ter percebido os primeiros sinais da doen\u00e7a quando participou da &#8216;Dan\u00e7a dos Famosos&#8217;, em meados de 2020.<\/p>\n\n\n\n<p>&#8220;Durante os ensaios, eu passava a coreografia e, quando terminava, n\u00e3o lembrava de mais nada, nada mesmo. N\u00e3o entendia o motivo, sempre tive facilidade para essas coisas. Com esfor\u00e7o, por\u00e9m, consegui avan\u00e7ar na competi\u00e7\u00e3o e n\u00e3o dei mais muita aten\u00e7\u00e3o para aqueles lapsos&#8221;, disse.<\/p>\n\n\n\n<p>&#8220;Mas meu quadro foi se agravando. Comecei a esquecer palavras bem b\u00e1sicas, como copo e cadeira. Se ficava duas horas parada assistindo a um filme na TV, logo sentia dores musculares. Tinha formigamentos frequentes nos p\u00e9s e nas m\u00e3os, enxaquecas fort\u00edssimas e varia\u00e7\u00f5es de humor. O pior era um zumbido constante no ouvido. Parecia que havia ali um fio desencapado, provocando um curto-circuito na minha cabe\u00e7a &#8211; algo como tzuin, tzuin&#8221;, continuou.<\/p>\n\n\n\n<p>&#8220;Cheguei a pensar que poderia ser Covid-19 ou sintomas relacionados \u00e0 menopausa, j\u00e1 que estou entrando nessa fase. E a\u00ed levei um tombo na sala de casa que me acendeu um alerta. Resolvi procurar um otorrinolaringologista, achando que o problema poderia se resumir a uma quest\u00e3o de equil\u00edbrio. Em princ\u00edpio, ele disse que estava tudo certo, mas insisti para realizar uma resson\u00e2ncia magn\u00e9tica. Feito o exame, recebi enfim o diagn\u00f3stico: esclerose m\u00faltipla&#8221;, revelou.<\/p>\n\n\n\n<p>&#8220;Trabalhar como atriz significa, literalmente, colocar o corpo a servi\u00e7o do of\u00edcio. \u00c9 preciso ter controle absoluto dos movimentos, gestos, express\u00f5es e emo\u00e7\u00f5es para construir um personagem. \u00c9 um trabalho que depende ainda da capacidade de memorizar o texto e as marca\u00e7\u00f5es de c\u00e2mera, ou de palco, determinadas pelo diretor. Foi com estranhamento e ang\u00fastia que percebi que algumas dessas habilidades come\u00e7aram a falhar no meu dia a dia&#8221;, contou.<\/p>\n\n\n\n<p>&#8220;Tive muito medo. Pela minha cabe\u00e7a se desenrolava um filme em que eu ficava completamente incapacitada. Passei a ter um pesadelo recorrente: im\u00f3vel, sem conseguir falar, tentava avisar meu companheiro que, apesar do corpo comprometido, meu racioc\u00ednio estava l\u00e1, preservado. Desesperador. Mas, com a ajuda do neurologista, entendi que diagn\u00f3stico n\u00e3o \u00e9 senten\u00e7a e que, apesar da doen\u00e7a n\u00e3o ter cura, ela tem, sim, tratamento&#8221;, continuou ela.<\/p>\n\n\n\n<p>Guta precisa utilizar um rem\u00e9dio de alto custo, que por sorte \u00e9 distribu\u00eddo pelo SUS (Sistema \u00danico de Sa\u00fade). &#8220;O medicamento me mant\u00e9m equilibrada, sem crises. Tamb\u00e9m passei a cuidar mais de mim. Hoje pratico ioga, mudei a alimenta\u00e7\u00e3o para melhor e fa\u00e7o todo tipo de exerc\u00edcio para o c\u00e9rebro &#8211; de leitura de livros a palavras cruzadas. Mais recentemente, inclu\u00ed no tratamento \u00f3leo de CBD, um derivado de maconha que \u00e9 felizmente legalizado e tem se revelado promissor&#8221;.<\/p>\n\n\n\n<p>&#8220;Depois do diagn\u00f3stico, refiz a resson\u00e2ncia magn\u00e9tica e os resultados foram muito bons, indicando um quadro est\u00e1vel. Desde os 13 anos, me entendo como atriz. N\u00e3o posso me render de jeito nenhum. Sei que vou ter de conviver com a esclerose m\u00faltipla para o resto da vida. Que ela seja longa e plena. Cada dia que passa tem aquele gosto de uma pequena vit\u00f3ria&#8221;, completou.<\/p>","protected":false},"excerpt":{"rendered":"<p>A atriz Guta Stresser, que viveu a personagem Bebel na s\u00e9rie &#8216;A Grande Fam\u00edlia'(2001-2014), da Globo, revelou ter sido diagnosticada com esclerose m\u00faltipla. A doen\u00e7a faz com que o sistema imunol\u00f3gico destrua a cobertura protetora de nervos. Em entrevista \u00e0 revista Veja, a atriz contou ter percebido os primeiros sinais da doen\u00e7a quando participou da [&hellip;]<\/p>\n","protected":false},"author":3,"featured_media":121999,"comment_status":"closed","ping_status":"open","sticky":false,"template":"","format":"standard","meta":{"footnotes":""},"categories":[173],"tags":[11474,11473],"class_list":["post-121998","post","type-post","status-publish","format-standard","has-post-thumbnail","hentry","category-celebridades","tag-esclerose-multipla","tag-guta-stresser"],"_links":{"self":[{"href":"https:\/\/portalpopmais.com.br\/en\/wp-json\/wp\/v2\/posts\/121998","targetHints":{"allow":["GET"]}}],"collection":[{"href":"https:\/\/portalpopmais.com.br\/en\/wp-json\/wp\/v2\/posts"}],"about":[{"href":"https:\/\/portalpopmais.com.br\/en\/wp-json\/wp\/v2\/types\/post"}],"author":[{"embeddable":true,"href":"https:\/\/portalpopmais.com.br\/en\/wp-json\/wp\/v2\/users\/3"}],"replies":[{"embeddable":true,"href":"https:\/\/portalpopmais.com.br\/en\/wp-json\/wp\/v2\/comments?post=121998"}],"version-history":[{"count":0,"href":"https:\/\/portalpopmais.com.br\/en\/wp-json\/wp\/v2\/posts\/121998\/revisions"}],"wp:featuredmedia":[{"embeddable":true,"href":"https:\/\/portalpopmais.com.br\/en\/wp-json\/wp\/v2\/media\/121999"}],"wp:attachment":[{"href":"https:\/\/portalpopmais.com.br\/en\/wp-json\/wp\/v2\/media?parent=121998"}],"wp:term":[{"taxonomy":"category","embeddable":true,"href":"https:\/\/portalpopmais.com.br\/en\/wp-json\/wp\/v2\/categories?post=121998"},{"taxonomy":"post_tag","embeddable":true,"href":"https:\/\/portalpopmais.com.br\/en\/wp-json\/wp\/v2\/tags?post=121998"}],"curies":[{"name":"wp","href":"https:\/\/api.w.org\/{rel}","templated":true}]}}