{"id":122044,"date":"2022-06-21T11:19:38","date_gmt":"2022-06-21T14:19:38","guid":{"rendered":"https:\/\/portalpopmais.com.br\/?p=122044"},"modified":"2022-06-21T11:19:42","modified_gmt":"2022-06-21T14:19:42","slug":"sindicato-autoriza-jade-picon-novela","status":"publish","type":"post","link":"https:\/\/portalpopmais.com.br\/en\/sindicato-autoriza-jade-picon-novela\/","title":{"rendered":"Sindicato autoriza participa\u00e7\u00e3o de Jade Picon em nova novela da Globo: &#8220;N\u00e3o tem como negar&#8221;"},"content":{"rendered":"<p>N\u00e3o teve jeito! <strong><a href=\"https:\/\/portalpopmais.com.br\/en\/globo-novelas-mexicanas-a-usurpadora\/\" data-type=\"post\" data-id=\"122010\">A TV Globo<\/a><\/strong> fez valer sua influ\u00eancia e confirmou a ex-BBB Jade Picon como protagonista da pr\u00f3xima novela das 21h, &#8220;Travessia&#8221;. Acontece que a participa\u00e7\u00e3o da mo\u00e7a no folhetim deixou muita gente em alerta, j\u00e1 que at\u00e9 o momento ela n\u00e3o possui registro de atriz. <\/p>\n\n\n\n<p>Bem antes do an\u00fancio do elenco de forma oficial, o Sated-RJ (Sindicato dos Artistas e T\u00e9cnicos em Espet\u00e1culos de Divers\u00f5es do Estado do Rio de Janeiro), havia se posicionado contra Jade participar da novela, mas acabou voltando <a href=\"http:\/\/instagram.com\/portalpopmais\" target=\"_blank\" rel=\"noopener\">atr\u00e1s<\/a>.<\/p>\n\n\n\n<h2 class=\"wp-block-heading\">Veja tamb\u00e9m<\/h2>\n\n\n<ul class=\"wp-block-latest-posts__list is-grid columns-3 aligncenter wp-block-latest-posts\"><li><div class=\"wp-block-latest-posts__featured-image aligncenter\"><a href=\"https:\/\/portalpopmais.com.br\/en\/regina-duarte-sobre-retorno-as-novelas-so-volto-se-for-irrecusavel\/\" aria-label=\"Regina Duarte sobre retorno \u00e0s novelas: \u2018S\u00f3 volto se for irrecus\u00e1vel\u2019\"><img loading=\"lazy\" decoding=\"async\" width=\"768\" height=\"456\" src=\"https:\/\/portalpopmais.com.br\/wp-content\/uploads\/2021\/01\/Regina-Duarte-vacina-768x456.jpg\" class=\"attachment-medium size-medium wp-post-image\" alt=\"Regina Duarte\" style=\"\" srcset=\"https:\/\/portalpopmais.com.br\/wp-content\/uploads\/2021\/01\/Regina-Duarte-vacina-768x456.jpg 768w, https:\/\/portalpopmais.com.br\/wp-content\/uploads\/2021\/01\/Regina-Duarte-vacina-1170x694.jpg 1170w\" sizes=\"auto, (max-width: 768px) 100vw, 768px\" title=\"\"><\/a><\/div><a class=\"wp-block-latest-posts__post-title\" href=\"https:\/\/portalpopmais.com.br\/en\/regina-duarte-sobre-retorno-as-novelas-so-volto-se-for-irrecusavel\/\">Regina Duarte sobre retorno \u00e0s novelas: \u2018S\u00f3 volto se for irrecus\u00e1vel\u2019<\/a><\/li>\n<li><div class=\"wp-block-latest-posts__featured-image aligncenter\"><a href=\"https:\/\/portalpopmais.com.br\/en\/comentarista-da-record-richard-rytenband-morre-aos-45-anos\/\" aria-label=\"Comentarista da RECORD, Richard Rytenband morre aos 45 anos\"><img loading=\"lazy\" decoding=\"async\" width=\"768\" height=\"456\" src=\"https:\/\/portalpopmais.com.br\/wp-content\/uploads\/2026\/04\/richard-rytenband-morreu-aos-45-anos-apos-luta-contra-o-cancer-768x456.webp\" class=\"attachment-medium size-medium wp-post-image\" alt=\"richard rytenband morreu aos 45 anos apos luta contra o cancer\" style=\"\" srcset=\"https:\/\/portalpopmais.com.br\/wp-content\/uploads\/2026\/04\/richard-rytenband-morreu-aos-45-anos-apos-luta-contra-o-cancer-768x456.webp 768w, https:\/\/portalpopmais.com.br\/wp-content\/uploads\/2026\/04\/richard-rytenband-morreu-aos-45-anos-apos-luta-contra-o-cancer-18x12.webp 18w\" sizes=\"auto, (max-width: 768px) 100vw, 768px\" title=\"\"><\/a><\/div><a class=\"wp-block-latest-posts__post-title\" href=\"https:\/\/portalpopmais.com.br\/en\/comentarista-da-record-richard-rytenband-morre-aos-45-anos\/\">Comentarista da RECORD, Richard Rytenband morre aos 45 anos<\/a><\/li>\n<li><div class=\"wp-block-latest-posts__featured-image aligncenter\"><a href=\"https:\/\/portalpopmais.com.br\/en\/tia-milena-pode-apresentar-programa-no-sbt\/\" aria-label=\"Tia Milena pode apresentar programa no SBT\"><img loading=\"lazy\" decoding=\"async\" width=\"768\" height=\"456\" src=\"https:\/\/portalpopmais.com.br\/wp-content\/uploads\/2026\/04\/milena-bbb-26-768x456.png\" class=\"attachment-medium size-medium wp-post-image\" alt=\"milena bbb 26\" style=\"\" srcset=\"https:\/\/portalpopmais.com.br\/wp-content\/uploads\/2026\/04\/milena-bbb-26-768x456.png 768w, https:\/\/portalpopmais.com.br\/wp-content\/uploads\/2026\/04\/milena-bbb-26-18x12.png 18w\" sizes=\"auto, (max-width: 768px) 100vw, 768px\" title=\"\"><\/a><\/div><a class=\"wp-block-latest-posts__post-title\" href=\"https:\/\/portalpopmais.com.br\/en\/tia-milena-pode-apresentar-programa-no-sbt\/\">Tia Milena pode apresentar programa no SBT<\/a><\/li>\n<li><div class=\"wp-block-latest-posts__featured-image aligncenter\"><a href=\"https:\/\/portalpopmais.com.br\/en\/em-meio-a-crise-de-imagem-globo-renova-contrato-de-marcos-mion\/\" aria-label=\"Em meio \u00e0 crise de imagem, Globo renova contrato de Marcos Mion\"><img loading=\"lazy\" decoding=\"async\" width=\"768\" height=\"456\" src=\"https:\/\/portalpopmais.com.br\/wp-content\/uploads\/2021\/02\/Marcos-Mion-No-Limite-1-768x456.jpg\" class=\"attachment-medium size-medium wp-post-image\" alt=\"Marcos Mion-No-Limite\" style=\"\" title=\"\"><\/a><\/div><a class=\"wp-block-latest-posts__post-title\" href=\"https:\/\/portalpopmais.com.br\/en\/em-meio-a-crise-de-imagem-globo-renova-contrato-de-marcos-mion\/\">Em meio \u00e0 crise de imagem, Globo renova contrato de Marcos Mion<\/a><\/li>\n<li><div class=\"wp-block-latest-posts__featured-image aligncenter\"><a href=\"https:\/\/portalpopmais.com.br\/en\/ex-coordenadora-do-jornal-nacional-selma-rita-severo-lins-morre-aos-73-anos\/\" aria-label=\"Ex-coordenadora do Jornal Nacional, Selma Rita Severo Lins morre aos 73 anos\"><img loading=\"lazy\" decoding=\"async\" width=\"768\" height=\"456\" src=\"https:\/\/portalpopmais.com.br\/wp-content\/uploads\/2026\/04\/design-sem-nome-2026-04-18t165815-167-1iusolaha62wp-768x456.png\" class=\"attachment-medium size-medium wp-post-image\" alt=\"design sem nome 2026 04 18t165815 167 1iusolaha62wp\" style=\"\" srcset=\"https:\/\/portalpopmais.com.br\/wp-content\/uploads\/2026\/04\/design-sem-nome-2026-04-18t165815-167-1iusolaha62wp-768x456.png 768w, https:\/\/portalpopmais.com.br\/wp-content\/uploads\/2026\/04\/design-sem-nome-2026-04-18t165815-167-1iusolaha62wp-1170x694.png 1170w, https:\/\/portalpopmais.com.br\/wp-content\/uploads\/2026\/04\/design-sem-nome-2026-04-18t165815-167-1iusolaha62wp-18x10.png 18w\" sizes=\"auto, (max-width: 768px) 100vw, 768px\" title=\"\"><\/a><\/div><a class=\"wp-block-latest-posts__post-title\" href=\"https:\/\/portalpopmais.com.br\/en\/ex-coordenadora-do-jornal-nacional-selma-rita-severo-lins-morre-aos-73-anos\/\">Ex-coordenadora do Jornal Nacional, Selma Rita Severo Lins morre aos 73 anos<\/a><\/li>\n<li><div class=\"wp-block-latest-posts__featured-image aligncenter\"><a href=\"https:\/\/portalpopmais.com.br\/en\/tadeu-homenagem-oscar\/\" aria-label=\"Emocionante: Tadeu Schmidt homenageia irm\u00e3o, Oscar, ao vivo e comove o p\u00fablico; assista\"><img loading=\"lazy\" decoding=\"async\" width=\"768\" height=\"456\" src=\"https:\/\/portalpopmais.com.br\/wp-content\/uploads\/2026\/04\/tadeu-homenagem-oscar-768x456.webp\" class=\"attachment-medium size-medium wp-post-image\" alt=\"tadeu homenagem oscar\" style=\"\" srcset=\"https:\/\/portalpopmais.com.br\/wp-content\/uploads\/2026\/04\/tadeu-homenagem-oscar-768x456.webp 768w, https:\/\/portalpopmais.com.br\/wp-content\/uploads\/2026\/04\/tadeu-homenagem-oscar-18x12.webp 18w\" sizes=\"auto, (max-width: 768px) 100vw, 768px\" title=\"\"><\/a><\/div><a class=\"wp-block-latest-posts__post-title\" href=\"https:\/\/portalpopmais.com.br\/en\/tadeu-homenagem-oscar\/\">Emocionante: Tadeu Schmidt homenageia irm\u00e3o, Oscar, ao vivo e comove o p\u00fablico; assista<\/a><\/li>\n<\/ul>\n\n\n<p>Para o site Em Off&#8221;, Hugo Gross, presidente da entidade, confirmou que Picon recebeu permiss\u00e3o para atuar. Segundo ele, se trata de uma autoriza\u00e7\u00e3o especial e tempor\u00e1ria que possui prazo para terminar ao fim da novela. Ou seja, a influenciadora est\u00e1 legalmente permitida a atuar nas telinhas at\u00e9 que essa documenta\u00e7\u00e3o expire. O presidente ainda revelou que essa autoriza\u00e7\u00e3o \u00e9 paga e equivale a 5% da remunera\u00e7\u00e3o da ex-sister.<\/p>\n\n\n\n<p><em>\u201cContinuamos a defender o registro profissional com unhas e dentes e vamos defender sempre. O Sated dentro da Lei 6533\/78 n\u00e3o tem poder de pol\u00edcia, mas dentro da lei existe uma lacuna, em que qualquer empresa de teatro, de cinema ou de teledramaturgia, que seja de shows, tem o direito a um n\u00famero espec\u00edfico de cada produto. Por isso, existe autoriza\u00e7\u00e3o especial para aquele produto. Nesse caso da Jade Picon, n\u00f3s demos uma autoriza\u00e7\u00e3o especial e espec\u00edfica para aquele produto, v\u00e1lido para o per\u00edodo que foi pedido&#8221;<\/em>, esclareceu Hugo Gross.<\/p>\n\n\n\n<div class=\"wp-block-image is-style-default\"><figure class=\"aligncenter size-large\"><img loading=\"lazy\" decoding=\"async\" width=\"1170\" height=\"694\" src=\"https:\/\/portalpopmais.com.br\/wp-content\/uploads\/2022\/06\/elenco-travessia-1170x694.jpg\" alt=\"jace picon em travessia\" class=\"wp-image-122046\" title=\"\" srcset=\"https:\/\/portalpopmais.com.br\/wp-content\/uploads\/2022\/06\/elenco-travessia-1170x694.jpg 1170w, https:\/\/portalpopmais.com.br\/wp-content\/uploads\/2022\/06\/elenco-travessia-768x456.jpg 768w\" sizes=\"auto, (max-width: 1170px) 100vw, 1170px\" \/><figcaption>Elenco da novela &#8220;Travessia&#8221; &#8211; Foto: Globo\/Estevam Avelar<\/figcaption><\/figure><\/div>\n\n\n\n<p>O ator tamb\u00e9m explicou que a influenciadora n\u00e3o ter\u00e1 direito ao registro profissional quando a trama terminar, e ressaltou que a emissora contratou Jade Picon dentro da lei.<\/p>\n\n\n\n<p><em>\u201cDentro de uma obra podem ter se eu n\u00e3o me engano tr\u00eas para cada produto. Ent\u00e3o mais que isso n\u00e3o pode ser feito. O sindicato n\u00e3o est\u00e1 aqui para tolir trabalho de ningu\u00e9m. Muito menos das empresas. Est\u00e1 aqui pra proteger a lei. E quando a coisa \u00e9 feita dentro da legalidade n\u00e3o tem como negar isso. A Rede Globo fez dentro da legalidade. Foi feita uma reuni\u00e3o e n\u00f3s cedemos uma autoriza\u00e7\u00e3o espec\u00edfica para o produto. E continuaremos lutando e defendendo a classe. Vale salientar que o SATED n\u00e3o tem poder de pol\u00edcia, tem poder de a\u00e7\u00f5es e se tiver que fazer v\u00e1rias a\u00e7\u00f5es junto ao Minist\u00e9rio do Trabalho, assim ser\u00e1 feito em respeito ao trabalhador da arte. Tamb\u00e9m pedimos para que utilizem e tentem utilizar mais pessoas com registro profissional\u201d<\/em>, explicou ele.<\/p>","protected":false},"excerpt":{"rendered":"<p>N\u00e3o teve jeito! A TV Globo fez valer sua influ\u00eancia e confirmou a ex-BBB Jade Picon como protagonista da pr\u00f3xima novela das 21h, &#8220;Travessia&#8221;. Acontece que a participa\u00e7\u00e3o da mo\u00e7a no folhetim deixou muita gente em alerta, j\u00e1 que at\u00e9 o momento ela n\u00e3o possui registro de atriz. Bem antes do an\u00fancio do elenco de [&hellip;]<\/p>\n","protected":false},"author":2,"featured_media":117141,"comment_status":"closed","ping_status":"open","sticky":false,"template":"","format":"standard","meta":{"footnotes":""},"categories":[181],"tags":[9180,11442,1665],"class_list":["post-122044","post","type-post","status-publish","format-standard","has-post-thumbnail","hentry","category-televisao","tag-jade-picon","tag-travessia","tag-tv-globo"],"_links":{"self":[{"href":"https:\/\/portalpopmais.com.br\/en\/wp-json\/wp\/v2\/posts\/122044","targetHints":{"allow":["GET"]}}],"collection":[{"href":"https:\/\/portalpopmais.com.br\/en\/wp-json\/wp\/v2\/posts"}],"about":[{"href":"https:\/\/portalpopmais.com.br\/en\/wp-json\/wp\/v2\/types\/post"}],"author":[{"embeddable":true,"href":"https:\/\/portalpopmais.com.br\/en\/wp-json\/wp\/v2\/users\/2"}],"replies":[{"embeddable":true,"href":"https:\/\/portalpopmais.com.br\/en\/wp-json\/wp\/v2\/comments?post=122044"}],"version-history":[{"count":0,"href":"https:\/\/portalpopmais.com.br\/en\/wp-json\/wp\/v2\/posts\/122044\/revisions"}],"wp:featuredmedia":[{"embeddable":true,"href":"https:\/\/portalpopmais.com.br\/en\/wp-json\/wp\/v2\/media\/117141"}],"wp:attachment":[{"href":"https:\/\/portalpopmais.com.br\/en\/wp-json\/wp\/v2\/media?parent=122044"}],"wp:term":[{"taxonomy":"category","embeddable":true,"href":"https:\/\/portalpopmais.com.br\/en\/wp-json\/wp\/v2\/categories?post=122044"},{"taxonomy":"post_tag","embeddable":true,"href":"https:\/\/portalpopmais.com.br\/en\/wp-json\/wp\/v2\/tags?post=122044"}],"curies":[{"name":"wp","href":"https:\/\/api.w.org\/{rel}","templated":true}]}}