{"id":122194,"date":"2022-06-22T11:23:57","date_gmt":"2022-06-22T14:23:57","guid":{"rendered":"https:\/\/portalpopmais.com.br\/?p=122194"},"modified":"2022-06-22T11:24:02","modified_gmt":"2022-06-22T14:24:02","slug":"micareta-sao-paulo-sucesso-publico-confirma-edicao-2023","status":"publish","type":"post","link":"https:\/\/portalpopmais.com.br\/en\/micareta-sao-paulo-sucesso-publico-confirma-edicao-2023\/","title":{"rendered":"Primeira edi\u00e7\u00e3o da Micareta S\u00e3o Paulo \u00e9 sucesso de p\u00fablico e confirma retorno em 2023"},"content":{"rendered":"<p>A primeira edi\u00e7\u00e3o da <strong><a href=\"https:\/\/portalpopmais.com.br\/en\/micareta-sao-paulo\/\" data-type=\"post\" data-id=\"120949\">Micareta S\u00e3o Paulo<\/a><\/strong> foi um sucesso! Se consolidando com um dos maiores festivais LGBT+ do pa\u00eds, o evento reuniu milhares de foli\u00f5es na Arena Anhembi nos tr\u00eas dias de festa. E a edi\u00e7\u00e3o de 2023 j\u00e1 est\u00e1 confirmada. &#8220;A mistura do ax\u00e9 com pop, funk e eletr\u00f4nico foi um sucesso e o p\u00fablico estava com saudades de uma micareta. Os artistas fizeram apresenta\u00e7\u00f5es memor\u00e1veis e os foli\u00f5es se divertiram muito. E a festa j\u00e1 est\u00e1 confirmada para 2023, ser\u00e1 de 08 a 10 de junho. Mais uma vez vamos levar a magia do carnaval baiano para S\u00e3o Paulo&#8221;, conta Andr\u00e9 Magal, s\u00f3cio da San Sebastian, empresa respons\u00e1vel pela produ\u00e7\u00e3o da Micareta.\u00a0<\/p>\n\n\n\n<p>Durante tr\u00eas dias, o p\u00fablico acompanhou apresenta\u00e7\u00f5es de ax\u00e9, funk, pop e eletr\u00f4nico. Foram 13 shows, dois trios el\u00e9tricos, 24 DJ &#8216;s, mais de 60h de festa, parque de divers\u00e3o, seis bares e pra\u00e7a de alimenta\u00e7\u00e3o. &#8220;Montamos uma estrutura na Arena Anhembi para oferecer para o foli\u00e3o uma festa com muito conforto, momentos memor\u00e1veis e uma experi\u00eancia \u00fanica. \u00c9 uma repagina\u00e7\u00e3o do formato micareta, trazendo novidades para o carnaval indoor&#8221;, explica Magal.\u00a0<\/p>\n\n\n\n<div class=\"wp-block-image is-style-default\"><figure class=\"aligncenter size-full\"><img loading=\"lazy\" decoding=\"async\" width=\"1200\" height=\"1797\" src=\"https:\/\/portalpopmais.com.br\/wp-content\/uploads\/2022\/06\/Luisa-Sonza-Creditos-Igor-Do-O.jpg\" alt=\"Lu\u00edsa Sonza na Micareta S\u00e3o Paulo - Foto: Igor Do \u00d3\" class=\"wp-image-122198\" title=\"\"><figcaption>Lu\u00edsa Sonza na Micareta S\u00e3o Paulo &#8211; Foto: Igor Do \u00d3<\/figcaption><\/figure><\/div>\n\n\n\n<p>A cantora Daniela Mercury foi a respons\u00e1vel por abrir a festa com seus sucessos carnavalescos. Na sequ\u00eancia, Lu\u00edsa Sonza apresentou seus hits com destaque para as m\u00fasicas &#8220;Anaconda&#8221; e &#8220;Sentadona (Remix)&#8221;. Ivete Sangalo foi a \u00faltima atra\u00e7\u00e3o da primeira noite. O show da baiana, o primeiro no trio el\u00e9trico ap\u00f3s o per\u00edodo de pandemia, foi marcado pelas participa\u00e7\u00f5es especiais de Vanessa da Mata e Lu\u00edsa Sonza.&nbsp;<\/p>\n\n\n\n<p>No segundo dia, o Babado Novo abriu a festa com m\u00fasicas que marcam os 20 anos de trajet\u00f3ria da banda. A cantora Gloria Groove cantou as can\u00e7\u00f5es do seu mais recente \u00e1lbum, o &#8220;Lady Leste&#8221; e sucessos de outras eras como &#8220;Bumbum de Ouro&#8221; e &#8220;Coisa Boa&#8221;. J\u00e1 Ludmilla n\u00e3o deixou ningu\u00e9m parado com seus funks e confirmou que est\u00e1 trabalhando em um \u00e1lbum com m\u00fasicas pop. O segundo dia foi encerrado com a apresenta\u00e7\u00e3o da Pabllo Vittar, a cantora retornou ao Brasil ap\u00f3s uma turn\u00ea na Europa e fez um show recheado de hits e muita dan\u00e7a.&nbsp;<\/p>\n\n\n\n<p>O terceiro e \u00faltimo dia do festival come\u00e7ou com a apresenta\u00e7\u00e3o da cantora Pepita. Para ficar mais perto do p\u00fablico, a artista desceu do trio e cantou no ch\u00e3o. O cantor WD foi o convidado especial de Pepita. Quem tamb\u00e9m agitou o s\u00e1bado foi Lia Clark com seus hits que transformaram a Arena em um verdadeiro baile funk. Danny Bond comandou o trio el\u00e9trico na sequ\u00eancia e agitou o p\u00fablico com as suas can\u00e7\u00f5es.<\/p>\n\n\n\n<p>O ax\u00e9 n\u00e3o ficou de fora do \u00faltimo dia de Micareta. Claudia Leitte, Alinne Rosa e \u00c9 o Tchan foram os escalados para levar a m\u00fasica baiana para o Anhembi no s\u00e1bado. Alinne Rosa, longe dos trios desde 2020, matou um pouco da saudade do carnaval e cantou seus hits. Na sequ\u00eancia, Claudia Leitte fez um show marcado por grandes sucessos de sua trajet\u00f3ria de 20 anos de carreira. Um dos destaques da apresenta\u00e7\u00e3o foi a m\u00fasica &#8220;Dengo Meu&#8221;, o mais recente single lan\u00e7ado pela cantora em parceria com Juliette e Lucy Alves. Encerrando a programa\u00e7\u00e3o dos trios el\u00e9tricos, a banda \u00c9 o Tchan cantou os cl\u00e1ssicos que marcam os 28 anos de trajet\u00f3ria da banda.&nbsp;<\/p>\n\n\n\n<p><strong>Micareta Salvador<\/strong><\/p>\n\n\n\n<p>De 04 a 06 de novembro, \u00e9 a vez da capital baiana receber a festa. No primeiro dia de Micareta Salvador, j\u00e1 est\u00e3o confirmados os shows de Claudia Leitte e Pabllo Vittar. Uma terceira atra\u00e7\u00e3o ser\u00e1 anunciada em breve. No segundo dia, cantam Ludmilla, Daniela Mercury e Alinne Rosa. O \u00faltimo dia de Micareta Salvador ser\u00e1 comandado pelas cantoras Ivete Sangalo, Lu\u00edsa Sonza e Gloria Groove. Os ingressos para a festa podem ser comprados no site da San Folia.&nbsp;<\/p>\n\n\n\n<p><strong>Micaretas da San<\/strong><\/p>\n\n\n\n<p>Produzida e idealizada pela San Folia, bra\u00e7o do Grupo San Sebastian, a primeira edi\u00e7\u00e3o das Micaretas da San foi realizada em 2018, em Salvador, com Daniela Mercury, Claudia Leitte, Alinne Rosa, Margareth Menezes e Babado Novo. No ano seguinte, em 2019, a capital baiana recebeu a segunda edi\u00e7\u00e3o do festival com Ivete Sangalo, Claudia Leitte, Daniela Mercury, Alinne Rosa, Babado Novo e Anitta.&nbsp;&nbsp;<\/p>\n\n\n\n<p>A 3\u00aa edi\u00e7\u00e3o da festa, e a primeira de S\u00e3o Paulo, foi realizada de 16 a 18 de junho, com Ivete Sangalo, Daniela Mercury, Claudia Leitte, Pabllo Vittar, Lu\u00edsa Sonza, Gloria Groove, Ludmilla, Babado Novo, Alinne Rosa, Pepita, Danny Bond, Lia Clark e \u00c9 o Tchan.&nbsp;<\/p>","protected":false},"excerpt":{"rendered":"<p>A primeira edi\u00e7\u00e3o da Micareta S\u00e3o Paulo foi um sucesso! Se consolidando com um dos maiores festivais LGBT+ do pa\u00eds, o evento reuniu milhares de foli\u00f5es na Arena Anhembi nos tr\u00eas dias de festa. E a edi\u00e7\u00e3o de 2023 j\u00e1 est\u00e1 confirmada. &#8220;A mistura do ax\u00e9 com pop, funk e eletr\u00f4nico foi um sucesso e [&hellip;]<\/p>\n","protected":false},"author":2,"featured_media":122197,"comment_status":"closed","ping_status":"open","sticky":false,"template":"","format":"standard","meta":{"footnotes":""},"categories":[2215],"tags":[11434],"class_list":["post-122194","post","type-post","status-publish","format-standard","has-post-thumbnail","hentry","category-eventos","tag-micareta-sao-paulo"],"_links":{"self":[{"href":"https:\/\/portalpopmais.com.br\/en\/wp-json\/wp\/v2\/posts\/122194","targetHints":{"allow":["GET"]}}],"collection":[{"href":"https:\/\/portalpopmais.com.br\/en\/wp-json\/wp\/v2\/posts"}],"about":[{"href":"https:\/\/portalpopmais.com.br\/en\/wp-json\/wp\/v2\/types\/post"}],"author":[{"embeddable":true,"href":"https:\/\/portalpopmais.com.br\/en\/wp-json\/wp\/v2\/users\/2"}],"replies":[{"embeddable":true,"href":"https:\/\/portalpopmais.com.br\/en\/wp-json\/wp\/v2\/comments?post=122194"}],"version-history":[{"count":0,"href":"https:\/\/portalpopmais.com.br\/en\/wp-json\/wp\/v2\/posts\/122194\/revisions"}],"wp:featuredmedia":[{"embeddable":true,"href":"https:\/\/portalpopmais.com.br\/en\/wp-json\/wp\/v2\/media\/122197"}],"wp:attachment":[{"href":"https:\/\/portalpopmais.com.br\/en\/wp-json\/wp\/v2\/media?parent=122194"}],"wp:term":[{"taxonomy":"category","embeddable":true,"href":"https:\/\/portalpopmais.com.br\/en\/wp-json\/wp\/v2\/categories?post=122194"},{"taxonomy":"post_tag","embeddable":true,"href":"https:\/\/portalpopmais.com.br\/en\/wp-json\/wp\/v2\/tags?post=122194"}],"curies":[{"name":"wp","href":"https:\/\/api.w.org\/{rel}","templated":true}]}}