{"id":122823,"date":"2022-06-24T11:44:39","date_gmt":"2022-06-24T14:44:39","guid":{"rendered":"https:\/\/portalpopmais.com.br\/?p=122823"},"modified":"2022-06-24T11:44:46","modified_gmt":"2022-06-24T14:44:46","slug":"bolsonaro-e-vaiado-no-sao-joao-de-caruaru-veja-video","status":"publish","type":"post","link":"https:\/\/portalpopmais.com.br\/en\/bolsonaro-e-vaiado-no-sao-joao-de-caruaru-veja-video\/","title":{"rendered":"Bolsonaro \u00e9 vaiado no S\u00e3o Jo\u00e3o de Caruaru; veja v\u00eddeo"},"content":{"rendered":"<p class=\"wp-block-paragraph\">O presidente <strong><a href=\"https:\/\/portalpopmais.com.br\/en\/ministro-bolsonaro-renovar-concessao-globo\/\" data-type=\"post\" data-id=\"121379\">Jair Bolsonaro<\/a><\/strong> foi vaiado ap\u00f3s subir no palco do S\u00e3o Jo\u00e3o de Caruaru, em Pernambuco, nesta quinta-feira (23). <\/p>\n\n\n\n<p class=\"wp-block-paragraph\">Bolsonaro fez uma participa\u00e7\u00e3o apressada no evento. Ele se limitou a falar por menos de 30 segundos, mas foi o suficiente para receber a recusa da plateia. \u201c<em>Uma satisfa\u00e7\u00e3o muito grande estar no Nordeste\u2026 A todos voc\u00eas: que Deus ilumine cada um. E que Deus aben\u00e7oe todo o Brasil. Muito obrigado a todos voc\u00eas\u201d<\/em>, disse, antes de deixar o <a href=\"http:\/\/Instagram.com\/portalpopmais\" target=\"_blank\" rel=\"noopener\">palco<\/a>.<\/p>\n\n\n\n<p class=\"wp-block-paragraph\">V\u00eddeos que circulam nas redes sociais mostram o momento em que o presidente \u00e9 vaiado. Um coro tamb\u00e9m se formou com a frase &#8220;Eu, Bolsonaro. Vai tomar no c#&#8221;. Assista:<\/p>\n\n\n\n<figure class=\"wp-block-embed is-type-rich is-provider-twitter wp-block-embed-twitter\"><div class=\"wp-block-embed__wrapper\">\n<blockquote class=\"twitter-tweet\" data-width=\"550\" data-dnt=\"true\"><p lang=\"pt\" dir=\"ltr\">Bolsonaro vaiado e xingado na festa de Caruaru, agora \u00e0 noite <a href=\"https:\/\/t.co\/LezPH8tMek\">pic.twitter.com\/LezPH8tMek<\/a><\/p>&mdash; Euclides Lula (@joseeuclides30) <a href=\"https:\/\/twitter.com\/joseeuclides30\/status\/1540183275112734720?ref_src=twsrc%5Etfw\" target=\"_blank\" rel=\"noopener\">June 24, 2022<\/a><\/blockquote><script async src=\"https:\/\/platform.twitter.com\/widgets.js\" charset=\"utf-8\"><\/script>\n<\/div><\/figure>","protected":false},"excerpt":{"rendered":"<p>O presidente Jair Bolsonaro foi vaiado ap\u00f3s subir no palco do S\u00e3o Jo\u00e3o de Caruaru, em Pernambuco, nesta quinta-feira (23). Bolsonaro fez uma participa\u00e7\u00e3o apressada no evento. Ele se limitou a falar por menos de 30 segundos, mas foi o suficiente para receber a recusa da plateia. \u201cUma satisfa\u00e7\u00e3o muito grande estar no Nordeste\u2026 A [&hellip;]<\/p>\n","protected":false},"author":2,"featured_media":71957,"comment_status":"closed","ping_status":"open","sticky":false,"template":"","format":"standard","meta":{"footnotes":""},"categories":[2165],"tags":[577],"class_list":["post-122823","post","type-post","status-publish","format-standard","has-post-thumbnail","hentry","category-noticias","tag-jair-bolsonaro"],"_links":{"self":[{"href":"https:\/\/portalpopmais.com.br\/en\/wp-json\/wp\/v2\/posts\/122823","targetHints":{"allow":["GET"]}}],"collection":[{"href":"https:\/\/portalpopmais.com.br\/en\/wp-json\/wp\/v2\/posts"}],"about":[{"href":"https:\/\/portalpopmais.com.br\/en\/wp-json\/wp\/v2\/types\/post"}],"author":[{"embeddable":true,"href":"https:\/\/portalpopmais.com.br\/en\/wp-json\/wp\/v2\/users\/2"}],"replies":[{"embeddable":true,"href":"https:\/\/portalpopmais.com.br\/en\/wp-json\/wp\/v2\/comments?post=122823"}],"version-history":[{"count":0,"href":"https:\/\/portalpopmais.com.br\/en\/wp-json\/wp\/v2\/posts\/122823\/revisions"}],"wp:featuredmedia":[{"embeddable":true,"href":"https:\/\/portalpopmais.com.br\/en\/wp-json\/wp\/v2\/media\/71957"}],"wp:attachment":[{"href":"https:\/\/portalpopmais.com.br\/en\/wp-json\/wp\/v2\/media?parent=122823"}],"wp:term":[{"taxonomy":"category","embeddable":true,"href":"https:\/\/portalpopmais.com.br\/en\/wp-json\/wp\/v2\/categories?post=122823"},{"taxonomy":"post_tag","embeddable":true,"href":"https:\/\/portalpopmais.com.br\/en\/wp-json\/wp\/v2\/tags?post=122823"}],"curies":[{"name":"wp","href":"https:\/\/api.w.org\/{rel}","templated":true}]}}