{"id":123154,"date":"2022-06-25T23:21:04","date_gmt":"2022-06-26T02:21:04","guid":{"rendered":"https:\/\/portalpopmais.com.br\/?p=123154"},"modified":"2022-06-25T23:21:10","modified_gmt":"2022-06-26T02:21:10","slug":"internautas-mutirao-derrubar-leo-dias-antonia-fontenelle","status":"publish","type":"post","link":"https:\/\/portalpopmais.com.br\/en\/internautas-mutirao-derrubar-leo-dias-antonia-fontenelle\/","title":{"rendered":"Internautas promovem mutir\u00e3o para derrubar contas de Leo Dias e Antonia Fontenelle nas redes sociais"},"content":{"rendered":"\n<p class=\"wp-block-paragraph\"><strong><a href=\"https:\/\/portalpopmais.com.br\/antonia-fontenelle-rebate-criticas-apos-expor-historia-e-ataca-klara-castanho-meus-b-os-eu-assumo-meus-filhos-tambem\/\" data-type=\"post\" data-id=\"123138\">Antonia Fontenelle<\/a><\/strong> e <strong><a href=\"http:\/\/instagram.com\/portalpopmais\" target=\"_blank\" rel=\"noopener\">Leo Dias<\/a><\/strong> se tornaram os assuntos mais comentados das redes sociais, neste s\u00e1bado (25). Isso ocorreu ap\u00f3s o jornalista afirmar que uma atriz havia dado um filho para ado\u00e7\u00e3o. O caso pegou fogo ap\u00f3s Fontenelle comentar sobre o assunto em um v\u00eddeo no seu canal no YouTube. <\/p>\n\n\n\n<p class=\"wp-block-paragraph\">\u201cTrata-se de uma atriz da Globo, ela tem 21 anos de idade. Essa menina de 21 anos engravidou, escondeu a <em>gravidez, inclusive trabalhou durante a gravidez, pariu o filho dela. Segundo as informa\u00e7\u00f5es que ele [Leo Dias] tem, pediu que o hospital apagasse a entrada dela no hospital e pediu que nem queria ver o filho\u201d,<\/em> disse Antonia.<\/p>\n\n\n\n<h2 class=\"wp-block-heading\">Veja tamb\u00e9m<\/h2>\n\n\n<ul class=\"wp-block-latest-posts__list is-grid aligncenter wp-block-latest-posts is-layout-flow wp-block-latest-posts-is-layout-flow\"><li><div class=\"wp-block-latest-posts__featured-image aligncenter\"><a href=\"https:\/\/portalpopmais.com.br\/en\/morte-da-princesa-diana-completa-29-anos-saiba-o-que-aconteceu-com-o-unico-sobrevivente-do-acidente\/\" aria-label=\"Morte da princesa Diana completa 29 anos: saiba o que aconteceu com o \u00fanico sobrevivente do acidente\"><img loading=\"lazy\" decoding=\"async\" width=\"768\" height=\"456\" src=\"https:\/\/portalpopmais.com.br\/wp-content\/uploads\/2022\/08\/Princesa-Diana-768x456.jpg\" class=\"attachment-medium size-medium wp-post-image\" alt=\"Princesa Diana\" style=\"\" srcset=\"https:\/\/portalpopmais.com.br\/wp-content\/uploads\/2022\/08\/Princesa-Diana-768x456.jpg 768w, https:\/\/portalpopmais.com.br\/wp-content\/uploads\/2022\/08\/Princesa-Diana-1170x694.jpg 1170w\" sizes=\"auto, (max-width: 768px) 100vw, 768px\" title=\"\"><\/a><\/div><a class=\"wp-block-latest-posts__post-title\" href=\"https:\/\/portalpopmais.com.br\/en\/morte-da-princesa-diana-completa-29-anos-saiba-o-que-aconteceu-com-o-unico-sobrevivente-do-acidente\/\">Morte da princesa Diana completa 29 anos: saiba o que aconteceu com o \u00fanico sobrevivente do acidente<\/a><\/li>\n<li><div class=\"wp-block-latest-posts__featured-image aligncenter\"><a href=\"https:\/\/portalpopmais.com.br\/en\/carlinhos-maia-duvida-orientacao-sexual\/\" aria-label=\"Carlinhos Maia admite d\u00favida sobre ainda ser gay: &#8216;Nem eu sei mais&#8217;\"><img loading=\"lazy\" decoding=\"async\" width=\"768\" height=\"456\" src=\"https:\/\/portalpopmais.com.br\/wp-content\/uploads\/2026\/08\/Carlinhos-Maia-admite-duvida-sobre-orientacao-sexual-portalpopmais-768x456.jpg\" class=\"attachment-medium size-medium wp-post-image\" alt=\"Carlinhos Maia admite d\u00favida sobre orienta\u00e7\u00e3o sexual portalpopmais\" style=\"\" srcset=\"https:\/\/portalpopmais.com.br\/wp-content\/uploads\/2026\/08\/Carlinhos-Maia-admite-duvida-sobre-orientacao-sexual-portalpopmais-768x456.jpg 768w, https:\/\/portalpopmais.com.br\/wp-content\/uploads\/2026\/08\/Carlinhos-Maia-admite-duvida-sobre-orientacao-sexual-portalpopmais-1170x694.jpg 1170w, https:\/\/portalpopmais.com.br\/wp-content\/uploads\/2026\/08\/Carlinhos-Maia-admite-duvida-sobre-orientacao-sexual-portalpopmais-18x10.jpg 18w\" sizes=\"auto, (max-width: 768px) 100vw, 768px\" title=\"\"><\/a><\/div><a class=\"wp-block-latest-posts__post-title\" href=\"https:\/\/portalpopmais.com.br\/en\/carlinhos-maia-duvida-orientacao-sexual\/\">Carlinhos Maia admite d\u00favida sobre ainda ser gay: &#8216;Nem eu sei mais&#8217;<\/a><\/li>\n<li><div class=\"wp-block-latest-posts__featured-image aligncenter\"><a href=\"https:\/\/portalpopmais.com.br\/en\/virginia-viral-resposta-ia-sobre-sua-vida\/\" aria-label=\"Virginia Fonseca compartilha resposta de IA sobre sua vida e texto viraliza nas redes\"><img loading=\"lazy\" decoding=\"async\" width=\"768\" height=\"456\" src=\"https:\/\/portalpopmais.com.br\/wp-content\/uploads\/2026\/08\/virginia-viraliza-resposta-ia-portalpopmais-768x456.png\" class=\"attachment-medium size-medium wp-post-image\" alt=\"virginia viraliza resposta ia portalpopmais\" style=\"\" srcset=\"https:\/\/portalpopmais.com.br\/wp-content\/uploads\/2026\/08\/virginia-viraliza-resposta-ia-portalpopmais-768x456.png 768w, https:\/\/portalpopmais.com.br\/wp-content\/uploads\/2026\/08\/virginia-viraliza-resposta-ia-portalpopmais-1170x694.png 1170w, https:\/\/portalpopmais.com.br\/wp-content\/uploads\/2026\/08\/virginia-viraliza-resposta-ia-portalpopmais-18x10.png 18w\" sizes=\"auto, (max-width: 768px) 100vw, 768px\" title=\"\"><\/a><\/div><a class=\"wp-block-latest-posts__post-title\" href=\"https:\/\/portalpopmais.com.br\/en\/virginia-viral-resposta-ia-sobre-sua-vida\/\">Virginia Fonseca compartilha resposta de IA sobre sua vida e texto viraliza nas redes<\/a><\/li>\n<li><div class=\"wp-block-latest-posts__featured-image aligncenter\"><a href=\"https:\/\/portalpopmais.com.br\/en\/primo-aaliyah-responsavel-acidente-matou\/\" aria-label=\"Pai acusa o filho de ser respons\u00e1vel pelo acidente que matou a cantora Aaliyah, diz processo\"><img loading=\"lazy\" decoding=\"async\" width=\"768\" height=\"456\" src=\"https:\/\/portalpopmais.com.br\/wp-content\/uploads\/2026\/08\/aaliyah-portalpopmais-768x456.webp\" class=\"attachment-medium size-medium wp-post-image\" alt=\"aaliyah portalpopmais\" style=\"\" srcset=\"https:\/\/portalpopmais.com.br\/wp-content\/uploads\/2026\/08\/aaliyah-portalpopmais-768x456.webp 768w, https:\/\/portalpopmais.com.br\/wp-content\/uploads\/2026\/08\/aaliyah-portalpopmais-1170x694.webp 1170w, https:\/\/portalpopmais.com.br\/wp-content\/uploads\/2026\/08\/aaliyah-portalpopmais-18x10.webp 18w\" sizes=\"auto, (max-width: 768px) 100vw, 768px\" title=\"\"><\/a><\/div><a class=\"wp-block-latest-posts__post-title\" href=\"https:\/\/portalpopmais.com.br\/en\/primo-aaliyah-responsavel-acidente-matou\/\">Pai acusa o filho de ser respons\u00e1vel pelo acidente que matou a cantora Aaliyah, diz processo<\/a><\/li>\n<li><div class=\"wp-block-latest-posts__featured-image aligncenter\"><a href=\"https:\/\/portalpopmais.com.br\/en\/maya-massafera-e-hospitalizada-apos-sofrer-principio-de-avc-em-sao-paulo\/\" aria-label=\"Maya Massafera \u00e9 hospitalizada ap\u00f3s sofrer princ\u00edpio de AVC em S\u00e3o Paulo\"><img loading=\"lazy\" decoding=\"async\" width=\"768\" height=\"456\" src=\"https:\/\/portalpopmais.com.br\/wp-content\/uploads\/2025\/09\/maya-massafera-vai-ser-mae-768x456.jpg\" class=\"attachment-medium size-medium wp-post-image\" alt=\"Maya Massafera revela desafios da transi\u00e7\u00e3o e planos para a maternidade\" style=\"\" srcset=\"https:\/\/portalpopmais.com.br\/wp-content\/uploads\/2025\/09\/maya-massafera-vai-ser-mae-768x456.jpg 768w, https:\/\/portalpopmais.com.br\/wp-content\/uploads\/2025\/09\/maya-massafera-vai-ser-mae-1170x694.jpg 1170w, https:\/\/portalpopmais.com.br\/wp-content\/uploads\/2025\/09\/maya-massafera-vai-ser-mae-18x10.jpg 18w\" sizes=\"auto, (max-width: 768px) 100vw, 768px\" title=\"\"><\/a><\/div><a class=\"wp-block-latest-posts__post-title\" href=\"https:\/\/portalpopmais.com.br\/en\/maya-massafera-e-hospitalizada-apos-sofrer-principio-de-avc-em-sao-paulo\/\">Maya Massafera \u00e9 hospitalizada ap\u00f3s sofrer princ\u00edpio de AVC em S\u00e3o Paulo<\/a><\/li>\n<li><div class=\"wp-block-latest-posts__featured-image aligncenter\"><a href=\"https:\/\/portalpopmais.com.br\/en\/novo-video-lito-sousa-mligare\/\" aria-label=\"Internado, Lito Sousa grava v\u00eddeo e demonstra esperan\u00e7a: &#8220;Vamos presenciar um milagre&#8221;\"><img loading=\"lazy\" decoding=\"async\" width=\"768\" height=\"456\" src=\"https:\/\/portalpopmais.com.br\/wp-content\/uploads\/2026\/08\/lito-sousa-768x456.jpg\" class=\"attachment-medium size-medium wp-post-image\" alt=\"lito sousa\" style=\"\" srcset=\"https:\/\/portalpopmais.com.br\/wp-content\/uploads\/2026\/08\/lito-sousa-768x456.jpg 768w, https:\/\/portalpopmais.com.br\/wp-content\/uploads\/2026\/08\/lito-sousa-1170x694.jpg 1170w, https:\/\/portalpopmais.com.br\/wp-content\/uploads\/2026\/08\/lito-sousa-18x10.jpg 18w\" sizes=\"auto, (max-width: 768px) 100vw, 768px\" title=\"\"><\/a><\/div><a class=\"wp-block-latest-posts__post-title\" href=\"https:\/\/portalpopmais.com.br\/en\/novo-video-lito-sousa-mligare\/\">Internado, Lito Sousa grava v\u00eddeo e demonstra esperan\u00e7a: &#8220;Vamos presenciar um milagre&#8221;<\/a><\/li>\n<\/ul>\n\n\n<p class=\"wp-block-paragraph\">Por conta da repercuss\u00e3o, a atriz Klara Castanho admitiu que foi ela quem deu a crian\u00e7a para a ado\u00e7\u00e3o. A gravidez ocorreu ap\u00f3s ela ser v\u00edtima de viol\u00eancia sexual. <\/p>\n\n\n\n<p class=\"wp-block-paragraph\">A forma como Leo Dias e Antonia Fontenelle exporam o caso na internet deixou muita gente revoltada. Por conta disso, usu\u00e1rios no Twitter resolveram fazer um mutir\u00e3o para tentar derrubar as contas de ambos nas redes sociais. <\/p>\n\n\n\n<p class=\"wp-block-paragraph\">Veja algumas rea\u00e7\u00f5es:<\/p>\n\n\n\n<figure class=\"wp-block-embed is-type-rich is-provider-twitter wp-block-embed-twitter\"><div class=\"wp-block-embed__wrapper\">\n<blockquote class=\"twitter-tweet\" data-width=\"550\" data-dnt=\"true\"><p lang=\"pt\" dir=\"ltr\">\ud83d\udea8 MUTIR\u00c3O DE DEN\u00daNCIA \ud83d\udea8<br><br>Se cada pessoa denunciar a conta deles 10 vezes, a gente consegue derrubar!!!<br><br>L\u00e9o Dias: <a href=\"https:\/\/t.co\/hdds6S0JOA\">https:\/\/t.co\/hdds6S0JOA<\/a><br><br>Ant\u00f4nia Fontenelle: <a href=\"https:\/\/t.co\/bTwAwbyp5m\">https:\/\/t.co\/bTwAwbyp5m<\/a> <a href=\"https:\/\/t.co\/DANjYgb3OV\">pic.twitter.com\/DANjYgb3OV<\/a><\/p>&mdash; Nicollas (@nnicoollass) <a href=\"https:\/\/twitter.com\/nnicoollass\/status\/1540851941705764868?ref_src=twsrc%5Etfw\" target=\"_blank\" rel=\"noopener\">June 26, 2022<\/a><\/blockquote><script async src=\"https:\/\/platform.twitter.com\/widgets.js\" charset=\"utf-8\"><\/script>\n<\/div><\/figure>\n\n\n\n<figure class=\"wp-block-embed is-type-rich is-provider-twitter wp-block-embed-twitter\"><div class=\"wp-block-embed__wrapper\">\n<blockquote class=\"twitter-tweet\" data-width=\"550\" data-dnt=\"true\"><p lang=\"pt\" dir=\"ltr\">Nessa hist\u00f3ria da Klara Castanho, o que mais me deixa indignado \u00e9 a postura da Ant\u00f4nia Fontenelle. O que essa mulher tem a ver com isso? Quem entregou a ela essa r\u00e9gua da moralidade pra fazer amea\u00e7as sobre revelar ou n\u00e3o nomes em uma situa\u00e7\u00e3o que n\u00e3o lhe diz respeito?<\/p>&mdash; Garoto do blog (@garotxdoblogofc) <a href=\"https:\/\/twitter.com\/garotxdoblogofc\/status\/1540851316188225536?ref_src=twsrc%5Etfw\" target=\"_blank\" rel=\"noopener\">June 26, 2022<\/a><\/blockquote><script async src=\"https:\/\/platform.twitter.com\/widgets.js\" charset=\"utf-8\"><\/script>\n<\/div><\/figure>\n\n\n\n<figure class=\"wp-block-embed is-type-rich is-provider-twitter wp-block-embed-twitter\"><div class=\"wp-block-embed__wrapper\">\n<blockquote class=\"twitter-tweet\" data-width=\"550\" data-dnt=\"true\"><p lang=\"pt\" dir=\"ltr\">o post que a antonia fontenelle fez mais cedo\u2026 que \u00d3DIO <a href=\"https:\/\/t.co\/I1kiJ5BNud\">pic.twitter.com\/I1kiJ5BNud<\/a><\/p>&mdash; matheus (@whomath) <a href=\"https:\/\/twitter.com\/whomath\/status\/1540844632354996224?ref_src=twsrc%5Etfw\" target=\"_blank\" rel=\"noopener\">June 25, 2022<\/a><\/blockquote><script async src=\"https:\/\/platform.twitter.com\/widgets.js\" charset=\"utf-8\"><\/script>\n<\/div><\/figure>\n","protected":false},"excerpt":{"rendered":"<p>Antonia Fontenelle e Leo Dias se tornaram os assuntos mais comentados das redes sociais, neste s\u00e1bado (25). Isso ocorreu ap\u00f3s o jornalista afirmar que uma atriz havia dado um filho para ado\u00e7\u00e3o. O caso pegou fogo ap\u00f3s Fontenelle comentar sobre o assunto em um v\u00eddeo no seu canal no YouTube. \u201cTrata-se de uma atriz da [&hellip;]<\/p>\n","protected":false},"author":2,"featured_media":123159,"comment_status":"closed","ping_status":"open","sticky":false,"template":"","format":"standard","meta":{"footnotes":""},"categories":[2293],"tags":[2395,11561,425],"class_list":["post-123154","post","type-post","status-publish","format-standard","has-post-thumbnail","hentry","category-internet","tag-antonia-fontenelle","tag-klara-castanho","tag-leo-dias"],"_links":{"self":[{"href":"https:\/\/portalpopmais.com.br\/en\/wp-json\/wp\/v2\/posts\/123154","targetHints":{"allow":["GET"]}}],"collection":[{"href":"https:\/\/portalpopmais.com.br\/en\/wp-json\/wp\/v2\/posts"}],"about":[{"href":"https:\/\/portalpopmais.com.br\/en\/wp-json\/wp\/v2\/types\/post"}],"author":[{"embeddable":true,"href":"https:\/\/portalpopmais.com.br\/en\/wp-json\/wp\/v2\/users\/2"}],"replies":[{"embeddable":true,"href":"https:\/\/portalpopmais.com.br\/en\/wp-json\/wp\/v2\/comments?post=123154"}],"version-history":[{"count":0,"href":"https:\/\/portalpopmais.com.br\/en\/wp-json\/wp\/v2\/posts\/123154\/revisions"}],"wp:featuredmedia":[{"embeddable":true,"href":"https:\/\/portalpopmais.com.br\/en\/wp-json\/wp\/v2\/media\/123159"}],"wp:attachment":[{"href":"https:\/\/portalpopmais.com.br\/en\/wp-json\/wp\/v2\/media?parent=123154"}],"wp:term":[{"taxonomy":"category","embeddable":true,"href":"https:\/\/portalpopmais.com.br\/en\/wp-json\/wp\/v2\/categories?post=123154"},{"taxonomy":"post_tag","embeddable":true,"href":"https:\/\/portalpopmais.com.br\/en\/wp-json\/wp\/v2\/tags?post=123154"}],"curies":[{"name":"wp","href":"https:\/\/api.w.org\/{rel}","templated":true}]}}