{"id":123653,"date":"2022-06-28T20:13:04","date_gmt":"2022-06-28T23:13:04","guid":{"rendered":"https:\/\/portalpopmais.com.br\/?p=123653"},"modified":"2022-06-28T20:13:10","modified_gmt":"2022-06-28T23:13:10","slug":"wanessa-camargo-dado-dolabella-namorando","status":"publish","type":"post","link":"https:\/\/portalpopmais.com.br\/en\/wanessa-camargo-dado-dolabella-namorando\/","title":{"rendered":"Primo confirma namoro de Wanessa Camargo e Dado Dolabella: &#8220;Todo mundo sabe&#8221;"},"content":{"rendered":"<p class=\"wp-block-paragraph\">Tudo indica que <strong><a href=\"https:\/\/portalpopmais.com.br\/en\/esposo-de-wanessa-camargo-descobriu-traicao-com-dado-dolabella-apos-contratar-detetive-diz-site\/\" data-type=\"post\" data-id=\"117699\">Wanessa Camargo<\/a><\/strong> e <strong><a href=\"http:\/\/instagram.com\/portalpopmais\" target=\"_blank\" rel=\"noopener\">Dado Dolabella<\/a><\/strong> est\u00e3o namorando. Quem soltou a informa\u00e7\u00e3o foi o primo da cantora, Nathan Camargo, em entrevista ao podcast &#8220;A Hora da Venenosa&#8221;, apresentado por D\u00e9bora Lyra, na Record TV Goi\u00e1s.<\/p>\n\n\n\n<p class=\"wp-block-paragraph\">Segundo ele, o casal j\u00e1 assumiu o romance para a fam\u00edlia, ele, inclusive, convidou os dois para o seu pr\u00f3prio casamento. <em>&#8220;Todo mundo sabe que eles est\u00e3o juntos&#8221;, <\/em>afirmou.<\/p>\n\n\n\n<h2 class=\"wp-block-heading\">Veja tamb\u00e9m<\/h2>\n\n\n<ul class=\"wp-block-latest-posts__list is-grid aligncenter wp-block-latest-posts is-layout-flow wp-block-latest-posts-is-layout-flow\"><li><div class=\"wp-block-latest-posts__featured-image aligncenter\"><a href=\"https:\/\/portalpopmais.com.br\/en\/justica-condena-miguel-falabella-por-plagio-em-peca-de-teatro\/\" aria-label=\"Justi\u00e7a condena Miguel Falabella por pl\u00e1gio em pe\u00e7a de teatro\"><img loading=\"lazy\" decoding=\"async\" width=\"768\" height=\"456\" src=\"https:\/\/portalpopmais.com.br\/wp-content\/uploads\/2020\/06\/falabella-768x456.jpg\" class=\"attachment-medium size-medium wp-post-image\" alt=\"Miguel Falabella \u00e9 demitido da Globo ap\u00f3s quase 40 anos\" style=\"\" srcset=\"https:\/\/portalpopmais.com.br\/wp-content\/uploads\/2020\/06\/falabella-768x456.jpg 768w, https:\/\/portalpopmais.com.br\/wp-content\/uploads\/2020\/06\/falabella-1170x694.jpg 1170w\" sizes=\"auto, (max-width: 768px) 100vw, 768px\" title=\"\"><\/a><\/div><a class=\"wp-block-latest-posts__post-title\" href=\"https:\/\/portalpopmais.com.br\/en\/justica-condena-miguel-falabella-por-plagio-em-peca-de-teatro\/\">Justi\u00e7a condena Miguel Falabella por pl\u00e1gio em pe\u00e7a de teatro<\/a><\/li>\n<li><div class=\"wp-block-latest-posts__featured-image aligncenter\"><a href=\"https:\/\/portalpopmais.com.br\/en\/juliano-floss-e-flagrado-em-momento-intimo-com-affair\/\" aria-label=\"Juliano Floss \u00e9 flagrado em momento \u00edntimo com affair\"><img loading=\"lazy\" decoding=\"async\" width=\"768\" height=\"456\" src=\"https:\/\/portalpopmais.com.br\/wp-content\/uploads\/2026\/02\/juliano-floss-768x456.jpg\" class=\"attachment-medium size-medium wp-post-image\" alt=\"juliano floss\" style=\"\" srcset=\"https:\/\/portalpopmais.com.br\/wp-content\/uploads\/2026\/02\/juliano-floss-768x456.jpg 768w, https:\/\/portalpopmais.com.br\/wp-content\/uploads\/2026\/02\/juliano-floss-1170x694.jpg 1170w, https:\/\/portalpopmais.com.br\/wp-content\/uploads\/2026\/02\/juliano-floss-18x10.jpg 18w\" sizes=\"auto, (max-width: 768px) 100vw, 768px\" title=\"\"><\/a><\/div><a class=\"wp-block-latest-posts__post-title\" href=\"https:\/\/portalpopmais.com.br\/en\/juliano-floss-e-flagrado-em-momento-intimo-com-affair\/\">Juliano Floss \u00e9 flagrado em momento \u00edntimo com affair<\/a><\/li>\n<li><div class=\"wp-block-latest-posts__featured-image aligncenter\"><a href=\"https:\/\/portalpopmais.com.br\/en\/gloria-steinem-um-dos-maiores-icones-do-feminismo-mundial-morre-aos-92-anos\/\" aria-label=\"Gloria Steinem, um dos maiores \u00edcones do feminismo mundial, morre aos 92 anos\"><img loading=\"lazy\" decoding=\"async\" width=\"768\" height=\"456\" src=\"https:\/\/portalpopmais.com.br\/wp-content\/uploads\/2026\/09\/Gloria-Steinem-768x456.webp\" class=\"attachment-medium size-medium wp-post-image\" alt=\"Gloria Steinem\" style=\"\" srcset=\"https:\/\/portalpopmais.com.br\/wp-content\/uploads\/2026\/09\/Gloria-Steinem-768x456.webp 768w, https:\/\/portalpopmais.com.br\/wp-content\/uploads\/2026\/09\/Gloria-Steinem-1170x694.webp 1170w, https:\/\/portalpopmais.com.br\/wp-content\/uploads\/2026\/09\/Gloria-Steinem-18x12.webp 18w\" sizes=\"auto, (max-width: 768px) 100vw, 768px\" title=\"\"><\/a><\/div><a class=\"wp-block-latest-posts__post-title\" href=\"https:\/\/portalpopmais.com.br\/en\/gloria-steinem-um-dos-maiores-icones-do-feminismo-mundial-morre-aos-92-anos\/\">Gloria Steinem, um dos maiores \u00edcones do feminismo mundial, morre aos 92 anos<\/a><\/li>\n<li><div class=\"wp-block-latest-posts__featured-image aligncenter\"><a href=\"https:\/\/portalpopmais.com.br\/en\/supernanny-cris-poli-emociona-ao-falar-sobre-a-morte-de-um-dos-filhos-vitima-de-cancer\/\" aria-label=\"Supernanny, Cris Poli, emociona ao falar sobre a morte de um dos filhos v\u00edtima de c\u00e2ncer\"><img loading=\"lazy\" decoding=\"async\" width=\"768\" height=\"456\" src=\"https:\/\/portalpopmais.com.br\/wp-content\/uploads\/2026\/09\/1_lembra-dela-supernanny-faz-desabafo-comovente-apos-morte-do-filho-67584505-768x456.jpg\" class=\"attachment-medium size-medium wp-post-image\" alt=\"1 lembra dela supernanny faz desabafo comovente apos morte do filho 67584505\" style=\"\" srcset=\"https:\/\/portalpopmais.com.br\/wp-content\/uploads\/2026\/09\/1_lembra-dela-supernanny-faz-desabafo-comovente-apos-morte-do-filho-67584505-768x456.jpg 768w, https:\/\/portalpopmais.com.br\/wp-content\/uploads\/2026\/09\/1_lembra-dela-supernanny-faz-desabafo-comovente-apos-morte-do-filho-67584505-1170x694.jpg 1170w, https:\/\/portalpopmais.com.br\/wp-content\/uploads\/2026\/09\/1_lembra-dela-supernanny-faz-desabafo-comovente-apos-morte-do-filho-67584505-18x12.jpg 18w\" sizes=\"auto, (max-width: 768px) 100vw, 768px\" title=\"\"><\/a><\/div><a class=\"wp-block-latest-posts__post-title\" href=\"https:\/\/portalpopmais.com.br\/en\/supernanny-cris-poli-emociona-ao-falar-sobre-a-morte-de-um-dos-filhos-vitima-de-cancer\/\">Supernanny, Cris Poli, emociona ao falar sobre a morte de um dos filhos v\u00edtima de c\u00e2ncer<\/a><\/li>\n<li><div class=\"wp-block-latest-posts__featured-image aligncenter\"><a href=\"https:\/\/portalpopmais.com.br\/en\/diego-hypolito-antes-depois-procedimentos\/\" aria-label=\"Diego Hypolito mostra o antes e depois ap\u00f3s procedimentos est\u00e9ticos e surpreende\"><img loading=\"lazy\" decoding=\"async\" width=\"768\" height=\"456\" src=\"https:\/\/portalpopmais.com.br\/wp-content\/uploads\/2026\/09\/Diego-Hypolito-mostra-antes-e-depois-de-procedimentos-esteticos-768x456.png\" class=\"attachment-medium size-medium wp-post-image\" alt=\"Diego Hypolito mostra antes e depois de procedimentos est\u00e9ticos\" style=\"\" srcset=\"https:\/\/portalpopmais.com.br\/wp-content\/uploads\/2026\/09\/Diego-Hypolito-mostra-antes-e-depois-de-procedimentos-esteticos-768x456.png 768w, https:\/\/portalpopmais.com.br\/wp-content\/uploads\/2026\/09\/Diego-Hypolito-mostra-antes-e-depois-de-procedimentos-esteticos-1170x694.png 1170w, https:\/\/portalpopmais.com.br\/wp-content\/uploads\/2026\/09\/Diego-Hypolito-mostra-antes-e-depois-de-procedimentos-esteticos-18x12.png 18w\" sizes=\"auto, (max-width: 768px) 100vw, 768px\" title=\"\"><\/a><\/div><a class=\"wp-block-latest-posts__post-title\" href=\"https:\/\/portalpopmais.com.br\/en\/diego-hypolito-antes-depois-procedimentos\/\">Diego Hypolito mostra o antes e depois ap\u00f3s procedimentos est\u00e9ticos e surpreende<\/a><\/li>\n<li><div class=\"wp-block-latest-posts__featured-image aligncenter\"><a href=\"https:\/\/portalpopmais.com.br\/en\/ex-astro-de-reality-da-mtv-assume-novo-romance-apos-se-declarar-ex-gay\/\" aria-label=\"Ex-astro de reality da MTV assume novo romance ap\u00f3s se declarar &#8216;ex-gay&#8217;\"><img loading=\"lazy\" decoding=\"async\" width=\"768\" height=\"456\" src=\"https:\/\/portalpopmais.com.br\/wp-content\/uploads\/2026\/09\/Screenshot_20260903-063518-768x456.png\" class=\"attachment-medium size-medium wp-post-image\" alt=\"Screenshot 20260903 063518\" style=\"\" title=\"\"><\/a><\/div><a class=\"wp-block-latest-posts__post-title\" href=\"https:\/\/portalpopmais.com.br\/en\/ex-astro-de-reality-da-mtv-assume-novo-romance-apos-se-declarar-ex-gay\/\">Ex-astro de reality da MTV assume novo romance ap\u00f3s se declarar &#8216;ex-gay&#8217;<\/a><\/li>\n<\/ul>\n\n\n<p class=\"wp-block-paragraph\">Apesar do convite, ele contou que os dois n\u00e3o compareceram ao cas\u00f3rio porque os filhos da cantora estavam doentes, mas todos est\u00e3o cientes do romance.<\/p>\n\n\n\n<p class=\"wp-block-paragraph\">Wanessa Camargo est\u00e1 solteira desde o fim do seu casamento de 17 anos com Marcus Buaiz, em maio desse ano.<\/p>\n\n\n\n<h2 class=\"wp-block-heading\">Viagem juntinhos<\/h2>\n\n\n\n<p class=\"wp-block-paragraph\">Wanessa Camargo teria viajado com Dado Dolabella logo depois de assinar o div\u00f3rcio com Marcus Buaiz.<\/p>\n\n\n\n<p class=\"wp-block-paragraph\">No dia 13 de maio, de acordo com o colunista Leo Dias do Metr\u00f3poles, o ex-casal marcou um reencontro e est\u00e3o passaram o fim de semana juntinhos. Eles teriam se encontrado em um flat na cidade de S\u00e3o Paulo e, de l\u00e1, partido para a cidade de Brotas, no interior do estado para terem mais privacidade.<\/p>","protected":false},"excerpt":{"rendered":"<p>Tudo indica que Wanessa Camargo e Dado Dolabella est\u00e3o namorando. Quem soltou a informa\u00e7\u00e3o foi o primo da cantora, Nathan Camargo, em entrevista ao podcast &#8220;A Hora da Venenosa&#8221;, apresentado por D\u00e9bora Lyra, na Record TV Goi\u00e1s. Segundo ele, o casal j\u00e1 assumiu o romance para a fam\u00edlia, ele, inclusive, convidou os dois para o [&hellip;]<\/p>\n","protected":false},"author":2,"featured_media":123655,"comment_status":"closed","ping_status":"open","sticky":false,"template":"","format":"standard","meta":{"footnotes":""},"categories":[173],"tags":[8908,618],"class_list":["post-123653","post","type-post","status-publish","format-standard","has-post-thumbnail","hentry","category-celebridades","tag-dado-dolabella","tag-wanessa-camargo"],"_links":{"self":[{"href":"https:\/\/portalpopmais.com.br\/en\/wp-json\/wp\/v2\/posts\/123653","targetHints":{"allow":["GET"]}}],"collection":[{"href":"https:\/\/portalpopmais.com.br\/en\/wp-json\/wp\/v2\/posts"}],"about":[{"href":"https:\/\/portalpopmais.com.br\/en\/wp-json\/wp\/v2\/types\/post"}],"author":[{"embeddable":true,"href":"https:\/\/portalpopmais.com.br\/en\/wp-json\/wp\/v2\/users\/2"}],"replies":[{"embeddable":true,"href":"https:\/\/portalpopmais.com.br\/en\/wp-json\/wp\/v2\/comments?post=123653"}],"version-history":[{"count":0,"href":"https:\/\/portalpopmais.com.br\/en\/wp-json\/wp\/v2\/posts\/123653\/revisions"}],"wp:featuredmedia":[{"embeddable":true,"href":"https:\/\/portalpopmais.com.br\/en\/wp-json\/wp\/v2\/media\/123655"}],"wp:attachment":[{"href":"https:\/\/portalpopmais.com.br\/en\/wp-json\/wp\/v2\/media?parent=123653"}],"wp:term":[{"taxonomy":"category","embeddable":true,"href":"https:\/\/portalpopmais.com.br\/en\/wp-json\/wp\/v2\/categories?post=123653"},{"taxonomy":"post_tag","embeddable":true,"href":"https:\/\/portalpopmais.com.br\/en\/wp-json\/wp\/v2\/tags?post=123653"}],"curies":[{"name":"wp","href":"https:\/\/api.w.org\/{rel}","templated":true}]}}