{"id":124354,"date":"2022-07-03T13:15:12","date_gmt":"2022-07-03T16:15:12","guid":{"rendered":"https:\/\/portalpopmais.com.br\/?p=124354"},"modified":"2022-07-03T13:15:20","modified_gmt":"2022-07-03T16:15:20","slug":"morre-sergio-paulo-rouanet","status":"publish","type":"post","link":"https:\/\/portalpopmais.com.br\/en\/morre-sergio-paulo-rouanet\/","title":{"rendered":"Morre S\u00e9rgio Paulo Rouanet, idealizador da Lei Rouanet"},"content":{"rendered":"<p class=\"wp-block-paragraph\">Morreu, aos 88 anos, <strong><a href=\"http:\/\/portalpopmais.com.br\/en\/\">S\u00e9rgio Paulo Rouanet<\/a><\/strong>, ex-ministro respons\u00e1vel pela cria\u00e7\u00e3o da lei brasileira de incentivos fiscais \u00e0 cultura, popularmente conhecida como \u201c<a href=\"https:\/\/portalpopmais.com.br\/en\/mara-maravilha-critica-cache-gusttavo-lima\/\" data-type=\"post\" data-id=\"120326\">Lei Rouanet<\/a>\u201d. A informa\u00e7\u00e3o foi confirmada pelo Instituto Rouanet, na manh\u00e3 deste domingo (3).<\/p>\n\n\n\n<p class=\"wp-block-paragraph\">Rouanet lutava contra o mal de Parkinson. Segundo a nota do instituto, o legado do intelectual sobre a cultura, direitos humanos e liberdade de express\u00e3o ser\u00e1 mantido para as gera\u00e7\u00f5es futuras.<\/p>\n\n\n\n<p class=\"wp-block-paragraph\">Al\u00e9m de ministro no governo de Fernando Collor de Melo, Rouanet foi diplomata e \u00e9 imortal da Academia Brasileira de Letras (ABL).<\/p>","protected":false},"excerpt":{"rendered":"<p>Morreu, aos 88 anos, S\u00e9rgio Paulo Rouanet, ex-ministro respons\u00e1vel pela cria\u00e7\u00e3o da lei brasileira de incentivos fiscais \u00e0 cultura, popularmente conhecida como \u201cLei Rouanet\u201d. A informa\u00e7\u00e3o foi confirmada pelo Instituto Rouanet, na manh\u00e3 deste domingo (3). Rouanet lutava contra o mal de Parkinson. Segundo a nota do instituto, o legado do intelectual sobre a cultura, [&hellip;]<\/p>\n","protected":false},"author":2,"featured_media":124356,"comment_status":"closed","ping_status":"open","sticky":false,"template":"","format":"standard","meta":{"footnotes":""},"categories":[2165],"tags":[11608],"class_list":["post-124354","post","type-post","status-publish","format-standard","has-post-thumbnail","hentry","category-noticias","tag-sergio-paulo-rouanet"],"_links":{"self":[{"href":"https:\/\/portalpopmais.com.br\/en\/wp-json\/wp\/v2\/posts\/124354","targetHints":{"allow":["GET"]}}],"collection":[{"href":"https:\/\/portalpopmais.com.br\/en\/wp-json\/wp\/v2\/posts"}],"about":[{"href":"https:\/\/portalpopmais.com.br\/en\/wp-json\/wp\/v2\/types\/post"}],"author":[{"embeddable":true,"href":"https:\/\/portalpopmais.com.br\/en\/wp-json\/wp\/v2\/users\/2"}],"replies":[{"embeddable":true,"href":"https:\/\/portalpopmais.com.br\/en\/wp-json\/wp\/v2\/comments?post=124354"}],"version-history":[{"count":0,"href":"https:\/\/portalpopmais.com.br\/en\/wp-json\/wp\/v2\/posts\/124354\/revisions"}],"wp:featuredmedia":[{"embeddable":true,"href":"https:\/\/portalpopmais.com.br\/en\/wp-json\/wp\/v2\/media\/124356"}],"wp:attachment":[{"href":"https:\/\/portalpopmais.com.br\/en\/wp-json\/wp\/v2\/media?parent=124354"}],"wp:term":[{"taxonomy":"category","embeddable":true,"href":"https:\/\/portalpopmais.com.br\/en\/wp-json\/wp\/v2\/categories?post=124354"},{"taxonomy":"post_tag","embeddable":true,"href":"https:\/\/portalpopmais.com.br\/en\/wp-json\/wp\/v2\/tags?post=124354"}],"curies":[{"name":"wp","href":"https:\/\/api.w.org\/{rel}","templated":true}]}}