{"id":124529,"date":"2022-07-04T17:37:48","date_gmt":"2022-07-04T20:37:48","guid":{"rendered":"https:\/\/portalpopmais.com.br\/?p=124529"},"modified":"2022-07-04T17:37:56","modified_gmt":"2022-07-04T20:37:56","slug":"leo-lins-debocha-criticas","status":"publish","type":"post","link":"https:\/\/portalpopmais.com.br\/en\/leo-lins-debocha-criticas\/","title":{"rendered":"Leo Lins debocha de cr\u00edticas ap\u00f3s fazer piada de crian\u00e7a com hidrocefalia"},"content":{"rendered":"<p><strong><a href=\"https:\/\/portalpopmais.com.br\/en\/leo-lins-demitido-sbt-piada-criancas-teleton\/\" data-type=\"post\" data-id=\"124517\">Leo Lins<\/a><\/strong> est\u00e1 sendo duramente criticado nas redes sociais ap\u00f3s fazer uma piada de mau gosto com crian\u00e7as com hidrocefalia, durante seu show de stand-up comedy.<\/p>\n\n\n\n<p>A repercuss\u00e3o negativa do caso ocasionou a sua demiss\u00e3o do <a href=\"http:\/\/instagram.com\/portalpopmais\" target=\"_blank\" rel=\"noopener\">SBT<\/a>, ap\u00f3s manifesta\u00e7\u00e3o da Associa\u00e7\u00e3o de Assist\u00eancia \u00e0 Crian\u00e7a Deficiente (AACD), da qual a emissora \u00e9 parceira.<\/p>\n\n\n\n<h2 class=\"wp-block-heading\">Veja tamb\u00e9m<\/h2>\n\n\n<ul class=\"wp-block-latest-posts__list is-grid columns-3 aligncenter wp-block-latest-posts\"><li><div class=\"wp-block-latest-posts__featured-image aligncenter\"><a href=\"https:\/\/portalpopmais.com.br\/en\/filho-de-cid-moreira-deixa-prisao-apos-decisao-da-justica-de-sao-paulo\/\" aria-label=\"Filho de Cid Moreira deixa pris\u00e3o ap\u00f3s decis\u00e3o da Justi\u00e7a de S\u00e3o Paulo\"><img loading=\"lazy\" decoding=\"async\" width=\"768\" height=\"456\" src=\"https:\/\/portalpopmais.com.br\/wp-content\/uploads\/2026\/04\/Filho-de-Cid-Moreira-deixa-prisao-apos-decisao-da-Justica-de-SP-768x456.webp\" class=\"attachment-medium size-medium wp-post-image\" alt=\"Filho de Cid Moreira deixa pris\u00e3o ap\u00f3s decis\u00e3o da Justi\u00e7a de SP\" style=\"\" srcset=\"https:\/\/portalpopmais.com.br\/wp-content\/uploads\/2026\/04\/Filho-de-Cid-Moreira-deixa-prisao-apos-decisao-da-Justica-de-SP-768x456.webp 768w, https:\/\/portalpopmais.com.br\/wp-content\/uploads\/2026\/04\/Filho-de-Cid-Moreira-deixa-prisao-apos-decisao-da-Justica-de-SP-1170x694.webp 1170w\" sizes=\"auto, (max-width: 768px) 100vw, 768px\" title=\"\"><\/a><\/div><a class=\"wp-block-latest-posts__post-title\" href=\"https:\/\/portalpopmais.com.br\/en\/filho-de-cid-moreira-deixa-prisao-apos-decisao-da-justica-de-sao-paulo\/\">Filho de Cid Moreira deixa pris\u00e3o ap\u00f3s decis\u00e3o da Justi\u00e7a de S\u00e3o Paulo<\/a><\/li>\n<li><div class=\"wp-block-latest-posts__featured-image aligncenter\"><a href=\"https:\/\/portalpopmais.com.br\/en\/whindersson-nunes-relata-confusao-mental-e-levanta-alerta-sobre-saude-psicologica\/\" aria-label=\"Whindersson Nunes relata confus\u00e3o mental e levanta alerta sobre sa\u00fade psicol\u00f3gica\"><img loading=\"lazy\" decoding=\"async\" width=\"768\" height=\"450\" src=\"https:\/\/portalpopmais.com.br\/wp-content\/uploads\/2026\/02\/whindersson-nunes-reproducao-instagram-768x450.jpg\" class=\"attachment-medium size-medium wp-post-image\" alt=\"\" style=\"\" srcset=\"https:\/\/portalpopmais.com.br\/wp-content\/uploads\/2026\/02\/whindersson-nunes-reproducao-instagram-768x450.jpg 768w, https:\/\/portalpopmais.com.br\/wp-content\/uploads\/2026\/02\/whindersson-nunes-reproducao-instagram-18x10.jpg 18w\" sizes=\"auto, (max-width: 768px) 100vw, 768px\" title=\"\"><\/a><\/div><a class=\"wp-block-latest-posts__post-title\" href=\"https:\/\/portalpopmais.com.br\/en\/whindersson-nunes-relata-confusao-mental-e-levanta-alerta-sobre-saude-psicologica\/\">Whindersson Nunes relata confus\u00e3o mental e levanta alerta sobre sa\u00fade psicol\u00f3gica<\/a><\/li>\n<li><div class=\"wp-block-latest-posts__featured-image aligncenter\"><a href=\"https:\/\/portalpopmais.com.br\/en\/leo-lins-ironiza-desabafo-de-thais-carla-e-reacende-polemica\/\" aria-label=\"Leo Lins ironiza desabafo de Thais Carla e reacende pol\u00eamica\"><img loading=\"lazy\" decoding=\"async\" width=\"768\" height=\"456\" src=\"https:\/\/portalpopmais.com.br\/wp-content\/uploads\/2026\/04\/thais-carla-768x456.png\" class=\"attachment-medium size-medium wp-post-image\" alt=\"thais carla\" style=\"\" srcset=\"https:\/\/portalpopmais.com.br\/wp-content\/uploads\/2026\/04\/thais-carla-768x456.png 768w, https:\/\/portalpopmais.com.br\/wp-content\/uploads\/2026\/04\/thais-carla-18x12.png 18w\" sizes=\"auto, (max-width: 768px) 100vw, 768px\" title=\"\"><\/a><\/div><a class=\"wp-block-latest-posts__post-title\" href=\"https:\/\/portalpopmais.com.br\/en\/leo-lins-ironiza-desabafo-de-thais-carla-e-reacende-polemica\/\">Leo Lins ironiza desabafo de Thais Carla e reacende pol\u00eamica<\/a><\/li>\n<li><div class=\"wp-block-latest-posts__featured-image aligncenter\"><a href=\"https:\/\/portalpopmais.com.br\/en\/pericia-independente-diz-que-pc-siqueira-foi-assassinado-entenda\/\" aria-label=\"Per\u00edcia independente diz que PC Siqueira foi assassinado; entenda\"><img loading=\"lazy\" decoding=\"async\" width=\"768\" height=\"456\" src=\"https:\/\/portalpopmais.com.br\/wp-content\/uploads\/2026\/01\/pc-siqueira-212026-768x456.jpg\" class=\"attachment-medium size-medium wp-post-image\" alt=\"\" style=\"\" srcset=\"https:\/\/portalpopmais.com.br\/wp-content\/uploads\/2026\/01\/pc-siqueira-212026-768x456.jpg 768w, https:\/\/portalpopmais.com.br\/wp-content\/uploads\/2026\/01\/pc-siqueira-212026-1170x694.jpg 1170w, https:\/\/portalpopmais.com.br\/wp-content\/uploads\/2026\/01\/pc-siqueira-212026-18x10.jpg 18w\" sizes=\"auto, (max-width: 768px) 100vw, 768px\" title=\"\"><\/a><\/div><a class=\"wp-block-latest-posts__post-title\" href=\"https:\/\/portalpopmais.com.br\/en\/pericia-independente-diz-que-pc-siqueira-foi-assassinado-entenda\/\">Per\u00edcia independente diz que PC Siqueira foi assassinado; entenda<\/a><\/li>\n<li><div class=\"wp-block-latest-posts__featured-image aligncenter\"><a href=\"https:\/\/portalpopmais.com.br\/en\/video-malevola-alves-e-mc-paiva-saem-no-tapa-em-shopping-de-sp\/\" aria-label=\"V\u00eddeo: Mal\u00e9vola Alves e MC Paiva saem no tapa em shopping de SP\"><img loading=\"lazy\" decoding=\"async\" width=\"768\" height=\"456\" src=\"https:\/\/portalpopmais.com.br\/wp-content\/uploads\/2026\/04\/Screenshot_20260430-062505-768x456.png\" class=\"attachment-medium size-medium wp-post-image\" alt=\"Screenshot 20260430 062505\" style=\"\" srcset=\"https:\/\/portalpopmais.com.br\/wp-content\/uploads\/2026\/04\/Screenshot_20260430-062505-768x456.png 768w, https:\/\/portalpopmais.com.br\/wp-content\/uploads\/2026\/04\/Screenshot_20260430-062505-18x10.png 18w\" sizes=\"auto, (max-width: 768px) 100vw, 768px\" title=\"\"><\/a><\/div><a class=\"wp-block-latest-posts__post-title\" href=\"https:\/\/portalpopmais.com.br\/en\/video-malevola-alves-e-mc-paiva-saem-no-tapa-em-shopping-de-sp\/\">V\u00eddeo: Mal\u00e9vola Alves e MC Paiva saem no tapa em shopping de SP<\/a><\/li>\n<li><div class=\"wp-block-latest-posts__featured-image aligncenter\"><a href=\"https:\/\/portalpopmais.com.br\/en\/cantor-envolvido-em-treta-com-daniela-mercury-edson-gomes-foi-acusado-por-deputada-conheci-uma-das-agredidas\/\" aria-label=\"Cantor envolvido em treta com Daniela Mercury, Edson Gomes foi acusado por deputada: &#8216;Conheci uma das agredidas&#8217;\"><img loading=\"lazy\" decoding=\"async\" width=\"768\" height=\"456\" src=\"https:\/\/portalpopmais.com.br\/wp-content\/uploads\/2026\/04\/whatsapp-image-2026-04-29-at-16.32.05-768x456.jpeg\" class=\"attachment-medium size-medium wp-post-image\" alt=\"whatsapp image 2026 04 29 at 16.32.05\" style=\"\" srcset=\"https:\/\/portalpopmais.com.br\/wp-content\/uploads\/2026\/04\/whatsapp-image-2026-04-29-at-16.32.05-768x456.jpeg 768w, https:\/\/portalpopmais.com.br\/wp-content\/uploads\/2026\/04\/whatsapp-image-2026-04-29-at-16.32.05-18x12.jpeg 18w\" sizes=\"auto, (max-width: 768px) 100vw, 768px\" title=\"\"><\/a><\/div><a class=\"wp-block-latest-posts__post-title\" href=\"https:\/\/portalpopmais.com.br\/en\/cantor-envolvido-em-treta-com-daniela-mercury-edson-gomes-foi-acusado-por-deputada-conheci-uma-das-agredidas\/\">Cantor envolvido em treta com Daniela Mercury, Edson Gomes foi acusado por deputada: &#8216;Conheci uma das agredidas&#8217;<\/a><\/li>\n<\/ul>\n\n\n<p>No registro, compartilhado pelo pr\u00f3prio no Instagram em 29 de junho, ele debocha das condi\u00e7\u00f5es delicadas da crian\u00e7a. <em>&#8220;Eu vi o v\u00eddeo de um garoto do interior do Cear\u00e1 com hidrocefalia\u2026 o lado bom \u00e9 que o \u00fanico lugar da cidade ontem tem \u00e1gua \u00e9 na cabe\u00e7a dele\u2026 a fam\u00edlia nem mandou tirar\u2026 Instalou um po\u00e7o&#8221;.<\/em><\/p>\n\n\n\n<p>Em meio \u00e0 pol\u00eamica, Lins foi \u00e0s redes sociais e, ao contr\u00e1rio de se desculpar pelo comportamento lament\u00e1vel, resolveu debochar das cr\u00edticas que vem recebendo.<\/p>\n\n\n\n<p>Via Stories do Instagram, o humorisa compartilhou um print de tela de uma amea\u00e7a que recebeu por conta da piada. Na legenda, ele disse: <em>&#8220;Todo o amor da cultura do cancelamento&#8221;,<\/em> acompanhado de emojis de cora\u00e7\u00e3o. A mensagem dizia: <em>&#8220;Babaca, n\u00e3o respeita ningu\u00e9m e acha que pode fazer piada de tudo. Se eu te trombar na rua, voc\u00ea vai terminar com pelo menos tr\u00eas tiros na cara&#8221;.<\/em><\/p>","protected":false},"excerpt":{"rendered":"<p>Leo Lins est\u00e1 sendo duramente criticado nas redes sociais ap\u00f3s fazer uma piada de mau gosto com crian\u00e7as com hidrocefalia, durante seu show de stand-up comedy. A repercuss\u00e3o negativa do caso ocasionou a sua demiss\u00e3o do SBT, ap\u00f3s manifesta\u00e7\u00e3o da Associa\u00e7\u00e3o de Assist\u00eancia \u00e0 Crian\u00e7a Deficiente (AACD), da qual a emissora \u00e9 parceira. Veja tamb\u00e9m [&hellip;]<\/p>\n","protected":false},"author":2,"featured_media":124531,"comment_status":"closed","ping_status":"open","sticky":false,"template":"","format":"standard","meta":{"footnotes":""},"categories":[173],"tags":[10289],"class_list":["post-124529","post","type-post","status-publish","format-standard","has-post-thumbnail","hentry","category-celebridades","tag-leo-lins"],"_links":{"self":[{"href":"https:\/\/portalpopmais.com.br\/en\/wp-json\/wp\/v2\/posts\/124529","targetHints":{"allow":["GET"]}}],"collection":[{"href":"https:\/\/portalpopmais.com.br\/en\/wp-json\/wp\/v2\/posts"}],"about":[{"href":"https:\/\/portalpopmais.com.br\/en\/wp-json\/wp\/v2\/types\/post"}],"author":[{"embeddable":true,"href":"https:\/\/portalpopmais.com.br\/en\/wp-json\/wp\/v2\/users\/2"}],"replies":[{"embeddable":true,"href":"https:\/\/portalpopmais.com.br\/en\/wp-json\/wp\/v2\/comments?post=124529"}],"version-history":[{"count":0,"href":"https:\/\/portalpopmais.com.br\/en\/wp-json\/wp\/v2\/posts\/124529\/revisions"}],"wp:featuredmedia":[{"embeddable":true,"href":"https:\/\/portalpopmais.com.br\/en\/wp-json\/wp\/v2\/media\/124531"}],"wp:attachment":[{"href":"https:\/\/portalpopmais.com.br\/en\/wp-json\/wp\/v2\/media?parent=124529"}],"wp:term":[{"taxonomy":"category","embeddable":true,"href":"https:\/\/portalpopmais.com.br\/en\/wp-json\/wp\/v2\/categories?post=124529"},{"taxonomy":"post_tag","embeddable":true,"href":"https:\/\/portalpopmais.com.br\/en\/wp-json\/wp\/v2\/tags?post=124529"}],"curies":[{"name":"wp","href":"https:\/\/api.w.org\/{rel}","templated":true}]}}