{"id":124535,"date":"2022-07-04T17:52:10","date_gmt":"2022-07-04T20:52:10","guid":{"rendered":"https:\/\/portalpopmais.com.br\/?p=124535"},"modified":"2022-07-04T17:52:18","modified_gmt":"2022-07-04T20:52:18","slug":"sonia-abrao-detona-leo-lins","status":"publish","type":"post","link":"https:\/\/portalpopmais.com.br\/en\/sonia-abrao-detona-leo-lins\/","title":{"rendered":"Ao vivo, Sonia Abr\u00e3o explode com L\u00e9o Lins ap\u00f3s piada com crian\u00e7a: &#8220;De embrulhar o est\u00f4mago&#8221;"},"content":{"rendered":"<p>Na tarde desta segunda-feira (04), <strong><a href=\"https:\/\/portalpopmais.com.br\/en\/sonia-abrao-critica-fatima-bernardes-look-luto\/\" data-type=\"post\" data-id=\"124226\">Sonia <\/a><a href=\"https:\/\/portalpopmais.com.br\/en\/sonia-abrao-critica-fatima-bernardes-look-luto\/\" target=\"_blank\" data-type=\"post\" data-id=\"124226\" rel=\"noreferrer noopener\">A<\/a><a href=\"https:\/\/portalpopmais.com.br\/en\/sonia-abrao-critica-fatima-bernardes-look-luto\/\" data-type=\"post\" data-id=\"124226\">br\u00e3o<\/a><\/strong> n\u00e3o poupou cr\u00edticas ao humorista L\u00e9o Lins, durante o programa &#8216;A Tarde \u00c9 Sua&#8217;. A veterana comentou a pol\u00eamica envolvendo o ex-contratado do <a href=\"http:\/\/instagram.com\/portalpopmais\" target=\"_blank\" rel=\"noopener\">SBT<\/a>, que resolveu fazer uma piada de mau gosto com uma crian\u00e7a portadora de hidrocefalia. <\/p>\n\n\n\n<p>Indignada com a situa\u00e7\u00e3o, a apresentadora soltou o verbo e disse o que pensa sobre o caso sem nenhum filtro. Ela lembrou que j\u00e1 havia criticado o humorista por conta de suas piadas, sempre focadas em ofender algu\u00e9m.<\/p>\n\n\n\n<h2 class=\"wp-block-heading\">Veja tamb\u00e9m<\/h2>\n\n\n<ul class=\"wp-block-latest-posts__list is-grid columns-3 wp-block-latest-posts\"><li><div class=\"wp-block-latest-posts__featured-image aligncenter\"><a href=\"https:\/\/portalpopmais.com.br\/en\/filho-de-cid-moreira-deixa-prisao-apos-decisao-da-justica-de-sao-paulo\/\" aria-label=\"Filho de Cid Moreira deixa pris\u00e3o ap\u00f3s decis\u00e3o da Justi\u00e7a de S\u00e3o Paulo\"><img loading=\"lazy\" decoding=\"async\" width=\"768\" height=\"456\" src=\"https:\/\/portalpopmais.com.br\/wp-content\/uploads\/2026\/04\/Filho-de-Cid-Moreira-deixa-prisao-apos-decisao-da-Justica-de-SP-768x456.webp\" class=\"attachment-medium size-medium wp-post-image\" alt=\"Filho de Cid Moreira deixa pris\u00e3o ap\u00f3s decis\u00e3o da Justi\u00e7a de SP\" style=\"\" srcset=\"https:\/\/portalpopmais.com.br\/wp-content\/uploads\/2026\/04\/Filho-de-Cid-Moreira-deixa-prisao-apos-decisao-da-Justica-de-SP-768x456.webp 768w, https:\/\/portalpopmais.com.br\/wp-content\/uploads\/2026\/04\/Filho-de-Cid-Moreira-deixa-prisao-apos-decisao-da-Justica-de-SP-1170x694.webp 1170w\" sizes=\"auto, (max-width: 768px) 100vw, 768px\" title=\"\"><\/a><\/div><a class=\"wp-block-latest-posts__post-title\" href=\"https:\/\/portalpopmais.com.br\/en\/filho-de-cid-moreira-deixa-prisao-apos-decisao-da-justica-de-sao-paulo\/\">Filho de Cid Moreira deixa pris\u00e3o ap\u00f3s decis\u00e3o da Justi\u00e7a de S\u00e3o Paulo<\/a><\/li>\n<li><div class=\"wp-block-latest-posts__featured-image aligncenter\"><a href=\"https:\/\/portalpopmais.com.br\/en\/whindersson-nunes-relata-confusao-mental-e-levanta-alerta-sobre-saude-psicologica\/\" aria-label=\"Whindersson Nunes relata confus\u00e3o mental e levanta alerta sobre sa\u00fade psicol\u00f3gica\"><img loading=\"lazy\" decoding=\"async\" width=\"768\" height=\"450\" src=\"https:\/\/portalpopmais.com.br\/wp-content\/uploads\/2026\/02\/whindersson-nunes-reproducao-instagram-768x450.jpg\" class=\"attachment-medium size-medium wp-post-image\" alt=\"\" style=\"\" srcset=\"https:\/\/portalpopmais.com.br\/wp-content\/uploads\/2026\/02\/whindersson-nunes-reproducao-instagram-768x450.jpg 768w, https:\/\/portalpopmais.com.br\/wp-content\/uploads\/2026\/02\/whindersson-nunes-reproducao-instagram-18x10.jpg 18w\" sizes=\"auto, (max-width: 768px) 100vw, 768px\" title=\"\"><\/a><\/div><a class=\"wp-block-latest-posts__post-title\" href=\"https:\/\/portalpopmais.com.br\/en\/whindersson-nunes-relata-confusao-mental-e-levanta-alerta-sobre-saude-psicologica\/\">Whindersson Nunes relata confus\u00e3o mental e levanta alerta sobre sa\u00fade psicol\u00f3gica<\/a><\/li>\n<li><div class=\"wp-block-latest-posts__featured-image aligncenter\"><a href=\"https:\/\/portalpopmais.com.br\/en\/leo-lins-ironiza-desabafo-de-thais-carla-e-reacende-polemica\/\" aria-label=\"Leo Lins ironiza desabafo de Thais Carla e reacende pol\u00eamica\"><img loading=\"lazy\" decoding=\"async\" width=\"768\" height=\"456\" src=\"https:\/\/portalpopmais.com.br\/wp-content\/uploads\/2026\/04\/thais-carla-768x456.png\" class=\"attachment-medium size-medium wp-post-image\" alt=\"thais carla\" style=\"\" srcset=\"https:\/\/portalpopmais.com.br\/wp-content\/uploads\/2026\/04\/thais-carla-768x456.png 768w, https:\/\/portalpopmais.com.br\/wp-content\/uploads\/2026\/04\/thais-carla-18x12.png 18w\" sizes=\"auto, (max-width: 768px) 100vw, 768px\" title=\"\"><\/a><\/div><a class=\"wp-block-latest-posts__post-title\" href=\"https:\/\/portalpopmais.com.br\/en\/leo-lins-ironiza-desabafo-de-thais-carla-e-reacende-polemica\/\">Leo Lins ironiza desabafo de Thais Carla e reacende pol\u00eamica<\/a><\/li>\n<li><div class=\"wp-block-latest-posts__featured-image aligncenter\"><a href=\"https:\/\/portalpopmais.com.br\/en\/pericia-independente-diz-que-pc-siqueira-foi-assassinado-entenda\/\" aria-label=\"Per\u00edcia independente diz que PC Siqueira foi assassinado; entenda\"><img loading=\"lazy\" decoding=\"async\" width=\"768\" height=\"456\" src=\"https:\/\/portalpopmais.com.br\/wp-content\/uploads\/2026\/01\/pc-siqueira-212026-768x456.jpg\" class=\"attachment-medium size-medium wp-post-image\" alt=\"\" style=\"\" srcset=\"https:\/\/portalpopmais.com.br\/wp-content\/uploads\/2026\/01\/pc-siqueira-212026-768x456.jpg 768w, https:\/\/portalpopmais.com.br\/wp-content\/uploads\/2026\/01\/pc-siqueira-212026-1170x694.jpg 1170w, https:\/\/portalpopmais.com.br\/wp-content\/uploads\/2026\/01\/pc-siqueira-212026-18x10.jpg 18w\" sizes=\"auto, (max-width: 768px) 100vw, 768px\" title=\"\"><\/a><\/div><a class=\"wp-block-latest-posts__post-title\" href=\"https:\/\/portalpopmais.com.br\/en\/pericia-independente-diz-que-pc-siqueira-foi-assassinado-entenda\/\">Per\u00edcia independente diz que PC Siqueira foi assassinado; entenda<\/a><\/li>\n<li><div class=\"wp-block-latest-posts__featured-image aligncenter\"><a href=\"https:\/\/portalpopmais.com.br\/en\/video-malevola-alves-e-mc-paiva-saem-no-tapa-em-shopping-de-sp\/\" aria-label=\"V\u00eddeo: Mal\u00e9vola Alves e MC Paiva saem no tapa em shopping de SP\"><img loading=\"lazy\" decoding=\"async\" width=\"768\" height=\"456\" src=\"https:\/\/portalpopmais.com.br\/wp-content\/uploads\/2026\/04\/Screenshot_20260430-062505-768x456.png\" class=\"attachment-medium size-medium wp-post-image\" alt=\"Screenshot 20260430 062505\" style=\"\" srcset=\"https:\/\/portalpopmais.com.br\/wp-content\/uploads\/2026\/04\/Screenshot_20260430-062505-768x456.png 768w, https:\/\/portalpopmais.com.br\/wp-content\/uploads\/2026\/04\/Screenshot_20260430-062505-18x10.png 18w\" sizes=\"auto, (max-width: 768px) 100vw, 768px\" title=\"\"><\/a><\/div><a class=\"wp-block-latest-posts__post-title\" href=\"https:\/\/portalpopmais.com.br\/en\/video-malevola-alves-e-mc-paiva-saem-no-tapa-em-shopping-de-sp\/\">V\u00eddeo: Mal\u00e9vola Alves e MC Paiva saem no tapa em shopping de SP<\/a><\/li>\n<li><div class=\"wp-block-latest-posts__featured-image aligncenter\"><a href=\"https:\/\/portalpopmais.com.br\/en\/cantor-envolvido-em-treta-com-daniela-mercury-edson-gomes-foi-acusado-por-deputada-conheci-uma-das-agredidas\/\" aria-label=\"Cantor envolvido em treta com Daniela Mercury, Edson Gomes foi acusado por deputada: &#8216;Conheci uma das agredidas&#8217;\"><img loading=\"lazy\" decoding=\"async\" width=\"768\" height=\"456\" src=\"https:\/\/portalpopmais.com.br\/wp-content\/uploads\/2026\/04\/whatsapp-image-2026-04-29-at-16.32.05-768x456.jpeg\" class=\"attachment-medium size-medium wp-post-image\" alt=\"whatsapp image 2026 04 29 at 16.32.05\" style=\"\" srcset=\"https:\/\/portalpopmais.com.br\/wp-content\/uploads\/2026\/04\/whatsapp-image-2026-04-29-at-16.32.05-768x456.jpeg 768w, https:\/\/portalpopmais.com.br\/wp-content\/uploads\/2026\/04\/whatsapp-image-2026-04-29-at-16.32.05-18x12.jpeg 18w\" sizes=\"auto, (max-width: 768px) 100vw, 768px\" title=\"\"><\/a><\/div><a class=\"wp-block-latest-posts__post-title\" href=\"https:\/\/portalpopmais.com.br\/en\/cantor-envolvido-em-treta-com-daniela-mercury-edson-gomes-foi-acusado-por-deputada-conheci-uma-das-agredidas\/\">Cantor envolvido em treta com Daniela Mercury, Edson Gomes foi acusado por deputada: &#8216;Conheci uma das agredidas&#8217;<\/a><\/li>\n<\/ul>\n\n\n<p><em>&#8220;Agora ele vem e faz uma piada em cima de um garoto com hidrocefalia. Gente, quando, me diz, isso \u00e9 motivo pra piada? Como que algu\u00e9m acha que pode fazer esse tipo de coisa? Como que algu\u00e9m acha que \u00e9 uma piada dizer que no nordeste o \u00fanico lugar que tem \u00e1gua \u00e9 na cabe\u00e7a do garoto? E dizer que a fam\u00edlia toda mata a sede tirando \u00e1gua da cabe\u00e7a de um garoto? Gente, o que \u00e9 isso, sabe?&#8221;<\/em>, iniciou a jornalista.<\/p>\n\n\n\n<p><em>&#8220;\u00c9 de embrulhar o est\u00f4mago, \u00e9 de revoltar, d\u00e1 vontade falar &#8216;cara olha, que \u00e9 um crime isso&#8217;, porque \u00e9 de uma falta de sensibilidade, de humanidade, que choca de verdade. Eu n\u00e3o queria nem comentar esse assunto n\u00e3o porque a gente j\u00e1 falou de tantas outras barbaridades que esse rapaz fez, intitulando tudo isso de humor, que eu acho que ele deve ter algum problema emocional, psicol\u00f3gico, falta de senso cr\u00edtico, sei l\u00e1 o que&#8221;,<\/em> completou Sonia Abr\u00e3o, repercutindo a demiss\u00e3o de L\u00e9o Lins do SBT.<\/p>\n\n\n\n<h2 class=\"wp-block-heading\">L\u00e9o Lins demitido do SBT<\/h2>\n\n\n\n<p>O humorista&nbsp;<strong>L\u00e9o Lins<\/strong>&nbsp;foi demitido do&nbsp;<strong><a href=\"https:\/\/www.sbt.com.br\/\" target=\"_blank\" rel=\"noreferrer noopener\">SBT<\/a><\/strong>&nbsp;na tarde desta segunda-feira (4). A decis\u00e3o da emissora vem ap\u00f3s a forte repercuss\u00e3o de uma piada que L\u00e9o fez com crian\u00e7as portadoras de hidrocefalia.<\/p>\n\n\n\n<p>A informa\u00e7\u00e3o foi divulgada pelo site\u00a0<strong>Em Off<\/strong>, que aborda da medida tomada pelo canal de Silvio Santos, uma vez que anualmente \u00e9 realizada a campanha de arrecada\u00e7\u00e3o de recursos para a Associa\u00e7\u00e3o de Assist\u00eancia \u00e0 Crian\u00e7a Deficiente (AACD). Saiba tudo <a href=\"https:\/\/portalpopmais.com.br\/en\/leo-lins-demitido-sbt-piada-criancas-teleton\/\" target=\"_blank\" rel=\"noreferrer noopener\">aqui<\/a>.<\/p>","protected":false},"excerpt":{"rendered":"<p>Na tarde desta segunda-feira (04), Sonia Abr\u00e3o n\u00e3o poupou cr\u00edticas ao humorista L\u00e9o Lins, durante o programa &#8216;A Tarde \u00c9 Sua&#8217;. A veterana comentou a pol\u00eamica envolvendo o ex-contratado do SBT, que resolveu fazer uma piada de mau gosto com uma crian\u00e7a portadora de hidrocefalia. Indignada com a situa\u00e7\u00e3o, a apresentadora soltou o verbo e [&hellip;]<\/p>\n","protected":false},"author":2,"featured_media":124538,"comment_status":"closed","ping_status":"open","sticky":false,"template":"","format":"standard","meta":{"footnotes":""},"categories":[173],"tags":[10289,778],"class_list":["post-124535","post","type-post","status-publish","format-standard","has-post-thumbnail","hentry","category-celebridades","tag-leo-lins","tag-sonia-abrao"],"_links":{"self":[{"href":"https:\/\/portalpopmais.com.br\/en\/wp-json\/wp\/v2\/posts\/124535","targetHints":{"allow":["GET"]}}],"collection":[{"href":"https:\/\/portalpopmais.com.br\/en\/wp-json\/wp\/v2\/posts"}],"about":[{"href":"https:\/\/portalpopmais.com.br\/en\/wp-json\/wp\/v2\/types\/post"}],"author":[{"embeddable":true,"href":"https:\/\/portalpopmais.com.br\/en\/wp-json\/wp\/v2\/users\/2"}],"replies":[{"embeddable":true,"href":"https:\/\/portalpopmais.com.br\/en\/wp-json\/wp\/v2\/comments?post=124535"}],"version-history":[{"count":0,"href":"https:\/\/portalpopmais.com.br\/en\/wp-json\/wp\/v2\/posts\/124535\/revisions"}],"wp:featuredmedia":[{"embeddable":true,"href":"https:\/\/portalpopmais.com.br\/en\/wp-json\/wp\/v2\/media\/124538"}],"wp:attachment":[{"href":"https:\/\/portalpopmais.com.br\/en\/wp-json\/wp\/v2\/media?parent=124535"}],"wp:term":[{"taxonomy":"category","embeddable":true,"href":"https:\/\/portalpopmais.com.br\/en\/wp-json\/wp\/v2\/categories?post=124535"},{"taxonomy":"post_tag","embeddable":true,"href":"https:\/\/portalpopmais.com.br\/en\/wp-json\/wp\/v2\/tags?post=124535"}],"curies":[{"name":"wp","href":"https:\/\/api.w.org\/{rel}","templated":true}]}}