{"id":124767,"date":"2022-07-06T08:25:03","date_gmt":"2022-07-06T11:25:03","guid":{"rendered":"https:\/\/portalpopmais.com.br\/?p=124767"},"modified":"2022-07-06T08:25:11","modified_gmt":"2022-07-06T11:25:11","slug":"leo-lins-aparece-nas-redes-sociais-e-se-mostra-indiferente-a-polemica","status":"publish","type":"post","link":"https:\/\/portalpopmais.com.br\/en\/leo-lins-aparece-nas-redes-sociais-e-se-mostra-indiferente-a-polemica\/","title":{"rendered":"Leo Lins aparece nas redes sociais e se mostra indiferente \u00e0 pol\u00eamica"},"content":{"rendered":"<p>Demitido do <strong><a href=\"http:\/\/instagram.com\/portalpopmais\" target=\"_blank\" rel=\"noopener\">SBT<\/a><\/strong> ap\u00f3s fazer piada com uma crian\u00e7a com hidrocefalia, <strong><a href=\"https:\/\/portalpopmais.com.br\/en\/sonia-abrao-detona-leo-lins\/\" data-type=\"post\" data-id=\"124535\" target=\"_blank\" rel=\"noreferrer noopener\">Leo Lins<\/a><\/strong> vem demonstrando pouca preocupa\u00e7\u00e3o com o ocorrido. Nesta ter\u00e7a-feira (05), ele apareceu nas redes sociais e se mostrou indiferente \u00e0 pol\u00eamica, e comemorou a venda de ingressos para um show que far\u00e1 em Fortaleza no fim do m\u00eas. <\/p>\n\n\n\n<p><em>&#8220;Dia 30\/07 t\u00f4 a\u00ed e os ingressos t\u00e3o quase esgotando\u201d<\/em>, celebrou ele, em v\u00eddeo compartilhado no Instagram. Mas os internautas n\u00e3o gostaram muito da apari\u00e7\u00e3o e ainda indicaram que o humorista estaria debochando da situa\u00e7\u00e3o e defendendo a piada:<\/p>\n\n\n\n<p><em>&#8220;Comparar uma defici\u00eancia com um aperitivo seu mo\u00e7o. Fala s\u00e9rio. AMEMDOIN se escolhe ou evita comer, por\u00e9m Hidrocefalia ningu\u00e9m escolhe ter n\u00e3o. Voc\u00ea errou ,e seria muito mais plaus\u00edvel voc\u00ea se retratar e pedir desculpas, do que piorar sua situa\u00e7\u00e3o com mais um v\u00eddeo, provando realmente que o deficiente na verdade \u00e9 Voc\u00ea . Que Deus te encontre&#8221;,<\/em> comentou um perfil. <\/p>\n\n\n\n<figure class=\"wp-block-embed is-type-rich is-provider-instagram wp-block-embed-instagram\"><div class=\"wp-block-embed__wrapper\">\nhttps:\/\/www.instagram.com\/p\/CcWZ52XpzT1\/?utm_source=ig_embed&#038;ig_rid=e0c12d2a-93c2-4c7c-af3e-01bff9999dd2\n<\/div><\/figure>\n\n\n\n<h2 class=\"wp-block-heading\">Leo Lins demitido<\/h2>\n\n\n\n<p>O humorista\u00a0<strong>L\u00e9o Lins<\/strong>\u00a0foi demitido do\u00a0<strong><a href=\"https:\/\/www.sbt.com.br\/\" target=\"_blank\" rel=\"noreferrer noopener\">SBT<\/a><\/strong>\u00a0na tarde desta segunda-feira (4). A decis\u00e3o da emissora vem ap\u00f3s a forte repercuss\u00e3o de uma piada que L\u00e9o fez com crian\u00e7as portadoras de hidrocefalia.<\/p>\n\n\n\n<p>A decis\u00e3o do canal de Silvio Santos veio ap\u00f3s uma nota de rep\u00fadio da Associa\u00e7\u00e3o de Assist\u00eancia \u00e0 Crian\u00e7a Deficiente (AACD), da qual a emissora \u00e9 parceria e promove anualmente o &#8220;Teleton&#8221; para arrecadar fundos para a institui\u00e7\u00e3o. Saiba mais <a href=\"https:\/\/portalpopmais.com.br\/en\/leo-lins-demitido-sbt-piada-criancas-teleton\/\" target=\"_blank\" rel=\"noreferrer noopener\">aqui<\/a>.<\/p>","protected":false},"excerpt":{"rendered":"<p>Demitido do SBT ap\u00f3s fazer piada com uma crian\u00e7a com hidrocefalia, Leo Lins vem demonstrando pouca preocupa\u00e7\u00e3o com o ocorrido. Nesta ter\u00e7a-feira (05), ele apareceu nas redes sociais e se mostrou indiferente \u00e0 pol\u00eamica, e comemorou a venda de ingressos para um show que far\u00e1 em Fortaleza no fim do m\u00eas. &#8220;Dia 30\/07 t\u00f4 a\u00ed [&hellip;]<\/p>\n","protected":false},"author":2,"featured_media":124770,"comment_status":"closed","ping_status":"open","sticky":false,"template":"","format":"standard","meta":{"footnotes":""},"categories":[173],"tags":[10289],"class_list":["post-124767","post","type-post","status-publish","format-standard","has-post-thumbnail","hentry","category-celebridades","tag-leo-lins"],"_links":{"self":[{"href":"https:\/\/portalpopmais.com.br\/en\/wp-json\/wp\/v2\/posts\/124767","targetHints":{"allow":["GET"]}}],"collection":[{"href":"https:\/\/portalpopmais.com.br\/en\/wp-json\/wp\/v2\/posts"}],"about":[{"href":"https:\/\/portalpopmais.com.br\/en\/wp-json\/wp\/v2\/types\/post"}],"author":[{"embeddable":true,"href":"https:\/\/portalpopmais.com.br\/en\/wp-json\/wp\/v2\/users\/2"}],"replies":[{"embeddable":true,"href":"https:\/\/portalpopmais.com.br\/en\/wp-json\/wp\/v2\/comments?post=124767"}],"version-history":[{"count":0,"href":"https:\/\/portalpopmais.com.br\/en\/wp-json\/wp\/v2\/posts\/124767\/revisions"}],"wp:featuredmedia":[{"embeddable":true,"href":"https:\/\/portalpopmais.com.br\/en\/wp-json\/wp\/v2\/media\/124770"}],"wp:attachment":[{"href":"https:\/\/portalpopmais.com.br\/en\/wp-json\/wp\/v2\/media?parent=124767"}],"wp:term":[{"taxonomy":"category","embeddable":true,"href":"https:\/\/portalpopmais.com.br\/en\/wp-json\/wp\/v2\/categories?post=124767"},{"taxonomy":"post_tag","embeddable":true,"href":"https:\/\/portalpopmais.com.br\/en\/wp-json\/wp\/v2\/tags?post=124767"}],"curies":[{"name":"wp","href":"https:\/\/api.w.org\/{rel}","templated":true}]}}