{"id":124795,"date":"2022-07-06T10:08:45","date_gmt":"2022-07-06T13:08:45","guid":{"rendered":"https:\/\/portalpopmais.com.br\/?p=124795"},"modified":"2022-07-06T10:08:54","modified_gmt":"2022-07-06T13:08:54","slug":"cacador-animais-riann-naude-morto-tiros","status":"publish","type":"post","link":"https:\/\/portalpopmais.com.br\/en\/cacador-animais-riann-naude-morto-tiros\/","title":{"rendered":"Riaan Naude: Ca\u00e7ador de animais selvagens \u00e9 morto a tiros na \u00c1frica do Sul"},"content":{"rendered":"<p>O ca\u00e7ador de animais selvagens <strong><a href=\"http:\/\/portalpopmais.com.br\/en\/\">Riaan Naude<\/a><\/strong> foi encontrado morto na \u00c1frica do Sul. Autoridades locais encontraram o corpo da v\u00edtima com marcas de tiros ao lado do seu ve\u00edculo na prov\u00edncia africana de Limpopo. <\/p>\n\n\n\n<p>O tenente-coronel Mamphaswa Seabi, porta-voz do Servi\u00e7o de Pol\u00edcia da \u00c1frica do Sul, informou que havia sangue na cabe\u00e7a e no rosto de Riaan. No <a href=\"http:\/\/instagram.com\/portalpopmais\" target=\"_blank\" rel=\"noopener\">ve\u00edculo<\/a> do ca\u00e7ador, as autoridades encontraram rifles, roupas, \u00e1gua e u\u00edsque.<\/p>\n\n\n\n<h2 class=\"wp-block-heading\">Veja tamb\u00e9m<\/h2>\n\n\n<ul class=\"wp-block-latest-posts__list is-grid columns-3 aligncenter wp-block-latest-posts\"><li><div class=\"wp-block-latest-posts__featured-image aligncenter\"><img loading=\"lazy\" decoding=\"async\" width=\"768\" height=\"456\" src=\"https:\/\/portalpopmais.com.br\/wp-content\/uploads\/2026\/05\/bianca-biancardi-gravida-768x456.png\" class=\"attachment-medium size-medium wp-post-image\" alt=\"bianca biancardi gravida\" style=\"\" srcset=\"https:\/\/portalpopmais.com.br\/wp-content\/uploads\/2026\/05\/bianca-biancardi-gravida-768x456.png 768w, https:\/\/portalpopmais.com.br\/wp-content\/uploads\/2026\/05\/bianca-biancardi-gravida-18x12.png 18w\" sizes=\"auto, (max-width: 768px) 100vw, 768px\" title=\"\"><\/div><a class=\"wp-block-latest-posts__post-title\" href=\"https:\/\/portalpopmais.com.br\/en\/bianca-biancardi-anuncia-gravidez-neymar-reage\/\">Bianca Biancardi anuncia gravidez; Neymar reage<\/a><\/li>\n<li><div class=\"wp-block-latest-posts__featured-image aligncenter\"><img loading=\"lazy\" decoding=\"async\" width=\"768\" height=\"456\" src=\"https:\/\/portalpopmais.com.br\/wp-content\/uploads\/2026\/02\/Shakira-POP-Mais-768x456.webp\" class=\"attachment-medium size-medium wp-post-image\" alt=\"Shakira far\u00e1 show gratuito em Copacabana - Foto: Reprodu\u00e7\u00e3o\/ TV Globo\" style=\"\" srcset=\"https:\/\/portalpopmais.com.br\/wp-content\/uploads\/2026\/02\/Shakira-POP-Mais-768x456.webp 768w, https:\/\/portalpopmais.com.br\/wp-content\/uploads\/2026\/02\/Shakira-POP-Mais-1170x694.webp 1170w, https:\/\/portalpopmais.com.br\/wp-content\/uploads\/2026\/02\/Shakira-POP-Mais-18x10.webp 18w\" sizes=\"auto, (max-width: 768px) 100vw, 768px\" title=\"\"><\/div><a class=\"wp-block-latest-posts__post-title\" href=\"https:\/\/portalpopmais.com.br\/en\/entenda-o-motivo-do-atraso-do-show-de-shakira-em-copacabana\/\">Entenda o motivo do atraso do show de Shakira em Copacabana<\/a><\/li>\n<li><div class=\"wp-block-latest-posts__featured-image aligncenter\"><img loading=\"lazy\" decoding=\"async\" width=\"768\" height=\"456\" src=\"https:\/\/portalpopmais.com.br\/wp-content\/uploads\/2026\/05\/fim-casamento-768x456.png\" class=\"attachment-medium size-medium wp-post-image\" alt=\"fim casamento\" style=\"\" srcset=\"https:\/\/portalpopmais.com.br\/wp-content\/uploads\/2026\/05\/fim-casamento-768x456.png 768w, https:\/\/portalpopmais.com.br\/wp-content\/uploads\/2026\/05\/fim-casamento-18x12.png 18w\" sizes=\"auto, (max-width: 768px) 100vw, 768px\" title=\"\"><\/div><a class=\"wp-block-latest-posts__post-title\" href=\"https:\/\/portalpopmais.com.br\/en\/matheus-dupla-com-kauan-anuncia-fim-do-casamento\/\">Matheus, dupla com Kauan, anuncia fim do casamento<\/a><\/li>\n<li><div class=\"wp-block-latest-posts__featured-image aligncenter\"><img loading=\"lazy\" decoding=\"async\" width=\"768\" height=\"456\" src=\"https:\/\/portalpopmais.com.br\/wp-content\/uploads\/2025\/08\/IMG-20250806-WA0116-768x456.jpg\" class=\"attachment-medium size-medium wp-post-image\" alt=\"O apresentador Faust\u00e3o\" style=\"\" title=\"\"><\/div><a class=\"wp-block-latest-posts__post-title\" href=\"https:\/\/portalpopmais.com.br\/en\/esposa-de-faustao-emociona-ao-falar-sobre-saude-do-apresentador-em-homenagem\/\">Esposa de Faust\u00e3o emociona ao falar sobre sa\u00fade do apresentador em homenagem<\/a><\/li>\n<li><div class=\"wp-block-latest-posts__featured-image aligncenter\"><img loading=\"lazy\" decoding=\"async\" width=\"768\" height=\"456\" src=\"https:\/\/portalpopmais.com.br\/wp-content\/uploads\/2026\/05\/namorado-wanessa-camargo-768x456.png\" class=\"attachment-medium size-medium wp-post-image\" alt=\"namorado wanessa camargo\" style=\"\" srcset=\"https:\/\/portalpopmais.com.br\/wp-content\/uploads\/2026\/05\/namorado-wanessa-camargo-768x456.png 768w, https:\/\/portalpopmais.com.br\/wp-content\/uploads\/2026\/05\/namorado-wanessa-camargo-1170x694.png 1170w, https:\/\/portalpopmais.com.br\/wp-content\/uploads\/2026\/05\/namorado-wanessa-camargo-18x12.png 18w\" sizes=\"auto, (max-width: 768px) 100vw, 768px\" title=\"\"><\/div><a class=\"wp-block-latest-posts__post-title\" href=\"https:\/\/portalpopmais.com.br\/en\/namorado-de-wanessa-camargo-diverte-fas-ao-acompanhar-cantora-em-compras\/\">Namorado de Wanessa Camargo diverte f\u00e3s ao acompanhar cantora em compras<\/a><\/li>\n<li><div class=\"wp-block-latest-posts__featured-image aligncenter\"><img loading=\"lazy\" decoding=\"async\" width=\"768\" height=\"456\" src=\"https:\/\/portalpopmais.com.br\/wp-content\/uploads\/2026\/05\/zoo-christian-figueiredo-reproducao-instagram-768x456.jpg\" class=\"attachment-medium size-medium wp-post-image\" alt=\"zoo christian figueiredo reproducao instagram\" style=\"\" srcset=\"https:\/\/portalpopmais.com.br\/wp-content\/uploads\/2026\/05\/zoo-christian-figueiredo-reproducao-instagram-768x456.jpg 768w, https:\/\/portalpopmais.com.br\/wp-content\/uploads\/2026\/05\/zoo-christian-figueiredo-reproducao-instagram-1170x694.jpg 1170w, https:\/\/portalpopmais.com.br\/wp-content\/uploads\/2026\/05\/zoo-christian-figueiredo-reproducao-instagram-18x12.jpg 18w\" sizes=\"auto, (max-width: 768px) 100vw, 768px\" title=\"\"><\/div><a class=\"wp-block-latest-posts__post-title\" href=\"https:\/\/portalpopmais.com.br\/en\/zoo-ex-de-christian-figueiredo-viraliza-apos-vazamento-de-video-intimo\/\">Zoo, ex de Christian Figueiredo, viraliza ap\u00f3s vazamento de v\u00eddeo \u00edntimo<\/a><\/li>\n<\/ul>\n\n\n<p>Em depoimento \u00e0 pol\u00edcia, representantes do Heritage Protection Group, entidade sem fins lucrativos de combate ao crime, disseram acreditar que Naude tenha parado o ve\u00edculo na beira da estrada a cinco quil\u00f4metros de Mokopane por causa de um superaquecimento. Na sequ\u00eancia, um carro com dois homens teria se aproximado do ca\u00e7ador e disparado contra a v\u00edtima.<\/p>\n\n\n\n<p>Ainda de acordo com entidade, testemunhas oculares da regi\u00e3o viram que, ap\u00f3s os disparos, os criminosos fugiram em dire\u00e7\u00e3o a Marken. Pouco tempo depois, as autoridades chegaram ao local, mas n\u00e3o avistaram os suspeitos.<\/p>\n\n\n\n<p>Riaan morava na cidade africana de Phalaborwa e estava dirigindo rumo a Pro Hunt Africa, uma organiza\u00e7\u00e3o de pessoas que ca\u00e7am profissionalmente e oferece aos turistas suporte para a realiza\u00e7\u00e3o da atividade.<\/p>\n\n\n\n<p>Naude era conhecido como &#8220;ca\u00e7ador de trof\u00e9us&#8221; e ca\u00e7ava desde le\u00f5es at\u00e9 girafas e elefantes. Ele tinha como h\u00e1bito publicar nas redes sociais as fotos das carca\u00e7as de animais de esp\u00e9cies em extin\u00e7\u00e3o.<\/p>\n\n\n\n<p>A morte do ca\u00e7ador repercutiu no pa\u00eds. Organiza\u00e7\u00f5es de prote\u00e7\u00e3o ambiental se manifestaram sobre o caso. O blog Protect All Wildlife (Proteja Todas as Vidas Selvagens, em tradu\u00e7\u00e3o livre) escreveu nas redes sociais que o &#8220;ca\u00e7ador foi ca\u00e7ado&#8221;.<\/p>","protected":false},"excerpt":{"rendered":"<p>O ca\u00e7ador de animais selvagens Riaan Naude foi encontrado morto na \u00c1frica do Sul. Autoridades locais encontraram o corpo da v\u00edtima com marcas de tiros ao lado do seu ve\u00edculo na prov\u00edncia africana de Limpopo. O tenente-coronel Mamphaswa Seabi, porta-voz do Servi\u00e7o de Pol\u00edcia da \u00c1frica do Sul, informou que havia sangue na cabe\u00e7a e [&hellip;]<\/p>\n","protected":false},"author":2,"featured_media":124798,"comment_status":"closed","ping_status":"open","sticky":false,"template":"","format":"standard","meta":{"footnotes":""},"categories":[2165],"tags":[11627],"class_list":["post-124795","post","type-post","status-publish","format-standard","has-post-thumbnail","hentry","category-noticias","tag-riaan-naude"],"_links":{"self":[{"href":"https:\/\/portalpopmais.com.br\/en\/wp-json\/wp\/v2\/posts\/124795","targetHints":{"allow":["GET"]}}],"collection":[{"href":"https:\/\/portalpopmais.com.br\/en\/wp-json\/wp\/v2\/posts"}],"about":[{"href":"https:\/\/portalpopmais.com.br\/en\/wp-json\/wp\/v2\/types\/post"}],"author":[{"embeddable":true,"href":"https:\/\/portalpopmais.com.br\/en\/wp-json\/wp\/v2\/users\/2"}],"replies":[{"embeddable":true,"href":"https:\/\/portalpopmais.com.br\/en\/wp-json\/wp\/v2\/comments?post=124795"}],"version-history":[{"count":0,"href":"https:\/\/portalpopmais.com.br\/en\/wp-json\/wp\/v2\/posts\/124795\/revisions"}],"wp:featuredmedia":[{"embeddable":true,"href":"https:\/\/portalpopmais.com.br\/en\/wp-json\/wp\/v2\/media\/124798"}],"wp:attachment":[{"href":"https:\/\/portalpopmais.com.br\/en\/wp-json\/wp\/v2\/media?parent=124795"}],"wp:term":[{"taxonomy":"category","embeddable":true,"href":"https:\/\/portalpopmais.com.br\/en\/wp-json\/wp\/v2\/categories?post=124795"},{"taxonomy":"post_tag","embeddable":true,"href":"https:\/\/portalpopmais.com.br\/en\/wp-json\/wp\/v2\/tags?post=124795"}],"curies":[{"name":"wp","href":"https:\/\/api.w.org\/{rel}","templated":true}]}}