{"id":124927,"date":"2022-07-06T16:36:04","date_gmt":"2022-07-06T19:36:04","guid":{"rendered":"https:\/\/portalpopmais.com.br\/?p=124927"},"modified":"2022-07-06T16:36:46","modified_gmt":"2022-07-06T19:36:46","slug":"tz-da-coronel-single-mao-na-gola","status":"publish","type":"post","link":"https:\/\/portalpopmais.com.br\/en\/tz-da-coronel-single-mao-na-gola\/","title":{"rendered":"Ascens\u00e3o no trap nacional, TZ da Coronel lan\u00e7a o single \u201cM\u00e3o na Gola\u201d em parceria com Tizi Kilates; veja letra"},"content":{"rendered":"<p class=\"wp-block-paragraph\">O rapper <strong><a href=\"https:\/\/portalpopmais.com.br\/en\/artistas\/biografia-tz-da-coronel\/\" data-type=\"artistas\" data-id=\"124842\">TZ da Coronel<\/a><\/strong>, que iniciou sua caminhada atrav\u00e9s das batalhas de rima, lan\u00e7a nesta quarta-feira (06) o single \u201cM\u00e3o da Gola\u201d em parceria com Tizi Kilates. A m\u00fasica chega acompanhada de um clipe com pegada cinematogr\u00e1fica, foi dirigido por PH Stelzer e produzido pela Ganja Filmes, e conta ainda com a participa\u00e7\u00e3o do ator Andr\u00e9 Ramiro revivendo seu papel do filme \u201cTropa de Elite\u201d.<\/p>\n\n\n\n<p class=\"wp-block-paragraph\">\u201cA ideia dessa m\u00fasica veio a partir de fotos que as pessoas tiram querendo mostrar a corrente de ouro, que reflete muito na cultura da favela. Isso pode at\u00e9 ser um pouco de ostenta\u00e7\u00e3o, mas \u00e9 o que os crias fazem na favela. E nas minhas m\u00fasicas, eu gosto muito de falar sobre sobre o que est\u00e1 na moda dentro da comunidade, eu sinto que essa galera abra\u00e7a legal o meu trabalho como artista por isso\u201d, revela o rapper.<\/p>\n\n\n\n<p class=\"has-text-align-center wp-block-paragraph\"><strong>Veja tamb\u00e9m<br><\/strong><a href=\"https:\/\/portalpopmais.com.br\/en\/letras\/mao-na-gola-tz-da-coronel\/\" target=\"_blank\" data-type=\"letras\" data-id=\"124845\" rel=\"noreferrer noopener\">Letra de M\u00e3o na Gola<\/a><\/p>\n\n\n\n<p class=\"wp-block-paragraph\">Esse \u00e9 o primeiro trabalho do rapper lan\u00e7ado pelo selo \u201cNada Mal\u201d, do artista Filipe Ret, e refor\u00e7a a ascens\u00e3o do cantor no cen\u00e1rio do trap nacional. TZ hoje soma n\u00fameros expressivos, com mais de 1 milh\u00e3o de seguidores no Instagram, 2 milh\u00f5es de ouvintes mensais no Spotify totalizando em todas as plataformas de streaming mais de 65 Milh\u00f5es de execu\u00e7\u00e3o em suas m\u00fasicas dentro do seu primeiro ano de carreira. Com uma m\u00e9dia de 20 shows por m\u00eas, o artista vem conquistando cada vez mais f\u00e3s por onde se apresenta pelo <a href=\"http:\/\/instagram.com\/portalpopmais\" target=\"_blank\" rel=\"noopener\">Brasil<\/a>, dentre eles est\u00e1 Caetano Veloso, que citou o jovem cantor na m\u00fasica \u201cSem Samba N\u00e3o D\u00e1\u201d.<\/p>\n\n\n\n<figure class=\"wp-block-embed is-type-video is-provider-youtube wp-block-embed-youtube wp-embed-aspect-4-3 wp-has-aspect-ratio\"><div class=\"wp-block-embed__wrapper\">\n<iframe loading=\"lazy\" title=\"M\u00e3o na Gola\" width=\"880\" height=\"660\" src=\"https:\/\/www.youtube.com\/embed\/Zn3ER4U8mZY?feature=oembed\" frameborder=\"0\" allow=\"accelerometer; autoplay; clipboard-write; encrypted-media; gyroscope; picture-in-picture; web-share\" referrerpolicy=\"strict-origin-when-cross-origin\" allowfullscreen><\/iframe>\n<\/div><\/figure>","protected":false},"excerpt":{"rendered":"<p>O rapper TZ da Coronel, que iniciou sua caminhada atrav\u00e9s das batalhas de rima, lan\u00e7a nesta quarta-feira (06) o single \u201cM\u00e3o da Gola\u201d em parceria com Tizi Kilates. A m\u00fasica chega acompanhada de um clipe com pegada cinematogr\u00e1fica, foi dirigido por PH Stelzer e produzido pela Ganja Filmes, e conta ainda com a participa\u00e7\u00e3o do [&hellip;]<\/p>\n","protected":false},"author":1,"featured_media":124933,"comment_status":"closed","ping_status":"open","sticky":false,"template":"","format":"standard","meta":{"footnotes":""},"categories":[154],"tags":[11630],"class_list":["post-124927","post","type-post","status-publish","format-standard","has-post-thumbnail","hentry","category-musica","tag-tz-da-coronel"],"_links":{"self":[{"href":"https:\/\/portalpopmais.com.br\/en\/wp-json\/wp\/v2\/posts\/124927","targetHints":{"allow":["GET"]}}],"collection":[{"href":"https:\/\/portalpopmais.com.br\/en\/wp-json\/wp\/v2\/posts"}],"about":[{"href":"https:\/\/portalpopmais.com.br\/en\/wp-json\/wp\/v2\/types\/post"}],"author":[{"embeddable":true,"href":"https:\/\/portalpopmais.com.br\/en\/wp-json\/wp\/v2\/users\/1"}],"replies":[{"embeddable":true,"href":"https:\/\/portalpopmais.com.br\/en\/wp-json\/wp\/v2\/comments?post=124927"}],"version-history":[{"count":0,"href":"https:\/\/portalpopmais.com.br\/en\/wp-json\/wp\/v2\/posts\/124927\/revisions"}],"wp:featuredmedia":[{"embeddable":true,"href":"https:\/\/portalpopmais.com.br\/en\/wp-json\/wp\/v2\/media\/124933"}],"wp:attachment":[{"href":"https:\/\/portalpopmais.com.br\/en\/wp-json\/wp\/v2\/media?parent=124927"}],"wp:term":[{"taxonomy":"category","embeddable":true,"href":"https:\/\/portalpopmais.com.br\/en\/wp-json\/wp\/v2\/categories?post=124927"},{"taxonomy":"post_tag","embeddable":true,"href":"https:\/\/portalpopmais.com.br\/en\/wp-json\/wp\/v2\/tags?post=124927"}],"curies":[{"name":"wp","href":"https:\/\/api.w.org\/{rel}","templated":true}]}}