{"id":125029,"date":"2022-07-07T11:56:10","date_gmt":"2022-07-07T14:56:10","guid":{"rendered":"https:\/\/portalpopmais.com.br\/?p=125029"},"modified":"2022-07-07T11:57:34","modified_gmt":"2022-07-07T14:57:34","slug":"boris-johnson-renuncia-cargo","status":"publish","type":"post","link":"https:\/\/portalpopmais.com.br\/en\/boris-johnson-renuncia-cargo\/","title":{"rendered":"Boris Johnson anuncia que deixar\u00e1 o cargo de primeiro-ministro brit\u00e2nico"},"content":{"rendered":"<p><strong><a href=\"http:\/\/portalpopmais.com.br\/en\/\">Boris Johnson<\/a><\/strong> apresentou nesta quinta (7) sua ren\u00fancia, mas continuar\u00e1 como premi\u00ea at\u00e9 que um novo nome seja escolhido. Em junho, Johnson enfrentou uma mo\u00e7\u00e3o de desconfian\u00e7a em que quase metade dos parlamentares de seu partido votaram contra ele, ap\u00f3s fotos mostrarem o primeiro-ministro brit\u00e2nico em festas durante o confinamento pela pandemia. <\/p>\n\n\n\n<p>Nos \u00faltimos dias, um dos membros do governo foi acusado de condutas sexuais inapropriadas. Embora n\u00e3o esteja envolvido nas den\u00fancias, Johnson passou a ser questionado pela transpar\u00eancia e por seu julgamento sobre as alega\u00e7\u00f5es.<\/p>\n\n\n\n<p>Em discurso de ren\u00fancia, Johnson disse que tentou convencer seu partido de que mudar a lideran\u00e7a era um erro, mas admitiu que &#8216;ningu\u00e9m \u00e9 indispens\u00e1vel&#8217;<\/p>\n\n\n\n<p><em>\u201cSei que algumas pessoas v\u00e3o ficar aliviadas, e outras v\u00e3o ficar desapontadas. Mas vou apoiar meu sucessor de todas as formas\u201d<\/em>, disse. Uma pesquisa do YouGov descobriu que 69% dos brit\u00e2nicos achavam que Johnson deveria deixar o cargo de primeiro-ministro.<\/p>","protected":false},"excerpt":{"rendered":"<p>Boris Johnson apresentou nesta quinta (7) sua ren\u00fancia, mas continuar\u00e1 como premi\u00ea at\u00e9 que um novo nome seja escolhido. Em junho, Johnson enfrentou uma mo\u00e7\u00e3o de desconfian\u00e7a em que quase metade dos parlamentares de seu partido votaram contra ele, ap\u00f3s fotos mostrarem o primeiro-ministro brit\u00e2nico em festas durante o confinamento pela pandemia. Nos \u00faltimos dias, [&hellip;]<\/p>\n","protected":false},"author":2,"featured_media":125031,"comment_status":"closed","ping_status":"open","sticky":false,"template":"","format":"standard","meta":{"footnotes":""},"categories":[2165],"tags":[11638],"class_list":["post-125029","post","type-post","status-publish","format-standard","has-post-thumbnail","hentry","category-noticias","tag-boris-johnson"],"_links":{"self":[{"href":"https:\/\/portalpopmais.com.br\/en\/wp-json\/wp\/v2\/posts\/125029","targetHints":{"allow":["GET"]}}],"collection":[{"href":"https:\/\/portalpopmais.com.br\/en\/wp-json\/wp\/v2\/posts"}],"about":[{"href":"https:\/\/portalpopmais.com.br\/en\/wp-json\/wp\/v2\/types\/post"}],"author":[{"embeddable":true,"href":"https:\/\/portalpopmais.com.br\/en\/wp-json\/wp\/v2\/users\/2"}],"replies":[{"embeddable":true,"href":"https:\/\/portalpopmais.com.br\/en\/wp-json\/wp\/v2\/comments?post=125029"}],"version-history":[{"count":0,"href":"https:\/\/portalpopmais.com.br\/en\/wp-json\/wp\/v2\/posts\/125029\/revisions"}],"wp:featuredmedia":[{"embeddable":true,"href":"https:\/\/portalpopmais.com.br\/en\/wp-json\/wp\/v2\/media\/125031"}],"wp:attachment":[{"href":"https:\/\/portalpopmais.com.br\/en\/wp-json\/wp\/v2\/media?parent=125029"}],"wp:term":[{"taxonomy":"category","embeddable":true,"href":"https:\/\/portalpopmais.com.br\/en\/wp-json\/wp\/v2\/categories?post=125029"},{"taxonomy":"post_tag","embeddable":true,"href":"https:\/\/portalpopmais.com.br\/en\/wp-json\/wp\/v2\/tags?post=125029"}],"curies":[{"name":"wp","href":"https:\/\/api.w.org\/{rel}","templated":true}]}}