{"id":125141,"date":"2022-07-07T22:20:19","date_gmt":"2022-07-08T01:20:19","guid":{"rendered":"https:\/\/portalpopmais.com.br\/?p=125141"},"modified":"2022-07-07T23:52:43","modified_gmt":"2022-07-08T02:52:43","slug":"chance-michelle-barros-insatisfacao-globo","status":"publish","type":"post","link":"https:\/\/portalpopmais.com.br\/en\/chance-michelle-barros-insatisfacao-globo\/","title":{"rendered":"Sem chance, Michelle Barros afirma insatisfa\u00e7\u00e3o por n\u00e3o ter programa pr\u00f3prio na Globo"},"content":{"rendered":"<p>A jornalista <strong><a href=\"https:\/\/portalpopmais.com.br\/en\/michelle-barros-deixa-a-globo-apos-12-anos\/\" data-type=\"post\" data-id=\"116189\">Michelle Barros<\/a><\/strong> revelou no programa \u201cSensacional\u201d sobre sua experi\u00eancia na Globo ap\u00f3s mais de uma d\u00e9cada. A insatisfa\u00e7\u00e3o foi o destaque da entrevista feita por Daniela Albuquerque na atra\u00e7\u00e3o da <strong><a href=\"https:\/\/portalpopmais.com.br\/en\/crise-redetv-perde-tv-bolsonaro-band-record\/\" data-type=\"post\" data-id=\"124725\">RedeTV!<\/a><\/strong>.<\/p>\n\n\n\n<p>\u201cEstava feliz fazendo o carnaval e apresentando os jornais, mas eu j\u00e1 n\u00e3o era feliz na reportagem e ainda tinha que fazer\u201d, revelou a jornalista durante o bate-papo com Daniela. Anualmente, Barros comandava a transmiss\u00e3o dos Desfiles das Escolas de Samba do Samb\u00f3dromo do Anhembi na capital paulista.<\/p>\n\n\n\n<p>Apesar de Michelle cobrir folgas e f\u00e9rias de seus colegas nos diversos jornais da emissora, a jornalista n\u00e3o chegou a ser promovida a titular dos notici\u00e1rios, principalmente nas \u00faltimas <a href=\"https:\/\/portalpopmais.com.br\/en\/saida-de-tramontina-gera-forte-danca-das-cadeiras-pelos-bastidores-da-globonews\/\" data-type=\"post\" data-id=\"114397\">movimenta\u00e7\u00f5es<\/a> feitas com a sa\u00edda de grandes nome do jornalismo, como <strong><a href=\"https:\/\/portalpopmais.com.br\/en\/carlos-tramontina-deixa-globo-apos-43-anos\/\" data-type=\"post\" data-id=\"114208\">Carlos Tramontina<\/a><\/strong>.<\/p>\n\n\n\n<p>Junto a decep\u00e7\u00e3o por nunca ter recebido uma chance pela dire\u00e7\u00e3o da Globo, ela conta tamb\u00e9m sobre o per\u00edodo na reportagem: \u201cEu queria ter um programa, mas sabia que n\u00e3o ia ter um ainda e ok. Mas queria ter oportunidade de fazer outras coisas, de estar \u00e0 frente de algo e n\u00e3o ter que voltar para a reportagem\u201d.<\/p>\n\n\n\n<p>A sa\u00edda do canal carioca j\u00e1 vinha sendo cogitada por ela h\u00e1 um certo tempo. \u201cCom os anos e o contexto passando, a gente vai evoluindo e mudando algumas coisas dentro de si. Foi uma decis\u00e3o muito dif\u00edcil, mas foi pensada e amadurecida no meu cora\u00e7\u00e3o e pela minha raz\u00e3o desde 2018\u201d.<\/p>\n\n\n\n<p>Em maio deste ano, Michelle Barros anunciou nas redes sociais o seu desligamento da <a href=\"https:\/\/gshow.globo.com\/\" target=\"_blank\" rel=\"noopener\">Globo<\/a> depois de 12 anos na emissora.<\/p>\n\n\n\n<p><\/p>\n\n\n\n<figure class=\"wp-block-embed is-type-rich is-provider-instagram wp-block-embed-instagram\"><div class=\"wp-block-embed__wrapper\">\nhttps:\/\/www.instagram.com\/p\/Cdd-T-WJ8EU\/?utm_source=ig_embed&#038;ig_rid=6c7ed958-a4d1-483a-b99c-cd51c22b9a72\n<\/div><\/figure>","protected":false},"excerpt":{"rendered":"<p>A jornalista Michelle Barros revelou no programa \u201cSensacional\u201d sobre sua experi\u00eancia na Globo ap\u00f3s mais de uma d\u00e9cada. A insatisfa\u00e7\u00e3o foi o destaque da entrevista feita por Daniela Albuquerque na atra\u00e7\u00e3o da RedeTV!. \u201cEstava feliz fazendo o carnaval e apresentando os jornais, mas eu j\u00e1 n\u00e3o era feliz na reportagem e ainda tinha que fazer\u201d, [&hellip;]<\/p>\n","protected":false},"author":2,"featured_media":125152,"comment_status":"closed","ping_status":"open","sticky":false,"template":"","format":"standard","meta":{"footnotes":""},"categories":[181],"tags":[180,9963],"class_list":["post-125141","post","type-post","status-publish","format-standard","has-post-thumbnail","hentry","category-televisao","tag-globo","tag-michelle-barros"],"_links":{"self":[{"href":"https:\/\/portalpopmais.com.br\/en\/wp-json\/wp\/v2\/posts\/125141","targetHints":{"allow":["GET"]}}],"collection":[{"href":"https:\/\/portalpopmais.com.br\/en\/wp-json\/wp\/v2\/posts"}],"about":[{"href":"https:\/\/portalpopmais.com.br\/en\/wp-json\/wp\/v2\/types\/post"}],"author":[{"embeddable":true,"href":"https:\/\/portalpopmais.com.br\/en\/wp-json\/wp\/v2\/users\/2"}],"replies":[{"embeddable":true,"href":"https:\/\/portalpopmais.com.br\/en\/wp-json\/wp\/v2\/comments?post=125141"}],"version-history":[{"count":0,"href":"https:\/\/portalpopmais.com.br\/en\/wp-json\/wp\/v2\/posts\/125141\/revisions"}],"wp:featuredmedia":[{"embeddable":true,"href":"https:\/\/portalpopmais.com.br\/en\/wp-json\/wp\/v2\/media\/125152"}],"wp:attachment":[{"href":"https:\/\/portalpopmais.com.br\/en\/wp-json\/wp\/v2\/media?parent=125141"}],"wp:term":[{"taxonomy":"category","embeddable":true,"href":"https:\/\/portalpopmais.com.br\/en\/wp-json\/wp\/v2\/categories?post=125141"},{"taxonomy":"post_tag","embeddable":true,"href":"https:\/\/portalpopmais.com.br\/en\/wp-json\/wp\/v2\/tags?post=125141"}],"curies":[{"name":"wp","href":"https:\/\/api.w.org\/{rel}","templated":true}]}}