{"id":125507,"date":"2022-07-10T13:30:29","date_gmt":"2022-07-10T16:30:29","guid":{"rendered":"https:\/\/portalpopmais.com.br\/?p=125507"},"modified":"2022-07-10T13:30:35","modified_gmt":"2022-07-10T16:30:35","slug":"oab-ministerio-publico-atue-contra-leo-lins","status":"publish","type":"post","link":"https:\/\/portalpopmais.com.br\/en\/oab-ministerio-publico-atue-contra-leo-lins\/","title":{"rendered":"OAB pede que Minist\u00e9rio P\u00fablico atue contra Leo Lins ap\u00f3s &#8216;piada&#8217; sobre crian\u00e7a com hidrocefalia"},"content":{"rendered":"<p>A Ordem dos Advogados do Brasil Sec\u00e7\u00e3o do Cear\u00e1  instaurou, na \u00faltima quinta-feira (7), uma representa\u00e7\u00e3o no Minist\u00e9rio P\u00fablico do Cear\u00e1 (MP-CE) contra o humorista <strong>Leo Lins<\/strong>, protagonista de uma pol\u00eamica nos \u00faltimos dias ap\u00f3s aparecer em um v\u00eddeo fazendo uma piada ofensiva sobre uma crian\u00e7a com hidrocefalia, que viveria no <a href=\"http:\/\/instagram.com\/portalpopmais\" target=\"_blank\" rel=\"noopener\">Cear\u00e1<\/a>.<\/p>\n\n\n\n<p>Em of\u00edcio, a OAB solicitou que o \u00f3rg\u00e3o tome provid\u00eancias em rela\u00e7\u00e3o ao v\u00eddeo, que provocou rea\u00e7\u00f5es nas redes sociais gerando v\u00e1rias cr\u00edticas ao coment\u00e1rio feito pelo humorista. A repercuss\u00e3o negativa do v\u00eddeo e do ato levou \u00e0 <a href=\"https:\/\/portalpopmais.com.br\/en\/leo-lins-demitido-sbt-piada-criancas-teleton\/\" data-type=\"post\" data-id=\"124517\">demiss\u00e3o de Leo do SBT<\/a>, emissora onde ele trabalhava. <\/p>\n\n\n\n<h2 class=\"wp-block-heading\">Veja tamb\u00e9m<\/h2>\n\n\n<ul class=\"wp-block-latest-posts__list is-grid columns-3 wp-block-latest-posts\"><li><div class=\"wp-block-latest-posts__featured-image aligncenter\"><a href=\"https:\/\/portalpopmais.com.br\/en\/filho-de-cid-moreira-deixa-prisao-apos-decisao-da-justica-de-sao-paulo\/\" aria-label=\"Filho de Cid Moreira deixa pris\u00e3o ap\u00f3s decis\u00e3o da Justi\u00e7a de S\u00e3o Paulo\"><img loading=\"lazy\" decoding=\"async\" width=\"768\" height=\"456\" src=\"https:\/\/portalpopmais.com.br\/wp-content\/uploads\/2026\/04\/Filho-de-Cid-Moreira-deixa-prisao-apos-decisao-da-Justica-de-SP-768x456.webp\" class=\"attachment-medium size-medium wp-post-image\" alt=\"Filho de Cid Moreira deixa pris\u00e3o ap\u00f3s decis\u00e3o da Justi\u00e7a de SP\" style=\"\" srcset=\"https:\/\/portalpopmais.com.br\/wp-content\/uploads\/2026\/04\/Filho-de-Cid-Moreira-deixa-prisao-apos-decisao-da-Justica-de-SP-768x456.webp 768w, https:\/\/portalpopmais.com.br\/wp-content\/uploads\/2026\/04\/Filho-de-Cid-Moreira-deixa-prisao-apos-decisao-da-Justica-de-SP-1170x694.webp 1170w\" sizes=\"auto, (max-width: 768px) 100vw, 768px\" title=\"\"><\/a><\/div><a class=\"wp-block-latest-posts__post-title\" href=\"https:\/\/portalpopmais.com.br\/en\/filho-de-cid-moreira-deixa-prisao-apos-decisao-da-justica-de-sao-paulo\/\">Filho de Cid Moreira deixa pris\u00e3o ap\u00f3s decis\u00e3o da Justi\u00e7a de S\u00e3o Paulo<\/a><\/li>\n<li><div class=\"wp-block-latest-posts__featured-image aligncenter\"><a href=\"https:\/\/portalpopmais.com.br\/en\/whindersson-nunes-relata-confusao-mental-e-levanta-alerta-sobre-saude-psicologica\/\" aria-label=\"Whindersson Nunes relata confus\u00e3o mental e levanta alerta sobre sa\u00fade psicol\u00f3gica\"><img loading=\"lazy\" decoding=\"async\" width=\"768\" height=\"450\" src=\"https:\/\/portalpopmais.com.br\/wp-content\/uploads\/2026\/02\/whindersson-nunes-reproducao-instagram-768x450.jpg\" class=\"attachment-medium size-medium wp-post-image\" alt=\"\" style=\"\" srcset=\"https:\/\/portalpopmais.com.br\/wp-content\/uploads\/2026\/02\/whindersson-nunes-reproducao-instagram-768x450.jpg 768w, https:\/\/portalpopmais.com.br\/wp-content\/uploads\/2026\/02\/whindersson-nunes-reproducao-instagram-18x10.jpg 18w\" sizes=\"auto, (max-width: 768px) 100vw, 768px\" title=\"\"><\/a><\/div><a class=\"wp-block-latest-posts__post-title\" href=\"https:\/\/portalpopmais.com.br\/en\/whindersson-nunes-relata-confusao-mental-e-levanta-alerta-sobre-saude-psicologica\/\">Whindersson Nunes relata confus\u00e3o mental e levanta alerta sobre sa\u00fade psicol\u00f3gica<\/a><\/li>\n<li><div class=\"wp-block-latest-posts__featured-image aligncenter\"><a href=\"https:\/\/portalpopmais.com.br\/en\/leo-lins-ironiza-desabafo-de-thais-carla-e-reacende-polemica\/\" aria-label=\"Leo Lins ironiza desabafo de Thais Carla e reacende pol\u00eamica\"><img loading=\"lazy\" decoding=\"async\" width=\"768\" height=\"456\" src=\"https:\/\/portalpopmais.com.br\/wp-content\/uploads\/2026\/04\/thais-carla-768x456.png\" class=\"attachment-medium size-medium wp-post-image\" alt=\"thais carla\" style=\"\" srcset=\"https:\/\/portalpopmais.com.br\/wp-content\/uploads\/2026\/04\/thais-carla-768x456.png 768w, https:\/\/portalpopmais.com.br\/wp-content\/uploads\/2026\/04\/thais-carla-18x12.png 18w\" sizes=\"auto, (max-width: 768px) 100vw, 768px\" title=\"\"><\/a><\/div><a class=\"wp-block-latest-posts__post-title\" href=\"https:\/\/portalpopmais.com.br\/en\/leo-lins-ironiza-desabafo-de-thais-carla-e-reacende-polemica\/\">Leo Lins ironiza desabafo de Thais Carla e reacende pol\u00eamica<\/a><\/li>\n<li><div class=\"wp-block-latest-posts__featured-image aligncenter\"><a href=\"https:\/\/portalpopmais.com.br\/en\/pericia-independente-diz-que-pc-siqueira-foi-assassinado-entenda\/\" aria-label=\"Per\u00edcia independente diz que PC Siqueira foi assassinado; entenda\"><img loading=\"lazy\" decoding=\"async\" width=\"768\" height=\"456\" src=\"https:\/\/portalpopmais.com.br\/wp-content\/uploads\/2026\/01\/pc-siqueira-212026-768x456.jpg\" class=\"attachment-medium size-medium wp-post-image\" alt=\"\" style=\"\" srcset=\"https:\/\/portalpopmais.com.br\/wp-content\/uploads\/2026\/01\/pc-siqueira-212026-768x456.jpg 768w, https:\/\/portalpopmais.com.br\/wp-content\/uploads\/2026\/01\/pc-siqueira-212026-1170x694.jpg 1170w, https:\/\/portalpopmais.com.br\/wp-content\/uploads\/2026\/01\/pc-siqueira-212026-18x10.jpg 18w\" sizes=\"auto, (max-width: 768px) 100vw, 768px\" title=\"\"><\/a><\/div><a class=\"wp-block-latest-posts__post-title\" href=\"https:\/\/portalpopmais.com.br\/en\/pericia-independente-diz-que-pc-siqueira-foi-assassinado-entenda\/\">Per\u00edcia independente diz que PC Siqueira foi assassinado; entenda<\/a><\/li>\n<li><div class=\"wp-block-latest-posts__featured-image aligncenter\"><a href=\"https:\/\/portalpopmais.com.br\/en\/video-malevola-alves-e-mc-paiva-saem-no-tapa-em-shopping-de-sp\/\" aria-label=\"V\u00eddeo: Mal\u00e9vola Alves e MC Paiva saem no tapa em shopping de SP\"><img loading=\"lazy\" decoding=\"async\" width=\"768\" height=\"456\" src=\"https:\/\/portalpopmais.com.br\/wp-content\/uploads\/2026\/04\/Screenshot_20260430-062505-768x456.png\" class=\"attachment-medium size-medium wp-post-image\" alt=\"Screenshot 20260430 062505\" style=\"\" srcset=\"https:\/\/portalpopmais.com.br\/wp-content\/uploads\/2026\/04\/Screenshot_20260430-062505-768x456.png 768w, https:\/\/portalpopmais.com.br\/wp-content\/uploads\/2026\/04\/Screenshot_20260430-062505-18x10.png 18w\" sizes=\"auto, (max-width: 768px) 100vw, 768px\" title=\"\"><\/a><\/div><a class=\"wp-block-latest-posts__post-title\" href=\"https:\/\/portalpopmais.com.br\/en\/video-malevola-alves-e-mc-paiva-saem-no-tapa-em-shopping-de-sp\/\">V\u00eddeo: Mal\u00e9vola Alves e MC Paiva saem no tapa em shopping de SP<\/a><\/li>\n<li><div class=\"wp-block-latest-posts__featured-image aligncenter\"><a href=\"https:\/\/portalpopmais.com.br\/en\/cantor-envolvido-em-treta-com-daniela-mercury-edson-gomes-foi-acusado-por-deputada-conheci-uma-das-agredidas\/\" aria-label=\"Cantor envolvido em treta com Daniela Mercury, Edson Gomes foi acusado por deputada: &#8216;Conheci uma das agredidas&#8217;\"><img loading=\"lazy\" decoding=\"async\" width=\"768\" height=\"456\" src=\"https:\/\/portalpopmais.com.br\/wp-content\/uploads\/2026\/04\/whatsapp-image-2026-04-29-at-16.32.05-768x456.jpeg\" class=\"attachment-medium size-medium wp-post-image\" alt=\"whatsapp image 2026 04 29 at 16.32.05\" style=\"\" srcset=\"https:\/\/portalpopmais.com.br\/wp-content\/uploads\/2026\/04\/whatsapp-image-2026-04-29-at-16.32.05-768x456.jpeg 768w, https:\/\/portalpopmais.com.br\/wp-content\/uploads\/2026\/04\/whatsapp-image-2026-04-29-at-16.32.05-18x12.jpeg 18w\" sizes=\"auto, (max-width: 768px) 100vw, 768px\" title=\"\"><\/a><\/div><a class=\"wp-block-latest-posts__post-title\" href=\"https:\/\/portalpopmais.com.br\/en\/cantor-envolvido-em-treta-com-daniela-mercury-edson-gomes-foi-acusado-por-deputada-conheci-uma-das-agredidas\/\">Cantor envolvido em treta com Daniela Mercury, Edson Gomes foi acusado por deputada: &#8216;Conheci uma das agredidas&#8217;<\/a><\/li>\n<\/ul>\n\n\n<p>O documento defende que &#8220;piadas&#8221; dessa natureza s\u00e3o indignas de serem veiculadas. <em>&#8220;A reiterada falta de sensibilidade e respeito demonstrado pelo artista reafirma que, na busca por momentos de destaque e aplausos, o ser humano pode ser frio e maldoso&#8221;<\/em>, disse a OAB.<\/p>\n\n\n\n<p>A representa\u00e7\u00e3o \u00e9 assinada pelo presidente e pela vice-presidente da OAB-CE, respectivamente, Erinaldo Dantas e Christiane Leit\u00e3o e pelo presidente da Comiss\u00e3o de Direito de Defesa dos Direitos da Pessoa com Defici\u00eancia (CDDPD), Emerson Damasceno.<\/p>\n\n\n\n<p>O presidente da OAB-CE, Erinaldo Dantas, esclarece que a Lei Brasileira de Inclus\u00e3o veda a discrimina\u00e7\u00e3o de pessoas com defici\u00eancia.<\/p>\n\n\n\n<p><em>\u201cO referido humorista tem se notabilizado por &#8216;piadas&#8217; de cunho depreciativo, \u00e0s quais se fazem necess\u00e1rias as apura\u00e7\u00f5es a fim de que seja verificada a exist\u00eancia ou n\u00e3o de il\u00edcito penal\u201d<\/em>, explicou Erinaldo Dantas.<\/p>\n\n\n\n<p>A hidrocefalia \u00e9 uma condi\u00e7\u00e3o que acontece quando a quantidade de l\u00edquido cefalorraquidiano (LCR) ou liquor, como tamb\u00e9m \u00e9 conhecido, aumenta no cr\u00e2nio. Este acr\u00e9scimo anormal do volume de liquor dilata os ventr\u00edculos e comprime o c\u00e9rebro contra os ossos do cr\u00e2nio, provocando uma s\u00e9rie de sintomas que necessitam de tratamento de emerg\u00eancia para prevenir danos mais s\u00e9rios, segundo o Minist\u00e9rio da Sa\u00fade.<\/p>","protected":false},"excerpt":{"rendered":"<p>A Ordem dos Advogados do Brasil Sec\u00e7\u00e3o do Cear\u00e1 instaurou, na \u00faltima quinta-feira (7), uma representa\u00e7\u00e3o no Minist\u00e9rio P\u00fablico do Cear\u00e1 (MP-CE) contra o humorista Leo Lins, protagonista de uma pol\u00eamica nos \u00faltimos dias ap\u00f3s aparecer em um v\u00eddeo fazendo uma piada ofensiva sobre uma crian\u00e7a com hidrocefalia, que viveria no Cear\u00e1. Em of\u00edcio, a [&hellip;]<\/p>\n","protected":false},"author":2,"featured_media":124770,"comment_status":"closed","ping_status":"open","sticky":false,"template":"","format":"standard","meta":{"footnotes":""},"categories":[173],"tags":[10289],"class_list":["post-125507","post","type-post","status-publish","format-standard","has-post-thumbnail","hentry","category-celebridades","tag-leo-lins"],"_links":{"self":[{"href":"https:\/\/portalpopmais.com.br\/en\/wp-json\/wp\/v2\/posts\/125507","targetHints":{"allow":["GET"]}}],"collection":[{"href":"https:\/\/portalpopmais.com.br\/en\/wp-json\/wp\/v2\/posts"}],"about":[{"href":"https:\/\/portalpopmais.com.br\/en\/wp-json\/wp\/v2\/types\/post"}],"author":[{"embeddable":true,"href":"https:\/\/portalpopmais.com.br\/en\/wp-json\/wp\/v2\/users\/2"}],"replies":[{"embeddable":true,"href":"https:\/\/portalpopmais.com.br\/en\/wp-json\/wp\/v2\/comments?post=125507"}],"version-history":[{"count":0,"href":"https:\/\/portalpopmais.com.br\/en\/wp-json\/wp\/v2\/posts\/125507\/revisions"}],"wp:featuredmedia":[{"embeddable":true,"href":"https:\/\/portalpopmais.com.br\/en\/wp-json\/wp\/v2\/media\/124770"}],"wp:attachment":[{"href":"https:\/\/portalpopmais.com.br\/en\/wp-json\/wp\/v2\/media?parent=125507"}],"wp:term":[{"taxonomy":"category","embeddable":true,"href":"https:\/\/portalpopmais.com.br\/en\/wp-json\/wp\/v2\/categories?post=125507"},{"taxonomy":"post_tag","embeddable":true,"href":"https:\/\/portalpopmais.com.br\/en\/wp-json\/wp\/v2\/tags?post=125507"}],"curies":[{"name":"wp","href":"https:\/\/api.w.org\/{rel}","templated":true}]}}