{"id":125522,"date":"2022-07-11T03:10:34","date_gmt":"2022-07-11T06:10:34","guid":{"rendered":"https:\/\/portalpopmais.com.br\/?p=125522"},"modified":"2022-07-11T08:30:09","modified_gmt":"2022-07-11T11:30:09","slug":"nao-conseguiram-derrubar-arthur-aguiar","status":"publish","type":"post","link":"https:\/\/portalpopmais.com.br\/en\/nao-conseguiram-derrubar-arthur-aguiar\/","title":{"rendered":"&#8220;N\u00e3o conseguiram me derrubar e n\u00e3o v\u00e3o conseguir agora&#8221;, desabafa Arthur Aguiar ap\u00f3s ataques"},"content":{"rendered":"<p class=\"wp-block-paragraph\"><strong><a href=\"https:\/\/portalpopmais.com.br\/en\/nao-conseguiram-derrubar-arthur-aguiar\/\" data-type=\"post\" data-id=\"125522\">Arthur Aguiar<\/a><\/strong>, campe\u00e3o do &#8216;BBB22&#8217;, usou as <a href=\"http:\/\/instagram.com\/portalpopmais\" target=\"_blank\" rel=\"noopener\">redes sociais<\/a> para rebater os haters que falam mal da sua carreira p\u00f3s reality. O ator compartilhou uma publica\u00e7\u00e3o de um f\u00e3 clube sobre ser criticado.<\/p>\n\n\n\n<p class=\"wp-block-paragraph\">&#8220;O Arthur n\u00e3o pode cantar, n\u00e3o pode atuar, n\u00e3o pode fazer p<em>rr<\/em> nenhuma que esse pessoal enche o saco. O desrespeito est\u00e1 gritando (\u2026) Arthur n\u00e3o cometeu nenhum crime, deixa ele em paz&#8221;, dizia a publica\u00e7\u00e3o.<\/p>\n\n\n\n<div class=\"wp-block-image is-style-default\"><figure class=\"aligncenter size-full is-resized\"><img loading=\"lazy\" decoding=\"async\" src=\"https:\/\/portalpopmais.com.br\/wp-content\/uploads\/2022\/07\/Arthur-Aguiar.jpg\" alt=\"Arthur Aguiar \" class=\"wp-image-125558\" width=\"625\" height=\"781\" title=\"\"><figcaption>Arthur Aguiar &#8211; Foto: Reprodu\u00e7\u00e3o<\/figcaption><\/figure><\/div>\n\n\n\n<p class=\"wp-block-paragraph\">Em seguida, o marido de Ma\u00edra Cardi deu sua vis\u00e3o sobre a forma como algumas pessoas tem lidado com a sua fama ap\u00f3s sua vit\u00f3ria no reality global<\/p>\n\n\n\n<p class=\"wp-block-paragraph\">&#8220;Tamb\u00e9m n\u00e3o consigo entender. N\u00e3o conseguiram me derrubar no BBB e n\u00e3o v\u00e3o conseguir tamb\u00e9m agora&#8221;, desabafou Arthur.<\/p>\n\n\n\n<p class=\"wp-block-paragraph\">Desde que saiu do programa de confinamento, o ex-Rebelde tem dito aos quatro ventos que se sente perseguido e injusti\u00e7ado pela forma como o p\u00fablico tem o encarado.<\/p>","protected":false},"excerpt":{"rendered":"<p>Arthur Aguiar, campe\u00e3o do &#8216;BBB22&#8217;, usou as redes sociais para rebater os haters que falam mal da sua carreira p\u00f3s reality. O ator compartilhou uma publica\u00e7\u00e3o de um f\u00e3 clube sobre ser criticado. &#8220;O Arthur n\u00e3o pode cantar, n\u00e3o pode atuar, n\u00e3o pode fazer prr nenhuma que esse pessoal enche o saco. O desrespeito est\u00e1 [&hellip;]<\/p>\n","protected":false},"author":3,"featured_media":122529,"comment_status":"closed","ping_status":"open","sticky":false,"template":"","format":"standard","meta":{"footnotes":""},"categories":[173],"tags":[1185],"class_list":["post-125522","post","type-post","status-publish","format-standard","has-post-thumbnail","hentry","category-celebridades","tag-arthur-aguiar"],"_links":{"self":[{"href":"https:\/\/portalpopmais.com.br\/en\/wp-json\/wp\/v2\/posts\/125522","targetHints":{"allow":["GET"]}}],"collection":[{"href":"https:\/\/portalpopmais.com.br\/en\/wp-json\/wp\/v2\/posts"}],"about":[{"href":"https:\/\/portalpopmais.com.br\/en\/wp-json\/wp\/v2\/types\/post"}],"author":[{"embeddable":true,"href":"https:\/\/portalpopmais.com.br\/en\/wp-json\/wp\/v2\/users\/3"}],"replies":[{"embeddable":true,"href":"https:\/\/portalpopmais.com.br\/en\/wp-json\/wp\/v2\/comments?post=125522"}],"version-history":[{"count":0,"href":"https:\/\/portalpopmais.com.br\/en\/wp-json\/wp\/v2\/posts\/125522\/revisions"}],"wp:featuredmedia":[{"embeddable":true,"href":"https:\/\/portalpopmais.com.br\/en\/wp-json\/wp\/v2\/media\/122529"}],"wp:attachment":[{"href":"https:\/\/portalpopmais.com.br\/en\/wp-json\/wp\/v2\/media?parent=125522"}],"wp:term":[{"taxonomy":"category","embeddable":true,"href":"https:\/\/portalpopmais.com.br\/en\/wp-json\/wp\/v2\/categories?post=125522"},{"taxonomy":"post_tag","embeddable":true,"href":"https:\/\/portalpopmais.com.br\/en\/wp-json\/wp\/v2\/tags?post=125522"}],"curies":[{"name":"wp","href":"https:\/\/api.w.org\/{rel}","templated":true}]}}