{"id":125953,"date":"2022-07-12T23:06:29","date_gmt":"2022-07-13T02:06:29","guid":{"rendered":"https:\/\/portalpopmais.com.br\/?p=125953"},"modified":"2022-07-12T23:06:39","modified_gmt":"2022-07-13T02:06:39","slug":"video-carro-de-ex-sogra-de-antonia-fontenelle-e-atingido-por-tiros-no-rio-de-janeiro","status":"publish","type":"post","link":"https:\/\/portalpopmais.com.br\/en\/video-carro-de-ex-sogra-de-antonia-fontenelle-e-atingido-por-tiros-no-rio-de-janeiro\/","title":{"rendered":"V\u00eddeo: Carro de ex-sogra de Ant\u00f4nia Fontenelle \u00e9 atingido por tiros no Rio de Janeiro"},"content":{"rendered":"<p>Nesta ter\u00e7a (12), o carro da vereadora <strong><a href=\"http:\/\/portalpopmais.com.br\/en\/\">Ver\u00f4nica Costa<\/a><\/strong>, m\u00e3e de\u00a0<strong>Jonathan Costa<\/strong>\u00a0e ex-sogra de\u00a0<strong>Ant\u00f4nia Fontenelle<\/strong>, foi atingido por tiros na Avenida Brasil, no Rio de Janeiro. As informa\u00e7\u00f5es s\u00e3o da coluna da <a href=\"http:\/\/instagram.com\/portalpopmais\" target=\"_blank\" rel=\"noopener\">jornalista<\/a> F\u00e1bia Oliveira.<\/p>\n\n\n\n<p>De acordo com a mat\u00e9ria, Ver\u00f4nica saiu de evento em Duque de Caxias em dire\u00e7\u00e3o a Madureira, quando na popular via da cidade acabou sendo fechada por oito homens em quatro motos. Um dos criminosos chegou a efetuar dois disparos em dire\u00e7\u00e3o ao carro, atingindo o o vidro dianteiro e o outro a lateral do motorista. A m\u00e3e loira do funk, que estava no banco da frente do carona, n\u00e3o foi atingida pelo fato do ve\u00edculo ser blindado.<\/p>\n\n\n\n<p>O caso foi registrado na 30\u00aa DP, em Marechal Hermes. De acordo com o boletim de ocorr\u00eancia, a vereadora acredita que foi v\u00edtima de um assalto, e n\u00e3o persegui\u00e7\u00e3o pol\u00edtica ou crime encomendado.<\/p>\n\n\n\n<figure class=\"wp-block-embed is-type-rich is-provider-twitter wp-block-embed-twitter\"><div class=\"wp-block-embed__wrapper\">\n<blockquote class=\"twitter-tweet\" data-width=\"550\" data-dnt=\"true\"><p lang=\"zxx\" dir=\"ltr\"><a href=\"https:\/\/t.co\/5BIKb4kgWM\">pic.twitter.com\/5BIKb4kgWM<\/a><\/p>&mdash; Video EM OFF (@VideoEMOFF) <a href=\"https:\/\/twitter.com\/VideoEMOFF\/status\/1546980405219401730?ref_src=twsrc%5Etfw\" target=\"_blank\" rel=\"noopener\">July 12, 2022<\/a><\/blockquote><script async src=\"https:\/\/platform.twitter.com\/widgets.js\" charset=\"utf-8\"><\/script>\n<\/div><\/figure>\n\n\n\n<figure class=\"wp-block-embed is-type-rich is-provider-twitter wp-block-embed-twitter\"><div class=\"wp-block-embed__wrapper\">\n<blockquote class=\"twitter-tweet\" data-width=\"550\" data-dnt=\"true\"><p lang=\"zxx\" dir=\"ltr\"><a href=\"https:\/\/t.co\/wd2NpD6Hdy\">pic.twitter.com\/wd2NpD6Hdy<\/a><\/p>&mdash; Video EM OFF (@VideoEMOFF) <a href=\"https:\/\/twitter.com\/VideoEMOFF\/status\/1546980568763699200?ref_src=twsrc%5Etfw\" target=\"_blank\" rel=\"noopener\">July 12, 2022<\/a><\/blockquote><script async src=\"https:\/\/platform.twitter.com\/widgets.js\" charset=\"utf-8\"><\/script>\n<\/div><\/figure>","protected":false},"excerpt":{"rendered":"<p>Nesta ter\u00e7a (12), o carro da vereadora Ver\u00f4nica Costa, m\u00e3e de\u00a0Jonathan Costa\u00a0e ex-sogra de\u00a0Ant\u00f4nia Fontenelle, foi atingido por tiros na Avenida Brasil, no Rio de Janeiro. As informa\u00e7\u00f5es s\u00e3o da coluna da jornalista F\u00e1bia Oliveira. De acordo com a mat\u00e9ria, Ver\u00f4nica saiu de evento em Duque de Caxias em dire\u00e7\u00e3o a Madureira, quando na popular [&hellip;]<\/p>\n","protected":false},"author":2,"featured_media":125957,"comment_status":"closed","ping_status":"open","sticky":false,"template":"","format":"standard","meta":{"footnotes":""},"categories":[2165],"tags":[11665],"class_list":["post-125953","post","type-post","status-publish","format-standard","has-post-thumbnail","hentry","category-noticias","tag-veronica-costa"],"_links":{"self":[{"href":"https:\/\/portalpopmais.com.br\/en\/wp-json\/wp\/v2\/posts\/125953","targetHints":{"allow":["GET"]}}],"collection":[{"href":"https:\/\/portalpopmais.com.br\/en\/wp-json\/wp\/v2\/posts"}],"about":[{"href":"https:\/\/portalpopmais.com.br\/en\/wp-json\/wp\/v2\/types\/post"}],"author":[{"embeddable":true,"href":"https:\/\/portalpopmais.com.br\/en\/wp-json\/wp\/v2\/users\/2"}],"replies":[{"embeddable":true,"href":"https:\/\/portalpopmais.com.br\/en\/wp-json\/wp\/v2\/comments?post=125953"}],"version-history":[{"count":0,"href":"https:\/\/portalpopmais.com.br\/en\/wp-json\/wp\/v2\/posts\/125953\/revisions"}],"wp:featuredmedia":[{"embeddable":true,"href":"https:\/\/portalpopmais.com.br\/en\/wp-json\/wp\/v2\/media\/125957"}],"wp:attachment":[{"href":"https:\/\/portalpopmais.com.br\/en\/wp-json\/wp\/v2\/media?parent=125953"}],"wp:term":[{"taxonomy":"category","embeddable":true,"href":"https:\/\/portalpopmais.com.br\/en\/wp-json\/wp\/v2\/categories?post=125953"},{"taxonomy":"post_tag","embeddable":true,"href":"https:\/\/portalpopmais.com.br\/en\/wp-json\/wp\/v2\/tags?post=125953"}],"curies":[{"name":"wp","href":"https:\/\/api.w.org\/{rel}","templated":true}]}}