{"id":126192,"date":"2022-07-13T23:58:24","date_gmt":"2022-07-14T02:58:24","guid":{"rendered":"https:\/\/portalpopmais.com.br\/?p=126192"},"modified":"2022-07-14T08:29:27","modified_gmt":"2022-07-14T11:29:27","slug":"fim-das-coleguinhas-simaria-deixa-de-seguir-simone-no-instagram-e-web-especula","status":"publish","type":"post","link":"https:\/\/portalpopmais.com.br\/en\/fim-das-coleguinhas-simaria-deixa-de-seguir-simone-no-instagram-e-web-especula\/","title":{"rendered":"Fim das coleguinhas? Simaria deixa de seguir Simone no Instagram e web especula"},"content":{"rendered":"<p>A treta entre as irm\u00e3s <strong><a href=\"https:\/\/portalpopmais.com.br\/en\/crianca-acusa-simone-e-simaria-de-nao-cumprir-promessa-frustrado\/\" data-type=\"post\" data-id=\"124303\">Simone e Simaria<\/a><\/strong> segue rendendo! Nesta quarta-feira (13), o desentendimento da dupla ganhou um novo <a href=\"http:\/\/instagram.com\/portalpopmais\" target=\"_blank\" rel=\"noopener\">cap\u00edtulo<\/a>.<\/p>\n\n\n\n<p>Acontece que Simaria resolveu deixar de seguir a irm\u00e3 e o perfil oficial da dupla no Instagram, deixando os f\u00e3s das sertanejas em alerta sobre um poss\u00edvel rompimento da parceria. Os internautas especulam que o fim estaria mais pr\u00f3ximo do que nunca.<\/p>\n\n\n\n<p>Simaria tamb\u00e9m deixou de seguir amigos como Lucas Guimar\u00e3es, Carlinhos Maia, Z\u00e9 Felipe, \u00c1lvaro e Wesley Safad\u00e3o. O que ser\u00e1 que t\u00e1 rolando?<\/p>\n\n\n<div class=\"wp-block-image is-style-default\">\n<figure class=\"aligncenter size-full is-resized\"><img loading=\"lazy\" decoding=\"async\" src=\"https:\/\/portalpopmais.com.br\/wp-content\/uploads\/2022\/07\/WhatsApp-Image-2022-07-13-at-23.40.34.jpeg\" alt=\"simaria\" class=\"wp-image-126194\" width=\"739\" height=\"1600\" title=\"\"><figcaption>Foto: Reprodu\u00e7\u00e3o<\/figcaption><\/figure>\n<\/div>\n\n\n<p>No m\u00eas passado, Simaria anunciou uma pausa na carreira ap\u00f3s um desentendimento com Simone. Na ocasi\u00e3o, ela justificou sua aus\u00eancia com o objetivo de &#8220;cuidar da sa\u00fade mental&#8221;. Veja <a href=\"https:\/\/portalpopmais.com.br\/en\/fim-da-dupla-em-meio-a-polemica-com-simone-simaria-cancela-agenda-de-shows-cuidar-da-minha-saude\/\" target=\"_blank\" data-type=\"post\" data-id=\"121433\" rel=\"noreferrer noopener\">aqui<\/a>.<\/p>","protected":false},"excerpt":{"rendered":"<p>A treta entre as irm\u00e3s Simone e Simaria segue rendendo! Nesta quarta-feira (13), o desentendimento da dupla ganhou um novo cap\u00edtulo. Acontece que Simaria resolveu deixar de seguir a irm\u00e3 e o perfil oficial da dupla no Instagram, deixando os f\u00e3s das sertanejas em alerta sobre um poss\u00edvel rompimento da parceria. Os internautas especulam que [&hellip;]<\/p>\n","protected":false},"author":1,"featured_media":115391,"comment_status":"closed","ping_status":"open","sticky":false,"template":"","format":"standard","meta":{"footnotes":""},"categories":[154],"tags":[527,529],"class_list":["post-126192","post","type-post","status-publish","format-standard","has-post-thumbnail","hentry","category-musica","tag-simaria","tag-simone-e-simaria"],"_links":{"self":[{"href":"https:\/\/portalpopmais.com.br\/en\/wp-json\/wp\/v2\/posts\/126192","targetHints":{"allow":["GET"]}}],"collection":[{"href":"https:\/\/portalpopmais.com.br\/en\/wp-json\/wp\/v2\/posts"}],"about":[{"href":"https:\/\/portalpopmais.com.br\/en\/wp-json\/wp\/v2\/types\/post"}],"author":[{"embeddable":true,"href":"https:\/\/portalpopmais.com.br\/en\/wp-json\/wp\/v2\/users\/1"}],"replies":[{"embeddable":true,"href":"https:\/\/portalpopmais.com.br\/en\/wp-json\/wp\/v2\/comments?post=126192"}],"version-history":[{"count":0,"href":"https:\/\/portalpopmais.com.br\/en\/wp-json\/wp\/v2\/posts\/126192\/revisions"}],"wp:featuredmedia":[{"embeddable":true,"href":"https:\/\/portalpopmais.com.br\/en\/wp-json\/wp\/v2\/media\/115391"}],"wp:attachment":[{"href":"https:\/\/portalpopmais.com.br\/en\/wp-json\/wp\/v2\/media?parent=126192"}],"wp:term":[{"taxonomy":"category","embeddable":true,"href":"https:\/\/portalpopmais.com.br\/en\/wp-json\/wp\/v2\/categories?post=126192"},{"taxonomy":"post_tag","embeddable":true,"href":"https:\/\/portalpopmais.com.br\/en\/wp-json\/wp\/v2\/tags?post=126192"}],"curies":[{"name":"wp","href":"https:\/\/api.w.org\/{rel}","templated":true}]}}