{"id":126662,"date":"2022-07-16T12:40:17","date_gmt":"2022-07-16T15:40:17","guid":{"rendered":"https:\/\/portalpopmais.com.br\/?p=126662"},"modified":"2022-07-16T12:40:46","modified_gmt":"2022-07-16T15:40:46","slug":"assessoria-se-pronuncia-apos-roberto-carlos-surtar-com-fa-em-show-perfeccionista","status":"publish","type":"post","link":"https:\/\/portalpopmais.com.br\/en\/assessoria-se-pronuncia-apos-roberto-carlos-surtar-com-fa-em-show-perfeccionista\/","title":{"rendered":"Assessoria se pronuncia ap\u00f3s Roberto Carlos surtar com f\u00e3 em show: &#8220;Perfeccionista&#8221;"},"content":{"rendered":"<p class=\"wp-block-paragraph\">A assessoria de imprensa de <strong><a href=\"https:\/\/portalpopmais.com.br\/en\/globo-dispensa-roberto-carlos-apos-47-anos\/\" data-type=\"post\" data-id=\"108715\">Roberto Carlos<\/a><\/strong> esclareceu o comportamento do cantor durante um show na \u00faltima quarta-feira (13). Em v\u00eddeo que viralizou nas rede sociais, o artista aparece pedindo para f\u00e3s calarem a boca enquanto ele cantava.<\/p>\n\n\n\n<p class=\"wp-block-paragraph\">A postura do &#8220;rei&#8221; foi alvo de muitas cr\u00edticas por ter fechado a cara durante a apresenta\u00e7\u00e3o. Segundo a assessoria, Roberto Carlos se incomodou com o fato das f\u00e3s terem corrido para o palco antes do momento planejado pelo artista.<\/p>\n\n\n\n<p class=\"wp-block-paragraph\">Seguindo a programa\u00e7\u00e3o dos shows, a plateia corre para a grade durante &#8220;Como \u00c9 Grande o Meu Amor Por Voc\u00ea&#8221; mas, dessa vez, uma desorganiza\u00e7\u00e3o do p\u00fablico fez com que as f\u00e3s de dirigissem ao palco durante &#8220;Cavalgada&#8221;, uma can\u00e7\u00e3o mais lenta. Isso teria irritado o cantor, que desejava seguir \u00e0 risca sua performance.<\/p>\n\n\n\n<p class=\"wp-block-paragraph\"><em>\u201cEle n\u00e3o encerrou o show antes. Ele cantou at\u00e9 o fim, ofereceu o show ao Erasmo Carlos, que estava na plateia. E n\u00e3o teve isso de jogar as rosas de qualquer jeito. Ele beijou e fez a distribui\u00e7\u00e3o como sempre faz\u201d<\/em>, come\u00e7ou a <a href=\"http:\/\/instagram.com\/portalpopmais\" target=\"_blank\" rel=\"noopener\">assessoria<\/a>.<\/p>\n\n\n\n<p class=\"wp-block-paragraph\"><em>\u201cA verdade \u00e9 que o Roberto \u00e9 muito perfeccionista. Ele quer que saia tudo perfeito, do jeito que ele idealizou. Aquele s\u00f3 n\u00e3o era o momento delas (f\u00e3s) irem para frente do palco. Mas ele fez o show at\u00e9 o final, entregou as rosas. Ele s\u00f3 n\u00e3o est\u00e1 pegando os presentes que os f\u00e3s entregam a ele por conta da pandemia da covid-19&#8243;<\/em>, seguiu a nota.<\/p>\n\n\n\n<p class=\"wp-block-paragraph\"><em>\u201cO Roberto ficou chateado, sim. Normalmente, as f\u00e3s correm pra beirada do palco quando ele canta a m\u00fasica \u2018Como \u00e9 Grande o Meu Amor Por Voc\u00ea\u2019. Ontem, elas correram quando ele come\u00e7ou a cantar \u2018Cavalgada\u2019, que \u00e9 uma m\u00fasica antes. E \u2018Cavalgada\u2019 \u00e9 uma m\u00fasica muito delicada, tranquila. Neste momento, 50, 60 pessoas come\u00e7aram a correr para a beira do palco. As f\u00e3s come\u00e7aram a dizer: \u2018Te amo\u2019, \u2018quero uma rosa\u2019, \u2018quero casar com voc\u00ea\u2019. E isso estava tirando a concentra\u00e7\u00e3o dele naquele momento do n\u00famero. Ele falou: \u2018Voc\u00eas vieram antes da hora\u2019 e voltou a cantar. O pessoal continuou l\u00e1. Ele, ent\u00e3o, pediu sil\u00eancio\u201d, <\/em>explicaram.<\/p>\n\n\n\n<p class=\"wp-block-paragraph\">Relembre o v\u00eddeo:<\/p>\n\n\n\n<figure class=\"wp-block-embed is-type-rich is-provider-instagram wp-block-embed-instagram\"><div class=\"wp-block-embed__wrapper\">\nhttps:\/\/www.instagram.com\/p\/CgAtUQQF-l6\/\n<\/div><\/figure>","protected":false},"excerpt":{"rendered":"<p>A assessoria de imprensa de Roberto Carlos esclareceu o comportamento do cantor durante um show na \u00faltima quarta-feira (13). Em v\u00eddeo que viralizou nas rede sociais, o artista aparece pedindo para f\u00e3s calarem a boca enquanto ele cantava. A postura do &#8220;rei&#8221; foi alvo de muitas cr\u00edticas por ter fechado a cara durante a apresenta\u00e7\u00e3o. [&hellip;]<\/p>\n","protected":false},"author":2,"featured_media":126665,"comment_status":"closed","ping_status":"open","sticky":false,"template":"","format":"standard","meta":{"footnotes":""},"categories":[154],"tags":[1909],"class_list":["post-126662","post","type-post","status-publish","format-standard","has-post-thumbnail","hentry","category-musica","tag-roberto-carlos"],"_links":{"self":[{"href":"https:\/\/portalpopmais.com.br\/en\/wp-json\/wp\/v2\/posts\/126662","targetHints":{"allow":["GET"]}}],"collection":[{"href":"https:\/\/portalpopmais.com.br\/en\/wp-json\/wp\/v2\/posts"}],"about":[{"href":"https:\/\/portalpopmais.com.br\/en\/wp-json\/wp\/v2\/types\/post"}],"author":[{"embeddable":true,"href":"https:\/\/portalpopmais.com.br\/en\/wp-json\/wp\/v2\/users\/2"}],"replies":[{"embeddable":true,"href":"https:\/\/portalpopmais.com.br\/en\/wp-json\/wp\/v2\/comments?post=126662"}],"version-history":[{"count":0,"href":"https:\/\/portalpopmais.com.br\/en\/wp-json\/wp\/v2\/posts\/126662\/revisions"}],"wp:featuredmedia":[{"embeddable":true,"href":"https:\/\/portalpopmais.com.br\/en\/wp-json\/wp\/v2\/media\/126665"}],"wp:attachment":[{"href":"https:\/\/portalpopmais.com.br\/en\/wp-json\/wp\/v2\/media?parent=126662"}],"wp:term":[{"taxonomy":"category","embeddable":true,"href":"https:\/\/portalpopmais.com.br\/en\/wp-json\/wp\/v2\/categories?post=126662"},{"taxonomy":"post_tag","embeddable":true,"href":"https:\/\/portalpopmais.com.br\/en\/wp-json\/wp\/v2\/tags?post=126662"}],"curies":[{"name":"wp","href":"https:\/\/api.w.org\/{rel}","templated":true}]}}