{"id":127436,"date":"2022-07-20T19:20:39","date_gmt":"2022-07-20T22:20:39","guid":{"rendered":"https:\/\/portalpopmais.com.br\/?p=127436"},"modified":"2022-07-20T19:20:46","modified_gmt":"2022-07-20T22:20:46","slug":"policia-invade-mansao-mulher-da-casa-abandonada","status":"publish","type":"post","link":"https:\/\/portalpopmais.com.br\/en\/policia-invade-mansao-mulher-da-casa-abandonada\/","title":{"rendered":"&#8220;Mulher da casa abandonada&#8221;: Pol\u00edcia faz batida em mans\u00e3o; veja v\u00eddeo"},"content":{"rendered":"<p>A mans\u00e3o citada no podcast \u201c<a href=\"https:\/\/portalpopmais.com.br\/en\/historia-mulher-da-casa-abandonada\/\" data-type=\"post\" data-id=\"124478\">A mulher da casa abandonada<\/a>\u201d, do jornal Folha de S. Paulo, foi alvo de busca e apreens\u00e3o na tarde desta quarta-feira (20). As informa\u00e7\u00f5es s\u00e3o do <a href=\"http:\/\/instagram.com\/uol\" target=\"_blank\" rel=\"noopener\">UOL<\/a>.<\/p>\n\n\n\n<p>De acordo com a publica\u00e7\u00e3o, a a\u00e7\u00e3o faz parte de um inqu\u00e9rito aberto pela Pol\u00edcia Civil de S\u00e3o Paulo para investigar se Margarida Bonetti, que morava no im\u00f3vel, sofre de dist\u00farbio psiqui\u00e1trico e se foi v\u00edtima de abandono de incapaz.<\/p>\n\n\n\n<p>O podcast, produzido pelo jornalista Chico Felitti, conta a hist\u00f3ria de Margarida Bonetti, que voltou ao Brasil para morar na mans\u00e3o localizada em Higien\u00f3polis, na capital paulista. Ela \u00e9 acusada de ter mantido uma empregada dom\u00e9stica em condi\u00e7\u00f5es an\u00e1logas \u00e0 escravid\u00e3o por quase 20 anos nos Estados Unidos.<\/p>\n\n\n\n<p>Ainda segundo informa\u00e7\u00f5es do portal UOL, investigadores do 4\u00ba Distrito Policial foram ao local com peritos para verificar se \u00e9 poss\u00edvel constatar o crime, previsto no C\u00f3digo Penal brasileiro com base no Estatuto do Idoso. Condi\u00e7\u00f5es de higiene, edifica\u00e7\u00e3o e condi\u00e7\u00f5es sanit\u00e1rias s\u00e3o os itens levados em considera\u00e7\u00e3o no inqu\u00e9rito.<\/p>\n\n\n\n<p>A irm\u00e3 de Margarida, Rosa Vicente de Azevedo, negou, em depoimento registrado no dia 11 de junho ao qual o UOL teve acesso, que a mulher da mans\u00e3o possua &#8220;problema de ordem mental&#8221;, e se apresentou como respons\u00e1vel pelo sustento da irm\u00e3, incluindo alimenta\u00e7\u00e3o, vestu\u00e1rio, cal\u00e7ados, dinheiro para compras e locomo\u00e7\u00e3o.<\/p>\n\n\n\n<p class=\"has-text-align-center\"><strong>Veja tamb\u00e9m<br><\/strong><a href=\"https:\/\/portalpopmais.com.br\/en\/historia-mulher-da-casa-abandonada\/\" data-type=\"post\" data-id=\"124478\">Entenda a hist\u00f3ria da Mulher da Casa Abandonada<\/a><\/p>\n\n\n\n<figure class=\"wp-block-embed is-type-video is-provider-youtube wp-block-embed-youtube wp-embed-aspect-16-9 wp-has-aspect-ratio\"><div class=\"wp-block-embed__wrapper\">\n<iframe loading=\"lazy\" title=\"A Mulher da Casa Abandonada: imagens por dentro da mans\u00e3o de Margarida Bonetti\" width=\"880\" height=\"495\" src=\"https:\/\/www.youtube.com\/embed\/kE07bOkd9hA?feature=oembed\" frameborder=\"0\" allow=\"accelerometer; autoplay; clipboard-write; encrypted-media; gyroscope; picture-in-picture; web-share\" referrerpolicy=\"strict-origin-when-cross-origin\" allowfullscreen><\/iframe>\n<\/div><\/figure>\n\n\n\n<figure class=\"wp-block-embed is-type-video is-provider-youtube wp-block-embed-youtube wp-embed-aspect-16-9 wp-has-aspect-ratio\"><div class=\"wp-block-embed__wrapper\">\n<iframe loading=\"lazy\" title=\"Margarida Bonetti discute com policiais e libera entrada na casa abandonada\" width=\"880\" height=\"495\" src=\"https:\/\/www.youtube.com\/embed\/Zj3DQVKMtgw?feature=oembed\" frameborder=\"0\" allow=\"accelerometer; autoplay; clipboard-write; encrypted-media; gyroscope; picture-in-picture; web-share\" referrerpolicy=\"strict-origin-when-cross-origin\" allowfullscreen><\/iframe>\n<\/div><\/figure>\n\n\n\n<figure class=\"wp-block-embed is-type-video is-provider-youtube wp-block-embed-youtube wp-embed-aspect-16-9 wp-has-aspect-ratio\"><div class=\"wp-block-embed__wrapper\">\n<iframe loading=\"lazy\" title=\"Pol\u00edcia entra na casa abandonada de Margarida Bonetti\" width=\"563\" height=\"1000\" src=\"https:\/\/www.youtube.com\/embed\/vGFSztAERhE?feature=oembed\" frameborder=\"0\" allow=\"accelerometer; autoplay; clipboard-write; encrypted-media; gyroscope; picture-in-picture; web-share\" referrerpolicy=\"strict-origin-when-cross-origin\" allowfullscreen><\/iframe>\n<\/div><\/figure>","protected":false},"excerpt":{"rendered":"<p>A mans\u00e3o citada no podcast \u201cA mulher da casa abandonada\u201d, do jornal Folha de S. Paulo, foi alvo de busca e apreens\u00e3o na tarde desta quarta-feira (20). As informa\u00e7\u00f5es s\u00e3o do UOL. De acordo com a publica\u00e7\u00e3o, a a\u00e7\u00e3o faz parte de um inqu\u00e9rito aberto pela Pol\u00edcia Civil de S\u00e3o Paulo para investigar se Margarida [&hellip;]<\/p>\n","protected":false},"author":2,"featured_media":127441,"comment_status":"closed","ping_status":"open","sticky":false,"template":"","format":"standard","meta":{"footnotes":""},"categories":[2165],"tags":[11613],"class_list":["post-127436","post","type-post","status-publish","format-standard","has-post-thumbnail","hentry","category-noticias","tag-mulher-da-casa-abandonada"],"_links":{"self":[{"href":"https:\/\/portalpopmais.com.br\/en\/wp-json\/wp\/v2\/posts\/127436","targetHints":{"allow":["GET"]}}],"collection":[{"href":"https:\/\/portalpopmais.com.br\/en\/wp-json\/wp\/v2\/posts"}],"about":[{"href":"https:\/\/portalpopmais.com.br\/en\/wp-json\/wp\/v2\/types\/post"}],"author":[{"embeddable":true,"href":"https:\/\/portalpopmais.com.br\/en\/wp-json\/wp\/v2\/users\/2"}],"replies":[{"embeddable":true,"href":"https:\/\/portalpopmais.com.br\/en\/wp-json\/wp\/v2\/comments?post=127436"}],"version-history":[{"count":0,"href":"https:\/\/portalpopmais.com.br\/en\/wp-json\/wp\/v2\/posts\/127436\/revisions"}],"wp:featuredmedia":[{"embeddable":true,"href":"https:\/\/portalpopmais.com.br\/en\/wp-json\/wp\/v2\/media\/127441"}],"wp:attachment":[{"href":"https:\/\/portalpopmais.com.br\/en\/wp-json\/wp\/v2\/media?parent=127436"}],"wp:term":[{"taxonomy":"category","embeddable":true,"href":"https:\/\/portalpopmais.com.br\/en\/wp-json\/wp\/v2\/categories?post=127436"},{"taxonomy":"post_tag","embeddable":true,"href":"https:\/\/portalpopmais.com.br\/en\/wp-json\/wp\/v2\/tags?post=127436"}],"curies":[{"name":"wp","href":"https:\/\/api.w.org\/{rel}","templated":true}]}}