{"id":127497,"date":"2022-07-21T08:46:59","date_gmt":"2022-07-21T11:46:59","guid":{"rendered":"https:\/\/portalpopmais.com.br\/?p=127497"},"modified":"2022-07-21T08:47:07","modified_gmt":"2022-07-21T11:47:07","slug":"policial-penal-bolsonarista-vira-reu-por-morte-de-petista","status":"publish","type":"post","link":"https:\/\/portalpopmais.com.br\/en\/policial-penal-bolsonarista-vira-reu-por-morte-de-petista\/","title":{"rendered":"Policial penal bolsonarista vira r\u00e9u por morte de petista"},"content":{"rendered":"<p class=\"wp-block-paragraph\">Justi\u00e7a aceitou den\u00fancia do Minist\u00e9rio P\u00fablico do Paran\u00e1, que acusou o policial penal bolsonarista Jorge Guaranho por homic\u00eddio duplamente qualificado do tesoureiro do PT Marcelo Arruda. No entendimento dos promotores e juiz, \u2018prefer\u00eancia pol\u00edtico-partid\u00e1ria antag\u00f4nica\u2019 torna motiva\u00e7\u00e3o f\u00fatil, mas n\u00e3o configura crime contra Estado.<\/p>\n\n\n\n<p class=\"wp-block-paragraph\">Em 9 de julho, Guaranho invadiu a festa de anivers\u00e1rio de Arruda, que tinha como tema o PT e ex-presidente Luiz In\u00e1cio Lula da Silva, e matou o aniversariante a tiros em Foz do Igua\u00e7u. Os promotores acusaram o policial de homic\u00eddio duplamente qualificado por motivo f\u00fatil \u2013 devido \u00e0s &#8220;prefer\u00eancias pol\u00edtico-partid\u00e1rias antag\u00f4nicas&#8221; que moveram Guaranho \u2013 e por situa\u00e7\u00e3o de perigo comum, caracterizada por causar risco aos presentes ao disparar contra o aniversariante.<\/p>\n\n\n\n<p class=\"wp-block-paragraph\">A v\u00edtima revidou e disparou contra Guaranho, que foi atingido e ficou em estado grave na UTI. Ele deixou a Unidade de Tratamento Intensivo na ter\u00e7a-feira (19). Na decis\u00e3o que tornou o bolsonarista r\u00e9u, o juiz intimou o policial penal a apresentar sua defesa por escrito em at\u00e9 dez dias, se sua condi\u00e7\u00e3o de sa\u00fade permitir. O policial penal j\u00e1 teve a pris\u00e3o preventiva decretada, mas ainda est\u00e1 no hospital.<\/p>\n\n\n\n<p class=\"wp-block-paragraph\">O MP afirmou na den\u00fancia ter se baseado em quest\u00f5es t\u00e9cnicas para n\u00e3o enquadrar o caso como crime de \u00f3dio, pol\u00edtico ou contra o Estado, j\u00e1 que a conduta do policial bolsonarista n\u00e3o fere o Estado democr\u00e1tico de Direito. O texto diz que, por mais que seja poss\u00edvel reconhecer o teor pol\u00edtico da desaven\u00e7a, a Constitui\u00e7\u00e3o n\u00e3o define o que \u00e9 crime pol\u00edtico. &#8220;A conduta do Guaranho atinge outro bem jur\u00eddico que \u00e9 a vida, e n\u00e3o o Estado como um ente pol\u00edtico&#8221;, escreveu o promotor de Justi\u00e7a Tiago Lisboa Mendon\u00e7a.<\/p>\n\n\n\n<p class=\"wp-block-paragraph\">A Pol\u00edcia Civil concluiu o inqu\u00e9rito na sexta-feira (15) e descartou que a hip\u00f3tese de crime pol\u00edtico ou delito de \u00f3dio, recebendo muitas cr\u00edticas da fam\u00edlia de Marcelo e apoiadores do PT. Os policiais haviam enquadrado o homic\u00eddio por motivo torpe (considerado reprov\u00e1vel), e n\u00e3o f\u00fatil (considerado insignificante). Na ter\u00e7a-feira (19), a Justi\u00e7a do Paran\u00e1 determinou o retorno \u00e0 Pol\u00edcia Civil do inqu\u00e9rito e a realiza\u00e7\u00e3o de novas dilig\u00eancias na investiga\u00e7\u00e3o do assassinato.<\/p>","protected":false},"excerpt":{"rendered":"<p>Justi\u00e7a aceitou den\u00fancia do Minist\u00e9rio P\u00fablico do Paran\u00e1, que acusou o policial penal bolsonarista Jorge Guaranho por homic\u00eddio duplamente qualificado do tesoureiro do PT Marcelo Arruda. No entendimento dos promotores e juiz, \u2018prefer\u00eancia pol\u00edtico-partid\u00e1ria antag\u00f4nica\u2019 torna motiva\u00e7\u00e3o f\u00fatil, mas n\u00e3o configura crime contra Estado. Em 9 de julho, Guaranho invadiu a festa de anivers\u00e1rio de [&hellip;]<\/p>\n","protected":false},"author":2,"featured_media":127499,"comment_status":"closed","ping_status":"open","sticky":false,"template":"","format":"standard","meta":{"footnotes":""},"categories":[2165],"tags":[11759],"class_list":["post-127497","post","type-post","status-publish","format-standard","has-post-thumbnail","hentry","category-noticias","tag-bolsonarista"],"_links":{"self":[{"href":"https:\/\/portalpopmais.com.br\/en\/wp-json\/wp\/v2\/posts\/127497","targetHints":{"allow":["GET"]}}],"collection":[{"href":"https:\/\/portalpopmais.com.br\/en\/wp-json\/wp\/v2\/posts"}],"about":[{"href":"https:\/\/portalpopmais.com.br\/en\/wp-json\/wp\/v2\/types\/post"}],"author":[{"embeddable":true,"href":"https:\/\/portalpopmais.com.br\/en\/wp-json\/wp\/v2\/users\/2"}],"replies":[{"embeddable":true,"href":"https:\/\/portalpopmais.com.br\/en\/wp-json\/wp\/v2\/comments?post=127497"}],"version-history":[{"count":0,"href":"https:\/\/portalpopmais.com.br\/en\/wp-json\/wp\/v2\/posts\/127497\/revisions"}],"wp:featuredmedia":[{"embeddable":true,"href":"https:\/\/portalpopmais.com.br\/en\/wp-json\/wp\/v2\/media\/127499"}],"wp:attachment":[{"href":"https:\/\/portalpopmais.com.br\/en\/wp-json\/wp\/v2\/media?parent=127497"}],"wp:term":[{"taxonomy":"category","embeddable":true,"href":"https:\/\/portalpopmais.com.br\/en\/wp-json\/wp\/v2\/categories?post=127497"},{"taxonomy":"post_tag","embeddable":true,"href":"https:\/\/portalpopmais.com.br\/en\/wp-json\/wp\/v2\/tags?post=127497"}],"curies":[{"name":"wp","href":"https:\/\/api.w.org\/{rel}","templated":true}]}}