{"id":129382,"date":"2022-07-31T13:13:39","date_gmt":"2022-07-31T16:13:39","guid":{"rendered":"https:\/\/portalpopmais.com.br\/?p=129382"},"modified":"2022-07-31T13:13:46","modified_gmt":"2022-07-31T16:13:46","slug":"video-ex-funcionaria-acusa-juliana-paes","status":"publish","type":"post","link":"https:\/\/portalpopmais.com.br\/en\/video-ex-funcionaria-acusa-juliana-paes\/","title":{"rendered":"V\u00eddeo: Ex-funcion\u00e1ria diz que Juliana Paes a demitiu ap\u00f3s licen\u00e7a m\u00e9dica: &#8220;N\u00e3o teve compaix\u00e3o&#8221;"},"content":{"rendered":"\n<p>Mais uma pol\u00eamica envolvendo o nome da atriz <strong><a href=\"https:\/\/portalpopmais.com.br\/na-cara-de-juliana-paes-juliette-diz-que-e-uma-obrigacao-se-posicionar-politicamente-veja-video\/\" data-type=\"post\" data-id=\"116728\">Juliana Paes<\/a><\/strong>. Desta vez, uma ex-funcion\u00e1ria da artista postou um v\u00eddeo nas redes sociais acusando-a de neglig\u00eancia. A mulher, chamada Adriana das Gra\u00e7as, alega ter sido demitida ap\u00f3s uma licen\u00e7a m\u00e9dia por conta de uma grave depress\u00e3o. <\/p>\n\n\n\n<p>De acordo com informa\u00e7\u00f5es da coluna de F\u00e1bia Oliveira, a ex-funcion\u00e1ria se afastou das suas fun\u00e7\u00f5es em novembro do ano passado, depois de 11 anos de servi\u00e7os, ap\u00f3s uma briga com uma colega de trabalho que atua como bab\u00e1. Adriana diz que chegou a por a pr\u00f3pria vida em risco e lamentou n\u00e3o ter recebido qualquer aux\u00edlio da ex-patroa para seguir com o tratamento &#8211; a exemplo dos custos dos rem\u00e9dios.<\/p>\n\n\n\n<h2 class=\"wp-block-heading\">Veja tamb\u00e9m<\/h2>\n\n\n<ul class=\"wp-block-latest-posts__list is-grid columns-3 aligncenter wp-block-latest-posts\"><li><div class=\"wp-block-latest-posts__featured-image aligncenter\"><a href=\"https:\/\/portalpopmais.com.br\/en\/filho-de-cid-moreira-deixa-prisao-apos-decisao-da-justica-de-sao-paulo\/\" aria-label=\"Filho de Cid Moreira deixa pris\u00e3o ap\u00f3s decis\u00e3o da Justi\u00e7a de S\u00e3o Paulo\"><img loading=\"lazy\" decoding=\"async\" width=\"768\" height=\"456\" src=\"https:\/\/portalpopmais.com.br\/wp-content\/uploads\/2026\/04\/Filho-de-Cid-Moreira-deixa-prisao-apos-decisao-da-Justica-de-SP-768x456.webp\" class=\"attachment-medium size-medium wp-post-image\" alt=\"Filho de Cid Moreira deixa pris\u00e3o ap\u00f3s decis\u00e3o da Justi\u00e7a de SP\" style=\"max-width:192px;max-height:114px;\" srcset=\"https:\/\/portalpopmais.com.br\/wp-content\/uploads\/2026\/04\/Filho-de-Cid-Moreira-deixa-prisao-apos-decisao-da-Justica-de-SP-768x456.webp 768w, https:\/\/portalpopmais.com.br\/wp-content\/uploads\/2026\/04\/Filho-de-Cid-Moreira-deixa-prisao-apos-decisao-da-Justica-de-SP-1170x694.webp 1170w\" sizes=\"auto, (max-width: 768px) 100vw, 768px\" title=\"\"><\/a><\/div><a class=\"wp-block-latest-posts__post-title\" href=\"https:\/\/portalpopmais.com.br\/en\/filho-de-cid-moreira-deixa-prisao-apos-decisao-da-justica-de-sao-paulo\/\">Filho de Cid Moreira deixa pris\u00e3o ap\u00f3s decis\u00e3o da Justi\u00e7a de S\u00e3o Paulo<\/a><\/li>\n<li><div class=\"wp-block-latest-posts__featured-image aligncenter\"><a href=\"https:\/\/portalpopmais.com.br\/en\/whindersson-nunes-relata-confusao-mental-e-levanta-alerta-sobre-saude-psicologica\/\" aria-label=\"Whindersson Nunes relata confus\u00e3o mental e levanta alerta sobre sa\u00fade psicol\u00f3gica\"><img loading=\"lazy\" decoding=\"async\" width=\"768\" height=\"450\" src=\"https:\/\/portalpopmais.com.br\/wp-content\/uploads\/2026\/02\/whindersson-nunes-reproducao-instagram-768x450.jpg\" class=\"attachment-medium size-medium wp-post-image\" alt=\"\" style=\"max-width:192px;max-height:114px;\" srcset=\"https:\/\/portalpopmais.com.br\/wp-content\/uploads\/2026\/02\/whindersson-nunes-reproducao-instagram-768x450.jpg 768w, https:\/\/portalpopmais.com.br\/wp-content\/uploads\/2026\/02\/whindersson-nunes-reproducao-instagram-18x10.jpg 18w\" sizes=\"auto, (max-width: 768px) 100vw, 768px\" title=\"\"><\/a><\/div><a class=\"wp-block-latest-posts__post-title\" href=\"https:\/\/portalpopmais.com.br\/en\/whindersson-nunes-relata-confusao-mental-e-levanta-alerta-sobre-saude-psicologica\/\">Whindersson Nunes relata confus\u00e3o mental e levanta alerta sobre sa\u00fade psicol\u00f3gica<\/a><\/li>\n<li><div class=\"wp-block-latest-posts__featured-image aligncenter\"><a href=\"https:\/\/portalpopmais.com.br\/en\/leo-lins-ironiza-desabafo-de-thais-carla-e-reacende-polemica\/\" aria-label=\"Leo Lins ironiza desabafo de Thais Carla e reacende pol\u00eamica\"><img loading=\"lazy\" decoding=\"async\" width=\"768\" height=\"456\" src=\"https:\/\/portalpopmais.com.br\/wp-content\/uploads\/2026\/04\/thais-carla-768x456.png\" class=\"attachment-medium size-medium wp-post-image\" alt=\"thais carla\" style=\"max-width:192px;max-height:114px;\" srcset=\"https:\/\/portalpopmais.com.br\/wp-content\/uploads\/2026\/04\/thais-carla-768x456.png 768w, https:\/\/portalpopmais.com.br\/wp-content\/uploads\/2026\/04\/thais-carla-18x12.png 18w\" sizes=\"auto, (max-width: 768px) 100vw, 768px\" title=\"\"><\/a><\/div><a class=\"wp-block-latest-posts__post-title\" href=\"https:\/\/portalpopmais.com.br\/en\/leo-lins-ironiza-desabafo-de-thais-carla-e-reacende-polemica\/\">Leo Lins ironiza desabafo de Thais Carla e reacende pol\u00eamica<\/a><\/li>\n<li><div class=\"wp-block-latest-posts__featured-image aligncenter\"><a href=\"https:\/\/portalpopmais.com.br\/en\/pericia-independente-diz-que-pc-siqueira-foi-assassinado-entenda\/\" aria-label=\"Per\u00edcia independente diz que PC Siqueira foi assassinado; entenda\"><img loading=\"lazy\" decoding=\"async\" width=\"768\" height=\"456\" src=\"https:\/\/portalpopmais.com.br\/wp-content\/uploads\/2026\/01\/pc-siqueira-212026-768x456.jpg\" class=\"attachment-medium size-medium wp-post-image\" alt=\"\" style=\"max-width:192px;max-height:114px;\" srcset=\"https:\/\/portalpopmais.com.br\/wp-content\/uploads\/2026\/01\/pc-siqueira-212026-768x456.jpg 768w, https:\/\/portalpopmais.com.br\/wp-content\/uploads\/2026\/01\/pc-siqueira-212026-1170x694.jpg 1170w, https:\/\/portalpopmais.com.br\/wp-content\/uploads\/2026\/01\/pc-siqueira-212026-18x10.jpg 18w\" sizes=\"auto, (max-width: 768px) 100vw, 768px\" title=\"\"><\/a><\/div><a class=\"wp-block-latest-posts__post-title\" href=\"https:\/\/portalpopmais.com.br\/en\/pericia-independente-diz-que-pc-siqueira-foi-assassinado-entenda\/\">Per\u00edcia independente diz que PC Siqueira foi assassinado; entenda<\/a><\/li>\n<li><div class=\"wp-block-latest-posts__featured-image aligncenter\"><a href=\"https:\/\/portalpopmais.com.br\/en\/video-malevola-alves-e-mc-paiva-saem-no-tapa-em-shopping-de-sp\/\" aria-label=\"V\u00eddeo: Mal\u00e9vola Alves e MC Paiva saem no tapa em shopping de SP\"><img loading=\"lazy\" decoding=\"async\" width=\"768\" height=\"456\" src=\"https:\/\/portalpopmais.com.br\/wp-content\/uploads\/2026\/04\/Screenshot_20260430-062505-768x456.png\" class=\"attachment-medium size-medium wp-post-image\" alt=\"Screenshot 20260430 062505\" style=\"max-width:192px;max-height:114px;\" srcset=\"https:\/\/portalpopmais.com.br\/wp-content\/uploads\/2026\/04\/Screenshot_20260430-062505-768x456.png 768w, https:\/\/portalpopmais.com.br\/wp-content\/uploads\/2026\/04\/Screenshot_20260430-062505-18x10.png 18w\" sizes=\"auto, (max-width: 768px) 100vw, 768px\" title=\"\"><\/a><\/div><a class=\"wp-block-latest-posts__post-title\" href=\"https:\/\/portalpopmais.com.br\/en\/video-malevola-alves-e-mc-paiva-saem-no-tapa-em-shopping-de-sp\/\">V\u00eddeo: Mal\u00e9vola Alves e MC Paiva saem no tapa em shopping de SP<\/a><\/li>\n<li><div class=\"wp-block-latest-posts__featured-image aligncenter\"><a href=\"https:\/\/portalpopmais.com.br\/en\/cantor-envolvido-em-treta-com-daniela-mercury-edson-gomes-foi-acusado-por-deputada-conheci-uma-das-agredidas\/\" aria-label=\"Cantor envolvido em treta com Daniela Mercury, Edson Gomes foi acusado por deputada: &#8216;Conheci uma das agredidas&#8217;\"><img loading=\"lazy\" decoding=\"async\" width=\"768\" height=\"456\" src=\"https:\/\/portalpopmais.com.br\/wp-content\/uploads\/2026\/04\/whatsapp-image-2026-04-29-at-16.32.05-768x456.jpeg\" class=\"attachment-medium size-medium wp-post-image\" alt=\"whatsapp image 2026 04 29 at 16.32.05\" style=\"max-width:192px;max-height:114px;\" srcset=\"https:\/\/portalpopmais.com.br\/wp-content\/uploads\/2026\/04\/whatsapp-image-2026-04-29-at-16.32.05-768x456.jpeg 768w, https:\/\/portalpopmais.com.br\/wp-content\/uploads\/2026\/04\/whatsapp-image-2026-04-29-at-16.32.05-18x12.jpeg 18w\" sizes=\"auto, (max-width: 768px) 100vw, 768px\" title=\"\"><\/a><\/div><a class=\"wp-block-latest-posts__post-title\" href=\"https:\/\/portalpopmais.com.br\/en\/cantor-envolvido-em-treta-com-daniela-mercury-edson-gomes-foi-acusado-por-deputada-conheci-uma-das-agredidas\/\">Cantor envolvido em treta com Daniela Mercury, Edson Gomes foi acusado por deputada: &#8216;Conheci uma das agredidas&#8217;<\/a><\/li>\n<\/ul>\n\n\n<p>Neste s\u00e1bado (30), a profissional revelou ter recebido uma liga\u00e7\u00e3o de Juliana ap\u00f3s ter publicado um v\u00eddeo em suas redes sociais falando sobre o assunto. No registro, Adriana diz que a <a href=\"http:\/\/r7.com\" target=\"_blank\" rel=\"noopener\">atriz<\/a> teria jogado na sua cara todas as vezes em que a ajudou, inclusive uma moradia. <\/p>\n\n\n\n<p><em>&#8220;Voc\u00ea se dedica por 11 anos a uma fam\u00edlia, v\u00ea os filhos nascerem e, quando entra em depress\u00e3o, tenta o suic\u00eddio e se interna duas vezes em um hospital psiqui\u00e1trico, tem que ir ao Caps [Centro de Aten\u00e7\u00e3o Psicossocial] para conseguir rem\u00e9dio gratuito porque ningu\u00e9m te ajuda. Obrigado, Juliana&#8221;,<\/em> disse Adriana no v\u00eddeo.<\/p>\n\n\n\n<figure class=\"wp-block-embed is-type-rich is-provider-instagram wp-block-embed-instagram\"><div class=\"wp-block-embed__wrapper\">\nhttps:\/\/www.instagram.com\/reel\/CgkOoiEl30o\/?utm_source=ig_embed&#038;ig_rid=377aabca-7454-4cef-bc84-0f78b5b3d930\n<\/div><\/figure>\n","protected":false},"excerpt":{"rendered":"<p>Mais uma pol\u00eamica envolvendo o nome da atriz Juliana Paes. Desta vez, uma ex-funcion\u00e1ria da artista postou um v\u00eddeo nas redes sociais acusando-a de neglig\u00eancia. A mulher, chamada Adriana das Gra\u00e7as, alega ter sido demitida ap\u00f3s uma licen\u00e7a m\u00e9dia por conta de uma grave depress\u00e3o. De acordo com informa\u00e7\u00f5es da coluna de F\u00e1bia Oliveira, a [&hellip;]<\/p>\n","protected":false},"author":2,"featured_media":116900,"comment_status":"closed","ping_status":"open","sticky":false,"template":"","format":"standard","meta":{"footnotes":""},"categories":[173],"tags":[6094],"class_list":["post-129382","post","type-post","status-publish","format-standard","has-post-thumbnail","hentry","category-celebridades","tag-juliana-paes"],"_links":{"self":[{"href":"https:\/\/portalpopmais.com.br\/en\/wp-json\/wp\/v2\/posts\/129382","targetHints":{"allow":["GET"]}}],"collection":[{"href":"https:\/\/portalpopmais.com.br\/en\/wp-json\/wp\/v2\/posts"}],"about":[{"href":"https:\/\/portalpopmais.com.br\/en\/wp-json\/wp\/v2\/types\/post"}],"author":[{"embeddable":true,"href":"https:\/\/portalpopmais.com.br\/en\/wp-json\/wp\/v2\/users\/2"}],"replies":[{"embeddable":true,"href":"https:\/\/portalpopmais.com.br\/en\/wp-json\/wp\/v2\/comments?post=129382"}],"version-history":[{"count":0,"href":"https:\/\/portalpopmais.com.br\/en\/wp-json\/wp\/v2\/posts\/129382\/revisions"}],"wp:featuredmedia":[{"embeddable":true,"href":"https:\/\/portalpopmais.com.br\/en\/wp-json\/wp\/v2\/media\/116900"}],"wp:attachment":[{"href":"https:\/\/portalpopmais.com.br\/en\/wp-json\/wp\/v2\/media?parent=129382"}],"wp:term":[{"taxonomy":"category","embeddable":true,"href":"https:\/\/portalpopmais.com.br\/en\/wp-json\/wp\/v2\/categories?post=129382"},{"taxonomy":"post_tag","embeddable":true,"href":"https:\/\/portalpopmais.com.br\/en\/wp-json\/wp\/v2\/tags?post=129382"}],"curies":[{"name":"wp","href":"https:\/\/api.w.org\/{rel}","templated":true}]}}