{"id":129449,"date":"2022-08-01T09:27:31","date_gmt":"2022-08-01T12:27:31","guid":{"rendered":"https:\/\/portalpopmais.com.br\/?p=129449"},"modified":"2022-08-01T09:28:10","modified_gmt":"2022-08-01T12:28:10","slug":"jogador-do-palmeiras-acusado-agredir-mulher","status":"publish","type":"post","link":"https:\/\/portalpopmais.com.br\/en\/jogador-do-palmeiras-acusado-agredir-mulher\/","title":{"rendered":"V\u00eddeo: Jogador do Palmeiras \u00e9 acusado de agredir mulher gr\u00e1vida de seis meses"},"content":{"rendered":"<p class=\"wp-block-paragraph\">O <strong>jogador do Palmeiras<\/strong>, <strong><a href=\"https:\/\/portalpopmais.com.br\/en\/dfonnso-songcamp-com-compositores\/\" target=\"_blank\" data-type=\"post\" data-id=\"92135\" rel=\"noreferrer noopener\">Michel Augusto<\/a><\/strong> est\u00e1 sendo acusado de agredir a pr\u00f3pria esposa, que est\u00e1 gr\u00e1vida de seis meses. De acordo com informa\u00e7\u00f5es do portal EM OFF, <a href=\"https:\/\/www.instagram.com\/ariatine08\/\" target=\"_blank\" rel=\"noreferrer noopener\">Ariatine Vit\u00f3ria Menice<\/a> teria feito um boletim de ocorr\u00eancia contra o zagueiro. <\/p>\n\n\n\n<p class=\"wp-block-paragraph\">A mulher afirma ter sido agredida diversas vezes pelo atleta na casa em que os dois moravam juntos na \u00c1gua Branca, em S\u00e3o Paulo. As agress\u00f5es teriam come\u00e7ado ap\u00f3s o rapaz n\u00e3o aceitar a gravidez da mulher. Michel teria acertado um chute na barriga de Ariatine, que precisou ir para o hospital por conta do risco de perder o beb\u00ea. <\/p>\n\n\n\n<h2 class=\"wp-block-heading\">Veja tamb\u00e9m<\/h2>\n\n\n<ul class=\"wp-block-latest-posts__list is-grid aligncenter wp-block-latest-posts is-layout-flow wp-block-latest-posts-is-layout-flow\"><li><div class=\"wp-block-latest-posts__featured-image\"><a href=\"https:\/\/portalpopmais.com.br\/en\/alias-bandetto-lanca-novo-single-que-une-emocao-atmosfera-cinematografica-e-influencias-retro\/\" aria-label=\"Alias Bandetto lan\u00e7a novo single que une emo\u00e7\u00e3o, atmosfera cinematogr\u00e1fica e influ\u00eancias retr\u00f4\"><img loading=\"lazy\" decoding=\"async\" width=\"768\" height=\"456\" src=\"https:\/\/portalpopmais.com.br\/wp-content\/uploads\/2026\/08\/prod_track-files_1844647_extra_pictures_Alias-Bandetto-e1788134705322-768x456.png\" class=\"attachment-medium size-medium wp-post-image\" alt=\"prod track files 1844647 extra pictures Alias Bandetto\" style=\"\" srcset=\"https:\/\/portalpopmais.com.br\/wp-content\/uploads\/2026\/08\/prod_track-files_1844647_extra_pictures_Alias-Bandetto-e1788134705322-768x456.png 768w, https:\/\/portalpopmais.com.br\/wp-content\/uploads\/2026\/08\/prod_track-files_1844647_extra_pictures_Alias-Bandetto-e1788134705322-1170x694.png 1170w, https:\/\/portalpopmais.com.br\/wp-content\/uploads\/2026\/08\/prod_track-files_1844647_extra_pictures_Alias-Bandetto-e1788134705322-18x12.png 18w\" sizes=\"auto, (max-width: 768px) 100vw, 768px\" title=\"\"><\/a><\/div><a class=\"wp-block-latest-posts__post-title\" href=\"https:\/\/portalpopmais.com.br\/en\/alias-bandetto-lanca-novo-single-que-une-emocao-atmosfera-cinematografica-e-influencias-retro\/\">Alias Bandetto lan\u00e7a novo single que une emo\u00e7\u00e3o, atmosfera cinematogr\u00e1fica e influ\u00eancias retr\u00f4<\/a><\/li>\n<li><div class=\"wp-block-latest-posts__featured-image\"><a href=\"https:\/\/portalpopmais.com.br\/en\/edik-san-aposta-no-hyperpop-futurista-com-o-single-ditadura-gay-intergalactica\/\" aria-label=\"Edik San aposta no hyperpop futurista com o single &#8220;Ditadura Gay Intergal\u00e1ctica&#8221;\"><img loading=\"lazy\" decoding=\"async\" width=\"768\" height=\"456\" src=\"https:\/\/portalpopmais.com.br\/wp-content\/uploads\/2026\/08\/prod_track-files_1815415_extra_pictures_Edik-San-e1788134581397-768x456.png\" class=\"attachment-medium size-medium wp-post-image\" alt=\"prod track files 1815415 extra pictures Edik San\" style=\"\" srcset=\"https:\/\/portalpopmais.com.br\/wp-content\/uploads\/2026\/08\/prod_track-files_1815415_extra_pictures_Edik-San-e1788134581397-768x456.png 768w, https:\/\/portalpopmais.com.br\/wp-content\/uploads\/2026\/08\/prod_track-files_1815415_extra_pictures_Edik-San-e1788134581397-1170x694.png 1170w, https:\/\/portalpopmais.com.br\/wp-content\/uploads\/2026\/08\/prod_track-files_1815415_extra_pictures_Edik-San-e1788134581397-18x10.png 18w\" sizes=\"auto, (max-width: 768px) 100vw, 768px\" title=\"\"><\/a><\/div><a class=\"wp-block-latest-posts__post-title\" href=\"https:\/\/portalpopmais.com.br\/en\/edik-san-aposta-no-hyperpop-futurista-com-o-single-ditadura-gay-intergalactica\/\">Edik San aposta no hyperpop futurista com o single &#8220;Ditadura Gay Intergal\u00e1ctica&#8221;<\/a><\/li>\n<li><div class=\"wp-block-latest-posts__featured-image\"><a href=\"https:\/\/portalpopmais.com.br\/en\/maya-massafera-e-hospitalizada-apos-sofrer-principio-de-avc-em-sao-paulo\/\" aria-label=\"Maya Massafera \u00e9 hospitalizada ap\u00f3s sofrer princ\u00edpio de AVC em S\u00e3o Paulo\"><img loading=\"lazy\" decoding=\"async\" width=\"768\" height=\"456\" src=\"https:\/\/portalpopmais.com.br\/wp-content\/uploads\/2025\/09\/maya-massafera-vai-ser-mae-768x456.jpg\" class=\"attachment-medium size-medium wp-post-image\" alt=\"Maya Massafera revela desafios da transi\u00e7\u00e3o e planos para a maternidade\" style=\"\" srcset=\"https:\/\/portalpopmais.com.br\/wp-content\/uploads\/2025\/09\/maya-massafera-vai-ser-mae-768x456.jpg 768w, https:\/\/portalpopmais.com.br\/wp-content\/uploads\/2025\/09\/maya-massafera-vai-ser-mae-1170x694.jpg 1170w, https:\/\/portalpopmais.com.br\/wp-content\/uploads\/2025\/09\/maya-massafera-vai-ser-mae-18x10.jpg 18w\" sizes=\"auto, (max-width: 768px) 100vw, 768px\" title=\"\"><\/a><\/div><a class=\"wp-block-latest-posts__post-title\" href=\"https:\/\/portalpopmais.com.br\/en\/maya-massafera-e-hospitalizada-apos-sofrer-principio-de-avc-em-sao-paulo\/\">Maya Massafera \u00e9 hospitalizada ap\u00f3s sofrer princ\u00edpio de AVC em S\u00e3o Paulo<\/a><\/li>\n<li><div class=\"wp-block-latest-posts__featured-image\"><a href=\"https:\/\/portalpopmais.com.br\/en\/novo-video-lito-sousa-mligare\/\" aria-label=\"Internado, Lito Sousa grava v\u00eddeo e demonstra esperan\u00e7a: &#8220;Vamos presenciar um milagre&#8221;\"><img loading=\"lazy\" decoding=\"async\" width=\"768\" height=\"456\" src=\"https:\/\/portalpopmais.com.br\/wp-content\/uploads\/2026\/08\/lito-sousa-768x456.jpg\" class=\"attachment-medium size-medium wp-post-image\" alt=\"lito sousa\" style=\"\" srcset=\"https:\/\/portalpopmais.com.br\/wp-content\/uploads\/2026\/08\/lito-sousa-768x456.jpg 768w, https:\/\/portalpopmais.com.br\/wp-content\/uploads\/2026\/08\/lito-sousa-1170x694.jpg 1170w, https:\/\/portalpopmais.com.br\/wp-content\/uploads\/2026\/08\/lito-sousa-18x10.jpg 18w\" sizes=\"auto, (max-width: 768px) 100vw, 768px\" title=\"\"><\/a><\/div><a class=\"wp-block-latest-posts__post-title\" href=\"https:\/\/portalpopmais.com.br\/en\/novo-video-lito-sousa-mligare\/\">Internado, Lito Sousa grava v\u00eddeo e demonstra esperan\u00e7a: &#8220;Vamos presenciar um milagre&#8221;<\/a><\/li>\n<li><div class=\"wp-block-latest-posts__featured-image\"><a href=\"https:\/\/portalpopmais.com.br\/en\/casamento-da-cantora-nenem-chega-ao-fim-apos-14-anos\/\" aria-label=\"Casamento da cantora Nen\u00e9m chega ao fim ap\u00f3s 14 anos\"><img loading=\"lazy\" decoding=\"async\" width=\"768\" height=\"456\" src=\"https:\/\/portalpopmais.com.br\/wp-content\/uploads\/2026\/08\/casamento-cantora-nenem-chega-ao-fim-768x456.png\" class=\"attachment-medium size-medium wp-post-image\" alt=\"casamento cantora nenem chega ao fim\" style=\"\" srcset=\"https:\/\/portalpopmais.com.br\/wp-content\/uploads\/2026\/08\/casamento-cantora-nenem-chega-ao-fim-768x456.png 768w, https:\/\/portalpopmais.com.br\/wp-content\/uploads\/2026\/08\/casamento-cantora-nenem-chega-ao-fim-1170x694.png 1170w, https:\/\/portalpopmais.com.br\/wp-content\/uploads\/2026\/08\/casamento-cantora-nenem-chega-ao-fim-18x10.png 18w\" sizes=\"auto, (max-width: 768px) 100vw, 768px\" title=\"\"><\/a><\/div><a class=\"wp-block-latest-posts__post-title\" href=\"https:\/\/portalpopmais.com.br\/en\/casamento-da-cantora-nenem-chega-ao-fim-apos-14-anos\/\">Casamento da cantora Nen\u00e9m chega ao fim ap\u00f3s 14 anos<\/a><\/li>\n<li><div class=\"wp-block-latest-posts__featured-image\"><a href=\"https:\/\/portalpopmais.com.br\/en\/miss-perdeu-titulo-gravidez-internada\/\" aria-label=\"Miss que perdeu t\u00edtulo por esconder gravidez \u00e9 internada no ES\"><img loading=\"lazy\" decoding=\"async\" width=\"768\" height=\"456\" src=\"https:\/\/portalpopmais.com.br\/wp-content\/uploads\/2026\/08\/Miss-perdeu-titulo-por-conta-de-gravidez-e-internada-portalpopmais-768x456.png\" class=\"attachment-medium size-medium wp-post-image\" alt=\"Miss perdeu t\u00edtulo por conta de gravidez \u00e9 internada portalpopmais\" style=\"\" srcset=\"https:\/\/portalpopmais.com.br\/wp-content\/uploads\/2026\/08\/Miss-perdeu-titulo-por-conta-de-gravidez-e-internada-portalpopmais-768x456.png 768w, https:\/\/portalpopmais.com.br\/wp-content\/uploads\/2026\/08\/Miss-perdeu-titulo-por-conta-de-gravidez-e-internada-portalpopmais-1170x694.png 1170w, https:\/\/portalpopmais.com.br\/wp-content\/uploads\/2026\/08\/Miss-perdeu-titulo-por-conta-de-gravidez-e-internada-portalpopmais-18x10.png 18w\" sizes=\"auto, (max-width: 768px) 100vw, 768px\" title=\"\"><\/a><\/div><a class=\"wp-block-latest-posts__post-title\" href=\"https:\/\/portalpopmais.com.br\/en\/miss-perdeu-titulo-gravidez-internada\/\">Miss que perdeu t\u00edtulo por esconder gravidez \u00e9 internada no ES<\/a><\/li>\n<\/ul>\n\n\n<p class=\"wp-block-paragraph\">A primeira agress\u00e3o teria acontecido em maio deste ano, mas o casal chegou a fazer as pazes a mulher voltou a morar com o jogador. <\/p>\n\n\n\n<p class=\"wp-block-paragraph\">Ap\u00f3s a publica\u00e7\u00e3o da mat\u00e9ria pelo site, Ariatine foi \u00e0s redes sociais dar mais detalhes sobre o ocorrido. No v\u00eddeo, ela diz que Michel impedia sua m\u00e3e de ir em seu apartamento para que ela n\u00e3o tomasse conhecimento da situa\u00e7\u00e3o `\u00e0 qual estava submetida.<\/p>\n\n\n\n<figure class=\"wp-block-embed aligncenter is-type-rich is-provider-instagram wp-block-embed-instagram\"><div class=\"wp-block-embed__wrapper\">\nhttps:\/\/www.instagram.com\/p\/Cgs4X8HtViq\/\n<\/div><\/figure>","protected":false},"excerpt":{"rendered":"<p>O jogador do Palmeiras, Michel Augusto est\u00e1 sendo acusado de agredir a pr\u00f3pria esposa, que est\u00e1 gr\u00e1vida de seis meses. De acordo com informa\u00e7\u00f5es do portal EM OFF, Ariatine Vit\u00f3ria Menice teria feito um boletim de ocorr\u00eancia contra o zagueiro. A mulher afirma ter sido agredida diversas vezes pelo atleta na casa em que os [&hellip;]<\/p>\n","protected":false},"author":2,"featured_media":129453,"comment_status":"closed","ping_status":"open","sticky":false,"template":"","format":"standard","meta":{"footnotes":""},"categories":[2165],"tags":[11818],"class_list":["post-129449","post","type-post","status-publish","format-standard","has-post-thumbnail","hentry","category-noticias","tag-michel-augusto"],"_links":{"self":[{"href":"https:\/\/portalpopmais.com.br\/en\/wp-json\/wp\/v2\/posts\/129449","targetHints":{"allow":["GET"]}}],"collection":[{"href":"https:\/\/portalpopmais.com.br\/en\/wp-json\/wp\/v2\/posts"}],"about":[{"href":"https:\/\/portalpopmais.com.br\/en\/wp-json\/wp\/v2\/types\/post"}],"author":[{"embeddable":true,"href":"https:\/\/portalpopmais.com.br\/en\/wp-json\/wp\/v2\/users\/2"}],"replies":[{"embeddable":true,"href":"https:\/\/portalpopmais.com.br\/en\/wp-json\/wp\/v2\/comments?post=129449"}],"version-history":[{"count":0,"href":"https:\/\/portalpopmais.com.br\/en\/wp-json\/wp\/v2\/posts\/129449\/revisions"}],"wp:featuredmedia":[{"embeddable":true,"href":"https:\/\/portalpopmais.com.br\/en\/wp-json\/wp\/v2\/media\/129453"}],"wp:attachment":[{"href":"https:\/\/portalpopmais.com.br\/en\/wp-json\/wp\/v2\/media?parent=129449"}],"wp:term":[{"taxonomy":"category","embeddable":true,"href":"https:\/\/portalpopmais.com.br\/en\/wp-json\/wp\/v2\/categories?post=129449"},{"taxonomy":"post_tag","embeddable":true,"href":"https:\/\/portalpopmais.com.br\/en\/wp-json\/wp\/v2\/tags?post=129449"}],"curies":[{"name":"wp","href":"https:\/\/api.w.org\/{rel}","templated":true}]}}