{"id":129959,"date":"2022-08-03T22:50:30","date_gmt":"2022-08-04T01:50:30","guid":{"rendered":"https:\/\/portalpopmais.com.br\/?p=129959"},"modified":"2022-08-03T22:50:36","modified_gmt":"2022-08-04T01:50:36","slug":"rr-soares-band-cair-75-ibope","status":"publish","type":"post","link":"https:\/\/portalpopmais.com.br\/en\/rr-soares-band-cair-75-ibope\/","title":{"rendered":"Respons\u00e1vel por estancar crise, R.R. Soares faz Band cair em 75% no Ibope"},"content":{"rendered":"<p class=\"wp-block-paragraph\">O mission\u00e1rio R.R. Soares voltou \u00e0 grade da <strong><a href=\"https:\/\/band.com.br\" target=\"_blank\" rel=\"noopener\">Band<\/a><\/strong> ap\u00f3s um per\u00edodo de sete meses, por\u00e9m em um novo hor\u00e1rio, fazendo com que um dos jornais da casa sa\u00edsse do ar para dar espa\u00e7o \u00e0 programa\u00e7\u00e3o da Igreja Internacional da Gra\u00e7a de Deus.<\/p>\n\n\n\n<p class=\"wp-block-paragraph\">O pastor foi o escolhido para \u2018apaziguar\u2019 a situa\u00e7\u00e3o dos bastidores da Band ap\u00f3s as crises instauradas pelo programa de Faust\u00e3o. Estando no ar por um per\u00edodo de duas horas, entre 6h e 8h, o dono da organiza\u00e7\u00e3o religiosa fez com que a emissora perdesse seu p\u00fablico dessa faixa hor\u00e1ria nesta segunda (1).<\/p>\n\n\n\n<p class=\"wp-block-paragraph\">Em n\u00fameros, 3 em cada 4 pessoas deixaram de ver a Band devido a mudan\u00e7a de jornal para teleculto. Esse dado do levantamento do site <strong>TV Pop<\/strong> relevado \u00e9 um comparativo entre o primeiro dia de retorno do programa da igreja e as quatro \u00faltimas edi\u00e7\u00f5es do \u201cBora S\u00e3o Paulo\u201d nas segundas-feiras, que por sua vez teve m\u00e9dia de 0,8.<\/p>\n\n\n\n<p class=\"wp-block-paragraph\">Registrando m\u00e9dia de 0,2 pontos para a Band, a atra\u00e7\u00e3o fez com que o canal da fam\u00edlia Saad perdesse 75% de p\u00fablico. A volta da institui\u00e7\u00e3o para a grade da emissora foi para aliviar os impactos do projeto com Fausto Silva no hor\u00e1rio nobre da casa.<\/p>\n\n\n\n<p class=\"wp-block-paragraph\">O \u201c<strong><a href=\"https:\/\/portalpopmais.com.br\/en\/programa-faustao-vira-prejuizo-para-a-band\/\" data-type=\"post\" data-id=\"128567\">Faust\u00e3o na Band<\/a><\/strong>\u201d teve sua estreia em 17 de janeiro, e at\u00e9 ent\u00e3o vem acumulando crises em seu hist\u00f3rico, proporcionando demiss\u00f5es em massa e corte nas despesas, inclusive das caravanas que comp\u00f5em o audit\u00f3rio.<\/p>\n\n\n\n<p class=\"wp-block-paragraph\">A baixa no jornal\u00edstico de Joel Datena e Maiara Bastianello para a Grande S\u00e3o Paulo trouxe consequ\u00eancias tamb\u00e9m para o \u201cBora Brasil\u201d, este que teve dura\u00e7\u00e3o reduzida. Na compara\u00e7\u00e3o das quatro \u00faltimas segundas com o primeiro dia de agosto, houve redu\u00e7\u00e3o de m\u00e9dia em 14%.<\/p>","protected":false},"excerpt":{"rendered":"<p>O mission\u00e1rio R.R. Soares voltou \u00e0 grade da Band ap\u00f3s um per\u00edodo de sete meses, por\u00e9m em um novo hor\u00e1rio, fazendo com que um dos jornais da casa sa\u00edsse do ar para dar espa\u00e7o \u00e0 programa\u00e7\u00e3o da Igreja Internacional da Gra\u00e7a de Deus. O pastor foi o escolhido para \u2018apaziguar\u2019 a situa\u00e7\u00e3o dos bastidores da [&hellip;]<\/p>\n","protected":false},"author":2,"featured_media":129960,"comment_status":"closed","ping_status":"open","sticky":false,"template":"","format":"standard","meta":{"footnotes":""},"categories":[181],"tags":[1152,10893,8737],"class_list":["post-129959","post","type-post","status-publish","format-standard","has-post-thumbnail","hentry","category-televisao","tag-band","tag-faustao-na-band-2","tag-r-r-soares"],"_links":{"self":[{"href":"https:\/\/portalpopmais.com.br\/en\/wp-json\/wp\/v2\/posts\/129959","targetHints":{"allow":["GET"]}}],"collection":[{"href":"https:\/\/portalpopmais.com.br\/en\/wp-json\/wp\/v2\/posts"}],"about":[{"href":"https:\/\/portalpopmais.com.br\/en\/wp-json\/wp\/v2\/types\/post"}],"author":[{"embeddable":true,"href":"https:\/\/portalpopmais.com.br\/en\/wp-json\/wp\/v2\/users\/2"}],"replies":[{"embeddable":true,"href":"https:\/\/portalpopmais.com.br\/en\/wp-json\/wp\/v2\/comments?post=129959"}],"version-history":[{"count":0,"href":"https:\/\/portalpopmais.com.br\/en\/wp-json\/wp\/v2\/posts\/129959\/revisions"}],"wp:featuredmedia":[{"embeddable":true,"href":"https:\/\/portalpopmais.com.br\/en\/wp-json\/wp\/v2\/media\/129960"}],"wp:attachment":[{"href":"https:\/\/portalpopmais.com.br\/en\/wp-json\/wp\/v2\/media?parent=129959"}],"wp:term":[{"taxonomy":"category","embeddable":true,"href":"https:\/\/portalpopmais.com.br\/en\/wp-json\/wp\/v2\/categories?post=129959"},{"taxonomy":"post_tag","embeddable":true,"href":"https:\/\/portalpopmais.com.br\/en\/wp-json\/wp\/v2\/tags?post=129959"}],"curies":[{"name":"wp","href":"https:\/\/api.w.org\/{rel}","templated":true}]}}