{"id":13118,"date":"2018-11-28T12:04:13","date_gmt":"2018-11-28T12:04:13","guid":{"rendered":"http:\/\/popmais.com.br\/?p=13118"},"modified":"2018-11-28T12:04:13","modified_gmt":"2018-11-28T12:04:13","slug":"cleo-anuncia-lancamento-de-clipe-para-musica-melhor-que-eu","status":"publish","type":"post","link":"https:\/\/portalpopmais.com.br\/en\/cleo-anuncia-lancamento-de-clipe-para-musica-melhor-que-eu\/","title":{"rendered":"Cleo anuncia lan\u00e7amento de clipe para m\u00fasica &#8220;Melhor Que Eu&#8221;"},"content":{"rendered":"<p>Nesta quinta-feira (29) teremos o lan\u00e7amento do videoclipe da m\u00fasica &#8220;Melhor Que Eu&#8221;, faixa-t\u00edtulo do segundo EP de Cleo.<\/p>\n<p>O clipe foi gravado em Cap\u00e3o Redondo, zona sul de S\u00e3o Paulo e boa parte da produ\u00e7\u00e3o foi feita por pessoas da comunidade.<\/p>\n<p>Cleo n\u00e3o estar\u00e1 sozinha na produ\u00e7\u00e3o, Mano Brown participa do v\u00eddeo. A prop\u00f3sito, novas colabora\u00e7\u00f5es entre os dois devem vir por a\u00ed.<\/p>\n<p>Ou\u00e7a a faixa:<\/p>\n<p><iframe loading=\"lazy\" title=\"Melhor Que Eu\" width=\"880\" height=\"660\" src=\"https:\/\/www.youtube.com\/embed\/xNMOY45oZuk?feature=oembed\" frameborder=\"0\" allow=\"accelerometer; autoplay; encrypted-media; gyroscope; picture-in-picture\" allowfullscreen><\/iframe><\/p>","protected":false},"excerpt":{"rendered":"<p>Nesta quinta-feira (29) teremos o lan\u00e7amento do videoclipe da m\u00fasica &#8220;Melhor Que Eu&#8221;, faixa-t\u00edtulo do segundo EP de Cleo. O clipe foi gravado em Cap\u00e3o Redondo, zona sul de S\u00e3o Paulo e boa parte da produ\u00e7\u00e3o foi feita por pessoas da comunidade. Cleo n\u00e3o estar\u00e1 sozinha na produ\u00e7\u00e3o, Mano Brown participa do v\u00eddeo. A prop\u00f3sito, [&hellip;]<\/p>\n","protected":false},"author":2,"featured_media":13119,"comment_status":"closed","ping_status":"closed","sticky":false,"template":"","format":"standard","meta":{"footnotes":""},"categories":[154],"tags":[367,729],"class_list":["post-13118","post","type-post","status-publish","format-standard","has-post-thumbnail","hentry","category-musica","tag-cleo","tag-mano-brown"],"_links":{"self":[{"href":"https:\/\/portalpopmais.com.br\/en\/wp-json\/wp\/v2\/posts\/13118","targetHints":{"allow":["GET"]}}],"collection":[{"href":"https:\/\/portalpopmais.com.br\/en\/wp-json\/wp\/v2\/posts"}],"about":[{"href":"https:\/\/portalpopmais.com.br\/en\/wp-json\/wp\/v2\/types\/post"}],"author":[{"embeddable":true,"href":"https:\/\/portalpopmais.com.br\/en\/wp-json\/wp\/v2\/users\/2"}],"replies":[{"embeddable":true,"href":"https:\/\/portalpopmais.com.br\/en\/wp-json\/wp\/v2\/comments?post=13118"}],"version-history":[{"count":0,"href":"https:\/\/portalpopmais.com.br\/en\/wp-json\/wp\/v2\/posts\/13118\/revisions"}],"wp:featuredmedia":[{"embeddable":true,"href":"https:\/\/portalpopmais.com.br\/en\/wp-json\/"}],"wp:attachment":[{"href":"https:\/\/portalpopmais.com.br\/en\/wp-json\/wp\/v2\/media?parent=13118"}],"wp:term":[{"taxonomy":"category","embeddable":true,"href":"https:\/\/portalpopmais.com.br\/en\/wp-json\/wp\/v2\/categories?post=13118"},{"taxonomy":"post_tag","embeddable":true,"href":"https:\/\/portalpopmais.com.br\/en\/wp-json\/wp\/v2\/tags?post=13118"}],"curies":[{"name":"wp","href":"https:\/\/api.w.org\/{rel}","templated":true}]}}