{"id":132604,"date":"2022-08-18T09:58:36","date_gmt":"2022-08-18T12:58:36","guid":{"rendered":"https:\/\/portalpopmais.com.br\/?p=132604"},"modified":"2022-08-18T09:58:41","modified_gmt":"2022-08-18T12:58:41","slug":"estudante-presa-arabia-saudita-usar-twitter","status":"publish","type":"post","link":"https:\/\/portalpopmais.com.br\/en\/estudante-presa-arabia-saudita-usar-twitter\/","title":{"rendered":"Estudante \u00e9 condenada a 34 anos de pris\u00e3o por usar Twitter na Ar\u00e1bia Saudita"},"content":{"rendered":"<p>Uma <strong><a href=\"https:\/\/portalpopmais.com.br\/en\/estudante-gravida-xama\/\" data-type=\"post\" data-id=\"89384\">estudante<\/a> <\/strong>da Universidade de Leeds, na Inglaterra, foi condenada a 34 anos de pris\u00e3o ao retornar para seu pa\u00eds de origem, a <strong>Ar\u00e1bia Saudita<\/strong>, durante as f\u00e9rias. O motivo: ter uma conta no <a href=\"http:\/\/twitter.com\/sitepopmais\" target=\"_blank\" rel=\"noopener\"><strong>Twitter<\/strong><\/a>, seguir e retuitar oposicionistas ao governo saudita. As informa\u00e7\u00f5es s\u00e3o do The Guardian.<\/p>\n\n\n\n<p>De acordo com a publica\u00e7\u00e3o, a senten\u00e7a de Salma al-Shehab acusa a estudante de 34 anos de usar o Twitter para \u201ccausar agita\u00e7\u00e3o p\u00fablica e desestabilizar a seguran\u00e7a civil e nacional\u201d, sob pena de 36 meses de pris\u00e3o, ou tr\u00eas anos. Por\u00e9m, na \u00faltima segunda-feira (15), ela tamb\u00e9m foi condenada por novos crimes, que a deixariam 34 anos na pris\u00e3o, seguidos de 34 anos sem poder viajar. A mulher ainda poder\u00e1 recorrer.<\/p>\n\n\n\n<h2 class=\"wp-block-heading\">Veja tamb\u00e9m<\/h2>\n\n\n<ul class=\"wp-block-latest-posts__list is-grid columns-3 aligncenter wp-block-latest-posts\"><li><div class=\"wp-block-latest-posts__featured-image aligncenter\"><a href=\"https:\/\/portalpopmais.com.br\/en\/nicole-kidman-e-hospitalizada-as-pressas-apos-gravacoes-saiba-seu-estado-de-saude\/\" aria-label=\"Nicole Kidman \u00e9 hospitalizada \u00e0s pressas ap\u00f3s grava\u00e7\u00f5es; saiba seu estado de sa\u00fade **\"><img loading=\"lazy\" decoding=\"async\" width=\"768\" height=\"456\" src=\"https:\/\/portalpopmais.com.br\/wp-content\/uploads\/2025\/07\/Nicole-Kidman-768x456.jpg\" class=\"attachment-medium size-medium wp-post-image\" alt=\"Nicole Kidman\" style=\"\" srcset=\"https:\/\/portalpopmais.com.br\/wp-content\/uploads\/2025\/07\/Nicole-Kidman-768x456.jpg 768w, https:\/\/portalpopmais.com.br\/wp-content\/uploads\/2025\/07\/Nicole-Kidman-1170x694.jpg 1170w\" sizes=\"auto, (max-width: 768px) 100vw, 768px\" title=\"\"><\/a><\/div><a class=\"wp-block-latest-posts__post-title\" href=\"https:\/\/portalpopmais.com.br\/en\/nicole-kidman-e-hospitalizada-as-pressas-apos-gravacoes-saiba-seu-estado-de-saude\/\">Nicole Kidman \u00e9 hospitalizada \u00e0s pressas ap\u00f3s grava\u00e7\u00f5es; saiba seu estado de sa\u00fade **<\/a><\/li>\n<li><div class=\"wp-block-latest-posts__featured-image aligncenter\"><a href=\"https:\/\/portalpopmais.com.br\/en\/mae-de-vini-jr-diz-que-e-avo-dos-filhos-de-virginia-e-e-detonada-na-web\/\" aria-label=\"M\u00e3e de Vini Jr. diz que \u00e9 av\u00f3 dos filhos de Virginia e \u00e9 detonada na web\"><img loading=\"lazy\" decoding=\"async\" width=\"768\" height=\"456\" src=\"https:\/\/portalpopmais.com.br\/wp-content\/uploads\/2026\/04\/1223778305-virginia-sogra-fernanda-768x456.jpg\" class=\"attachment-medium size-medium wp-post-image\" alt=\"1223778305 virginia sogra fernanda\" style=\"\" srcset=\"https:\/\/portalpopmais.com.br\/wp-content\/uploads\/2026\/04\/1223778305-virginia-sogra-fernanda-768x456.jpg 768w, https:\/\/portalpopmais.com.br\/wp-content\/uploads\/2026\/04\/1223778305-virginia-sogra-fernanda-18x10.jpg 18w\" sizes=\"auto, (max-width: 768px) 100vw, 768px\" title=\"\"><\/a><\/div><a class=\"wp-block-latest-posts__post-title\" href=\"https:\/\/portalpopmais.com.br\/en\/mae-de-vini-jr-diz-que-e-avo-dos-filhos-de-virginia-e-e-detonada-na-web\/\">M\u00e3e de Vini Jr. diz que \u00e9 av\u00f3 dos filhos de Virginia e \u00e9 detonada na web<\/a><\/li>\n<li><div class=\"wp-block-latest-posts__featured-image aligncenter\"><a href=\"https:\/\/portalpopmais.com.br\/en\/xuxa-engravidou-de-michael-jackson-saiba-a-verdade\/\" aria-label=\"Xuxa engravidou de Michael Jackson? Saiba a verdade\"><img loading=\"lazy\" decoding=\"async\" width=\"768\" height=\"435\" src=\"https:\/\/portalpopmais.com.br\/wp-content\/uploads\/2026\/04\/xuxa-engravidou-michael-jackson-768x435.png\" class=\"attachment-medium size-medium wp-post-image\" alt=\"xuxa engravidou michael jackson\" style=\"\" srcset=\"https:\/\/portalpopmais.com.br\/wp-content\/uploads\/2026\/04\/xuxa-engravidou-michael-jackson-768x435.png 768w, https:\/\/portalpopmais.com.br\/wp-content\/uploads\/2026\/04\/xuxa-engravidou-michael-jackson-18x10.png 18w\" sizes=\"auto, (max-width: 768px) 100vw, 768px\" title=\"\"><\/a><\/div><a class=\"wp-block-latest-posts__post-title\" href=\"https:\/\/portalpopmais.com.br\/en\/xuxa-engravidou-de-michael-jackson-saiba-a-verdade\/\">Xuxa engravidou de Michael Jackson? Saiba a verdade<\/a><\/li>\n<li><div class=\"wp-block-latest-posts__featured-image aligncenter\"><a href=\"https:\/\/portalpopmais.com.br\/en\/integrante-de-alienigenas-do-passado-morre-apos-incidente-com-a-policia-nos-eua\/\" aria-label=\"Integrante de Alien\u00edgenas do Passado morre ap\u00f3s incidente com a pol\u00edcia nos EUA\"><img loading=\"lazy\" decoding=\"async\" width=\"768\" height=\"456\" src=\"https:\/\/portalpopmais.com.br\/wp-content\/uploads\/2026\/04\/O-norte-americano-David-Wilcock-\u2014-Foto-Reproducao-768x456.png\" class=\"attachment-medium size-medium wp-post-image\" alt=\"O norte americano David Wilcock \u2014 Foto Reprodu\u00e7\u00e3o\" style=\"\" srcset=\"https:\/\/portalpopmais.com.br\/wp-content\/uploads\/2026\/04\/O-norte-americano-David-Wilcock-\u2014-Foto-Reproducao-768x456.png 768w, https:\/\/portalpopmais.com.br\/wp-content\/uploads\/2026\/04\/O-norte-americano-David-Wilcock-\u2014-Foto-Reproducao-18x12.png 18w\" sizes=\"auto, (max-width: 768px) 100vw, 768px\" title=\"\"><\/a><\/div><a class=\"wp-block-latest-posts__post-title\" href=\"https:\/\/portalpopmais.com.br\/en\/integrante-de-alienigenas-do-passado-morre-apos-incidente-com-a-policia-nos-eua\/\">Integrante de Alien\u00edgenas do Passado morre ap\u00f3s incidente com a pol\u00edcia nos EUA<\/a><\/li>\n<li><div class=\"wp-block-latest-posts__featured-image aligncenter\"><a href=\"https:\/\/portalpopmais.com.br\/en\/ex-de-projota-relata-morte-tragica-na-porta-de-casa-perdi-meu-melhor-amigo\/\" aria-label=\"Ex de Projota relata morte tr\u00e1gica na porta de casa: &#8216;Perdi meu melhor amigo&#8217;\"><img loading=\"lazy\" decoding=\"async\" width=\"768\" height=\"456\" src=\"https:\/\/portalpopmais.com.br\/wp-content\/uploads\/2021\/10\/Projota-768x456.jpg\" class=\"attachment-medium size-medium wp-post-image\" alt=\"Projota\" style=\"\" title=\"\"><\/a><\/div><a class=\"wp-block-latest-posts__post-title\" href=\"https:\/\/portalpopmais.com.br\/en\/ex-de-projota-relata-morte-tragica-na-porta-de-casa-perdi-meu-melhor-amigo\/\">Ex de Projota relata morte tr\u00e1gica na porta de casa: &#8216;Perdi meu melhor amigo&#8217;<\/a><\/li>\n<li><div class=\"wp-block-latest-posts__featured-image aligncenter\"><a href=\"https:\/\/portalpopmais.com.br\/en\/defesa-de-mc-ryan-sp-reage-apos-pedido-de-prisao-preventiva\/\" aria-label=\"Defesa de MC Ryan SP reage ap\u00f3s pedido de pris\u00e3o preventiva\"><img loading=\"lazy\" decoding=\"async\" width=\"768\" height=\"456\" src=\"https:\/\/portalpopmais.com.br\/wp-content\/uploads\/2022\/11\/MC-Ryan-SP-1200x600-1-768x456.jpg\" class=\"attachment-medium size-medium wp-post-image\" alt=\"MC Ryan sp\" style=\"\" title=\"\"><\/a><\/div><a class=\"wp-block-latest-posts__post-title\" href=\"https:\/\/portalpopmais.com.br\/en\/defesa-de-mc-ryan-sp-reage-apos-pedido-de-prisao-preventiva\/\">Defesa de MC Ryan SP reage ap\u00f3s pedido de pris\u00e3o preventiva<\/a><\/li>\n<\/ul>\n\n\n<p>A apura\u00e7\u00e3o do The Guardian apontou que Shehab n\u00e3o era uma l\u00edder ativista dentro ou fora da Ar\u00e1bia Saudita. Em seu perfil no Instagram, com 159 seguidores, ela se descrevia como dentista, educadora m\u00e9dica, estudante de doutorado na Universidade de Leeds e professora na Universidade de Princess Nourah bint Abdulrahman. Ela tamb\u00e9m se colocava como esposa e m\u00e3e de dois filhos, Noah e Adam.<\/p>\n\n\n\n<p>No Twitter, entre publica\u00e7\u00f5es sobre o esgotamento causado pela pandemia da Covid-19 e fotos dos filhos pequenos, algumas vezes ela compartilhava com seus 2.597 seguidores tweets de ativistas sauditas que vivem no ex\u00edlio, pedindo liberdade.<\/p>\n\n\n\n<p>Shehab esteve no Reino Unido entre 2018 e 2019 para fazer o doutorado em Leeds. Em 2020, ela retornou para casa, na Ar\u00e1bia Saudita, de f\u00e9rias e pretendia retornar \u00e0s terras da Rainha Elizabeth II com o marido e os filhos. Por\u00e9m, ela foi chamada para um interrogat\u00f3rio pelas autoridades sauditas e presa.<\/p>\n\n\n\n<p>Atualmente, o pr\u00edncipe herdeiro Mohammed bin Salman vem atacando os usu\u00e1rios do Twitter. H\u00e1 tamb\u00e9m a especula\u00e7\u00e3o de que ele estaria tentando controlar uma grande participa\u00e7\u00e3o indireta na plataforma por meio do fundo soberano saudita.<\/p>","protected":false},"excerpt":{"rendered":"<p>Uma estudante da Universidade de Leeds, na Inglaterra, foi condenada a 34 anos de pris\u00e3o ao retornar para seu pa\u00eds de origem, a Ar\u00e1bia Saudita, durante as f\u00e9rias. O motivo: ter uma conta no Twitter, seguir e retuitar oposicionistas ao governo saudita. As informa\u00e7\u00f5es s\u00e3o do The Guardian. De acordo com a publica\u00e7\u00e3o, a senten\u00e7a [&hellip;]<\/p>\n","protected":false},"author":2,"featured_media":132606,"comment_status":"closed","ping_status":"open","sticky":false,"template":"","format":"standard","meta":{"footnotes":""},"categories":[2293],"tags":[12043],"class_list":["post-132604","post","type-post","status-publish","format-standard","has-post-thumbnail","hentry","category-internet","tag-estudante"],"_links":{"self":[{"href":"https:\/\/portalpopmais.com.br\/en\/wp-json\/wp\/v2\/posts\/132604","targetHints":{"allow":["GET"]}}],"collection":[{"href":"https:\/\/portalpopmais.com.br\/en\/wp-json\/wp\/v2\/posts"}],"about":[{"href":"https:\/\/portalpopmais.com.br\/en\/wp-json\/wp\/v2\/types\/post"}],"author":[{"embeddable":true,"href":"https:\/\/portalpopmais.com.br\/en\/wp-json\/wp\/v2\/users\/2"}],"replies":[{"embeddable":true,"href":"https:\/\/portalpopmais.com.br\/en\/wp-json\/wp\/v2\/comments?post=132604"}],"version-history":[{"count":0,"href":"https:\/\/portalpopmais.com.br\/en\/wp-json\/wp\/v2\/posts\/132604\/revisions"}],"wp:featuredmedia":[{"embeddable":true,"href":"https:\/\/portalpopmais.com.br\/en\/wp-json\/wp\/v2\/media\/132606"}],"wp:attachment":[{"href":"https:\/\/portalpopmais.com.br\/en\/wp-json\/wp\/v2\/media?parent=132604"}],"wp:term":[{"taxonomy":"category","embeddable":true,"href":"https:\/\/portalpopmais.com.br\/en\/wp-json\/wp\/v2\/categories?post=132604"},{"taxonomy":"post_tag","embeddable":true,"href":"https:\/\/portalpopmais.com.br\/en\/wp-json\/wp\/v2\/tags?post=132604"}],"curies":[{"name":"wp","href":"https:\/\/api.w.org\/{rel}","templated":true}]}}