{"id":132751,"date":"2022-08-18T16:18:04","date_gmt":"2022-08-18T19:18:04","guid":{"rendered":"https:\/\/portalpopmais.com.br\/?p=132751"},"modified":"2022-08-18T16:18:09","modified_gmt":"2022-08-18T19:18:09","slug":"video-sonia-abrao-detona-ana-maria-braga-mente-muito","status":"publish","type":"post","link":"https:\/\/portalpopmais.com.br\/en\/video-sonia-abrao-detona-ana-maria-braga-mente-muito\/","title":{"rendered":"V\u00eddeo: Sonia Abr\u00e3o detona Ana Maria Braga: &#8220;Mente muito&#8221;"},"content":{"rendered":"<p>Nesta quinta-feira (18), a apresentadora <strong><a href=\"https:\/\/portalpopmais.com.br\/en\/sonia-abrao-testa-positivo-para-covid-19\/\" target=\"_blank\" data-type=\"post\" data-id=\"132306\" rel=\"noreferrer noopener\">Sonia Abr\u00e3o<\/a><\/strong> abriu o jogo a respeito de sua antipatia com <strong><a href=\"http:\/\/instagram.com\/portalpopmais\" target=\"_blank\" rel=\"noopener\">Ana Maria Braga<\/a><\/strong>. Em entrevista para o Splash, do UOL, a comandante do &#8220;A Tarde \u00c9 Sua&#8221; exp\u00f4s o que pensa sobre a contratada da TV Globo.<\/p>\n\n\n\n<p><em>&#8220;A Ana sempre tive problema com ela, e acho que ela comigo, porque ela mente muito. De verdade. Pego muito ela na mentira. Acho ela fant\u00e1stica como comunicadora, a gente defende muito a perman\u00eancia dela na Globo, que as manh\u00e3s sejam dela. Porque ela \u00e9 \u00f3tima&#8221;,<\/em> afirmou.<\/p>\n\n\n\n<p>Em seguida, ela relembrou um momento em que Ana Maria Braga mentiu: <em>&#8220;Na \u00e9poca em que ela ficou noiva do Madrulha, a gente deu a not\u00edcia e ela dizia que n\u00e3o, que era mentira. At\u00e9 que ela assume. Isso pintou v\u00e1rias vezes, de falar coisas que eram verdade que ela vai l\u00e1 e desmente e s\u00e3o verdade. Isso me pega&#8221;.<\/em><\/p>\n\n\n\n<p>Assista:<\/p>\n\n\n\n<figure class=\"wp-block-embed is-type-video is-provider-youtube wp-block-embed-youtube wp-embed-aspect-16-9 wp-has-aspect-ratio\"><div class=\"wp-block-embed__wrapper\">\n<iframe loading=\"lazy\" title=\"Sonia Abr\u00e3o DETONA Ana Maria Braga e Maisa, defende Arthur Aguiar e mais | DE Lado com Fefito\" width=\"880\" height=\"495\" src=\"https:\/\/www.youtube.com\/embed\/ufhQo-6Kk7M?feature=oembed\" frameborder=\"0\" allow=\"accelerometer; autoplay; clipboard-write; encrypted-media; gyroscope; picture-in-picture; web-share\" referrerpolicy=\"strict-origin-when-cross-origin\" allowfullscreen><\/iframe>\n<\/div><\/figure>","protected":false},"excerpt":{"rendered":"<p>Nesta quinta-feira (18), a apresentadora Sonia Abr\u00e3o abriu o jogo a respeito de sua antipatia com Ana Maria Braga. Em entrevista para o Splash, do UOL, a comandante do &#8220;A Tarde \u00c9 Sua&#8221; exp\u00f4s o que pensa sobre a contratada da TV Globo. &#8220;A Ana sempre tive problema com ela, e acho que ela comigo, [&hellip;]<\/p>\n","protected":false},"author":2,"featured_media":132758,"comment_status":"closed","ping_status":"open","sticky":false,"template":"","format":"standard","meta":{"footnotes":""},"categories":[181],"tags":[179,778],"class_list":["post-132751","post","type-post","status-publish","format-standard","has-post-thumbnail","hentry","category-televisao","tag-ana-maria-braga","tag-sonia-abrao"],"_links":{"self":[{"href":"https:\/\/portalpopmais.com.br\/en\/wp-json\/wp\/v2\/posts\/132751","targetHints":{"allow":["GET"]}}],"collection":[{"href":"https:\/\/portalpopmais.com.br\/en\/wp-json\/wp\/v2\/posts"}],"about":[{"href":"https:\/\/portalpopmais.com.br\/en\/wp-json\/wp\/v2\/types\/post"}],"author":[{"embeddable":true,"href":"https:\/\/portalpopmais.com.br\/en\/wp-json\/wp\/v2\/users\/2"}],"replies":[{"embeddable":true,"href":"https:\/\/portalpopmais.com.br\/en\/wp-json\/wp\/v2\/comments?post=132751"}],"version-history":[{"count":0,"href":"https:\/\/portalpopmais.com.br\/en\/wp-json\/wp\/v2\/posts\/132751\/revisions"}],"wp:featuredmedia":[{"embeddable":true,"href":"https:\/\/portalpopmais.com.br\/en\/wp-json\/wp\/v2\/media\/132758"}],"wp:attachment":[{"href":"https:\/\/portalpopmais.com.br\/en\/wp-json\/wp\/v2\/media?parent=132751"}],"wp:term":[{"taxonomy":"category","embeddable":true,"href":"https:\/\/portalpopmais.com.br\/en\/wp-json\/wp\/v2\/categories?post=132751"},{"taxonomy":"post_tag","embeddable":true,"href":"https:\/\/portalpopmais.com.br\/en\/wp-json\/wp\/v2\/tags?post=132751"}],"curies":[{"name":"wp","href":"https:\/\/api.w.org\/{rel}","templated":true}]}}