{"id":133141,"date":"2022-08-20T17:22:24","date_gmt":"2022-08-20T20:22:24","guid":{"rendered":"https:\/\/portalpopmais.com.br\/?p=133141"},"modified":"2022-08-20T17:22:29","modified_gmt":"2022-08-20T20:22:29","slug":"fatima-bernardes-novo-visual","status":"publish","type":"post","link":"https:\/\/portalpopmais.com.br\/en\/fatima-bernardes-novo-visual\/","title":{"rendered":"F\u00e1tima Bernardes mostra novo visual e agita a web: &#8220;Rejuvenesceu&#8221;"},"content":{"rendered":"<p>A apresentadora <strong><a href=\"https:\/\/portalpopmais.com.br\/en\/fatima-bernardes-cache-milionario\/\" target=\"_blank\" data-type=\"post\" data-id=\"131823\" rel=\"noreferrer noopener\">F\u00e1tima Bernardes<\/a><\/strong> deu o que falar ap\u00f3s compartilhar em suas redes sociais o seu novo visual. A contratada da Globo adotou um corte mais moderno e com <a href=\"http:\/\/instagram.com\/portalpopmais\" target=\"_blank\" rel=\"noopener\">volume<\/a>.<\/p>\n\n\n\n<p>A cria\u00e7\u00e3o encantou f\u00e3s famosos e an\u00f4nimos que aprovaram a mudan\u00e7a. <em>&#8220;O tempo no Rio mudou hoje e eu, tamb\u00e9m. Ser\u00e1 que j\u00e1 deu pra perceber que adoro mudan\u00e7as?&#8221;<\/em>, declarou ela, que recebeu milhares de elogios nos coment\u00e1rios.<\/p>\n\n\n\n<p><em>&#8220;T\u00e1 linda, rejuvenesceu&#8221;,<\/em> disse a atriz Fab\u00edula Nascimento.<em> &#8220;Ficou demais&#8221;<\/em>, afirmou Ang\u00e9lica. <em>&#8220;Essa franja ficou linda&#8221;<\/em>, disse Juliana Alves.<\/p>\n\n\n\n<figure class=\"wp-block-embed is-type-rich is-provider-instagram wp-block-embed-instagram\"><div class=\"wp-block-embed__wrapper\">\nhttps:\/\/www.instagram.com\/p\/ChdZlsHltNS\/\n<\/div><\/figure>","protected":false},"excerpt":{"rendered":"<p>A apresentadora F\u00e1tima Bernardes deu o que falar ap\u00f3s compartilhar em suas redes sociais o seu novo visual. A contratada da Globo adotou um corte mais moderno e com volume. A cria\u00e7\u00e3o encantou f\u00e3s famosos e an\u00f4nimos que aprovaram a mudan\u00e7a. &#8220;O tempo no Rio mudou hoje e eu, tamb\u00e9m. Ser\u00e1 que j\u00e1 deu pra [&hellip;]<\/p>\n","protected":false},"author":2,"featured_media":133144,"comment_status":"closed","ping_status":"open","sticky":false,"template":"","format":"standard","meta":{"footnotes":""},"categories":[173],"tags":[8329],"class_list":["post-133141","post","type-post","status-publish","format-standard","has-post-thumbnail","hentry","category-celebridades","tag-fatima-bernardes-2"],"_links":{"self":[{"href":"https:\/\/portalpopmais.com.br\/en\/wp-json\/wp\/v2\/posts\/133141","targetHints":{"allow":["GET"]}}],"collection":[{"href":"https:\/\/portalpopmais.com.br\/en\/wp-json\/wp\/v2\/posts"}],"about":[{"href":"https:\/\/portalpopmais.com.br\/en\/wp-json\/wp\/v2\/types\/post"}],"author":[{"embeddable":true,"href":"https:\/\/portalpopmais.com.br\/en\/wp-json\/wp\/v2\/users\/2"}],"replies":[{"embeddable":true,"href":"https:\/\/portalpopmais.com.br\/en\/wp-json\/wp\/v2\/comments?post=133141"}],"version-history":[{"count":0,"href":"https:\/\/portalpopmais.com.br\/en\/wp-json\/wp\/v2\/posts\/133141\/revisions"}],"wp:featuredmedia":[{"embeddable":true,"href":"https:\/\/portalpopmais.com.br\/en\/wp-json\/wp\/v2\/media\/133144"}],"wp:attachment":[{"href":"https:\/\/portalpopmais.com.br\/en\/wp-json\/wp\/v2\/media?parent=133141"}],"wp:term":[{"taxonomy":"category","embeddable":true,"href":"https:\/\/portalpopmais.com.br\/en\/wp-json\/wp\/v2\/categories?post=133141"},{"taxonomy":"post_tag","embeddable":true,"href":"https:\/\/portalpopmais.com.br\/en\/wp-json\/wp\/v2\/tags?post=133141"}],"curies":[{"name":"wp","href":"https:\/\/api.w.org\/{rel}","templated":true}]}}