{"id":133278,"date":"2022-08-22T12:56:57","date_gmt":"2022-08-22T15:56:57","guid":{"rendered":"https:\/\/portalpopmais.com.br\/?p=133278"},"modified":"2022-08-22T13:16:20","modified_gmt":"2022-08-22T16:16:20","slug":"sonia-abrao-arthur-aguiar-boicote-globo","status":"publish","type":"post","link":"https:\/\/portalpopmais.com.br\/en\/sonia-abrao-arthur-aguiar-boicote-globo\/","title":{"rendered":"Sonia Abr\u00e3o afirma que Arthur Aguiar sofreu boicote da Globo durante o BBB: &#8220;Bullying&#8221;"},"content":{"rendered":"<p><a href=\"https:\/\/portalpopmais.com.br\/en\/video-sonia-abrao-detona-ana-maria-braga-mente-muito\/\" data-type=\"post\" data-id=\"132751\">Sonia Abr\u00e3o<\/a>, apresentadora do &#8216;A Tarde \u00e9 Sua&#8217;, da Rede TV!, disse que <a href=\"https:\/\/portalpopmais.com.br\/en\/arthur-aguiar-queridinho-do-brasil\/\" data-type=\"post\" data-id=\"131914\">Arthur Aguiar<\/a>, campe\u00e3o do &#8216;BBB22&#8217;, sofreu boicote da emissora enquanto estava participando do reality de confinamento por causa de seu hist\u00f3rico de trai\u00e7\u00f5es.<\/p>\n\n\n\n<p>Em entrevista ao programa &#8216;De Frente com o Fefito&#8217;,  do Splash UOL, a jornalista disse que o marido de Mayra Cardi teve tratamento diferente na emissora carioca por causa dos casos expostos na m\u00eddia. <\/p>\n\n\n\n<p>&#8220;Defendo o Arthur at\u00e9 hoje. Ele sofreu um boicote da pr\u00f3pria Globo, um cancelamento danado aqui fora. Mas merecia ganhar. Ele foi muito tra\u00eddo dentro do &#8216;BBB&#8217;, passou por bullying, e por qu\u00ea? Por que traiu a mulher?&#8221;, questionou a comunicadora. <\/p>\n\n\n\n<p>Sem muita aten\u00e7\u00e3o do mercado publicit\u00e1rio e das produ\u00e7\u00f5es de tv e cinema, Sonia garante que toda essa m\u00e1 sorte em que Arthur est\u00e1 enfrentando vai passar brevemente. <\/p>\n\n\n\n<p>&#8220;Uma hora, essa onda negativa que veio com tudo que aprontaram com ele vai passar. Acho que Arthur deveria voltar para as novelas. \u00c9 por a\u00ed que acho que vai acontecer o restauro da carreira dele, n\u00e3o pela m\u00fasica&#8221;, prev\u00ea Sonia<\/p>","protected":false},"excerpt":{"rendered":"<p>Sonia Abr\u00e3o, apresentadora do &#8216;A Tarde \u00e9 Sua&#8217;, da Rede TV!, disse que Arthur Aguiar, campe\u00e3o do &#8216;BBB22&#8217;, sofreu boicote da emissora enquanto estava participando do reality de confinamento por causa de seu hist\u00f3rico de trai\u00e7\u00f5es. Em entrevista ao programa &#8216;De Frente com o Fefito&#8217;, do Splash UOL, a jornalista disse que o marido de [&hellip;]<\/p>\n","protected":false},"author":3,"featured_media":133279,"comment_status":"closed","ping_status":"open","sticky":false,"template":"","format":"standard","meta":{"footnotes":""},"categories":[173],"tags":[1185,778],"class_list":["post-133278","post","type-post","status-publish","format-standard","has-post-thumbnail","hentry","category-celebridades","tag-arthur-aguiar","tag-sonia-abrao"],"_links":{"self":[{"href":"https:\/\/portalpopmais.com.br\/en\/wp-json\/wp\/v2\/posts\/133278","targetHints":{"allow":["GET"]}}],"collection":[{"href":"https:\/\/portalpopmais.com.br\/en\/wp-json\/wp\/v2\/posts"}],"about":[{"href":"https:\/\/portalpopmais.com.br\/en\/wp-json\/wp\/v2\/types\/post"}],"author":[{"embeddable":true,"href":"https:\/\/portalpopmais.com.br\/en\/wp-json\/wp\/v2\/users\/3"}],"replies":[{"embeddable":true,"href":"https:\/\/portalpopmais.com.br\/en\/wp-json\/wp\/v2\/comments?post=133278"}],"version-history":[{"count":0,"href":"https:\/\/portalpopmais.com.br\/en\/wp-json\/wp\/v2\/posts\/133278\/revisions"}],"wp:featuredmedia":[{"embeddable":true,"href":"https:\/\/portalpopmais.com.br\/en\/wp-json\/wp\/v2\/media\/133279"}],"wp:attachment":[{"href":"https:\/\/portalpopmais.com.br\/en\/wp-json\/wp\/v2\/media?parent=133278"}],"wp:term":[{"taxonomy":"category","embeddable":true,"href":"https:\/\/portalpopmais.com.br\/en\/wp-json\/wp\/v2\/categories?post=133278"},{"taxonomy":"post_tag","embeddable":true,"href":"https:\/\/portalpopmais.com.br\/en\/wp-json\/wp\/v2\/tags?post=133278"}],"curies":[{"name":"wp","href":"https:\/\/api.w.org\/{rel}","templated":true}]}}