{"id":133364,"date":"2022-08-22T23:28:01","date_gmt":"2022-08-23T02:28:01","guid":{"rendered":"https:\/\/portalpopmais.com.br\/?p=133364"},"modified":"2022-08-23T01:18:23","modified_gmt":"2022-08-23T04:18:23","slug":"william-bonner-taxado-debochado-desmentir","status":"publish","type":"post","link":"https:\/\/portalpopmais.com.br\/en\/william-bonner-taxado-debochado-desmentir\/","title":{"rendered":"William Bonner \u00e9 taxado de debochado ap\u00f3s desmentir Bolsonaro no \u201cJornal Nacional\u201d"},"content":{"rendered":"<p>O apresentador <strong><a href=\"https:\/\/portalpopmais.com.br\/en\/bonner-assunto-comentado-sabatina-bolsonaro\/\" data-type=\"post\" data-id=\"133357\">William Bonner<\/a><\/strong> virou o assunto do momento nas redes sociais durante e ap\u00f3s a sabatina com o candidato a reelei\u00e7\u00e3o para a presid\u00eancia da rep\u00fablica, Jair Bolsonaro (PL). Durante a entrevista de 40 minutos, os \u00e2ncoras do <strong><a href=\"https:\/\/portalpopmais.com.br\/en\/entrevista-de-bolsonaro-no-jornal-nacional-rende-a-maior-audiencia-do-ano-na-tv-brasileira\/\" data-type=\"post\" data-id=\"133352\">Jornal Nacional<\/a><\/strong> desmentiram por diversas vezes as falas do atual presidente.<\/p>\n\n\n\n<p>Ainda no in\u00edcio da entrevista, Bonner pediu que Bolsonaro tratasse com a verdade em rela\u00e7\u00e3o aos xingamentos feitos por ele aos ministros do Supremo Tribunal Federal. \u201cEm nome da verdade, candidato\u201d, afirmou o apresentador pedindo que o presidente n\u00e3o mentisse durante a sabatina. Alguns internautas criticaram a atitude do jornalista e taxaram de \u201cdebochado\u201d, ao desmentir Bolsonaro.<\/p>\n\n\n\n<figure class=\"wp-block-embed is-type-rich is-provider-twitter wp-block-embed-twitter\"><div class=\"wp-block-embed__wrapper\">\n<blockquote class=\"twitter-tweet\" data-width=\"550\" data-dnt=\"true\"><p lang=\"pt\" dir=\"ltr\">&quot;Em nome da verdade, candidato.&quot; (Bonner, William) <a href=\"https:\/\/twitter.com\/hashtag\/JornalNacional?src=hash&amp;ref_src=twsrc%5Etfw\" target=\"_blank\" rel=\"noopener\">#JornalNacional<\/a> <a href=\"https:\/\/t.co\/D7cOr9tdfS\">pic.twitter.com\/D7cOr9tdfS<\/a><\/p>&mdash; S\u00e9rgio Santos (@ZAMENZA) <a href=\"https:\/\/twitter.com\/ZAMENZA\/status\/1561872828588236800?ref_src=twsrc%5Etfw\" target=\"_blank\" rel=\"noopener\">August 23, 2022<\/a><\/blockquote><script async src=\"https:\/\/platform.twitter.com\/widgets.js\" charset=\"utf-8\"><\/script>\n<\/div><\/figure>\n\n\n\n<p>Em outro momento, Bolsonaro afirma que o William Bonner chamou o atual presidente de ditador. \u201cvoc\u00ea est\u00e1 me estimulando a ser ditador\u201c, afirmou o presidente. Bonner rebate interrogando: \u201cEu candidato?\u201d.<\/p>\n\n\n\n<figure class=\"wp-block-embed is-type-rich is-provider-twitter wp-block-embed-twitter\"><div class=\"wp-block-embed__wrapper\">\n<blockquote class=\"twitter-tweet\" data-width=\"550\" data-dnt=\"true\"><p lang=\"pt\" dir=\"ltr\">&quot;Eeeuuu, candidato? \ud83d\ude33\ud83d\ude33\ud83d\ude33&quot; <a href=\"https:\/\/twitter.com\/hashtag\/JN?src=hash&amp;ref_src=twsrc%5Etfw\" target=\"_blank\" rel=\"noopener\">#JN<\/a> <a href=\"https:\/\/t.co\/3uYrlyTIBP\">pic.twitter.com\/3uYrlyTIBP<\/a><\/p>&mdash; Fabio (@fabionobrega) <a href=\"https:\/\/twitter.com\/fabionobrega\/status\/1561867281822584832?ref_src=twsrc%5Etfw\" target=\"_blank\" rel=\"noopener\">August 23, 2022<\/a><\/blockquote><script async src=\"https:\/\/platform.twitter.com\/widgets.js\" charset=\"utf-8\"><\/script>\n<\/div><\/figure>\n\n\n\n<p>Al\u00e9m disso, Renata pergunta ao Bolsonaro se ele n\u00e3o teme ser responsabilizado pela hist\u00f3ria, quanto \u00e0 gest\u00e3o dele durante a pandemia: O senhor debochou de quem tinha falta de ar. Quando perguntando disse: \u2018E da\u00ed, n\u00e3o sou coveiro!\u201d. Gastou dinheiro com medicamentos ineficazes contra a covid, desestimulou a vacina\u00e7\u00e3o. O senhor n\u00e3o teme ser responsabilizado, n\u00e3o pelos eleitores, mas pela hist\u00f3ria?\u201d.<\/p>","protected":false},"excerpt":{"rendered":"<p>O apresentador William Bonner virou o assunto do momento nas redes sociais durante e ap\u00f3s a sabatina com o candidato a reelei\u00e7\u00e3o para a presid\u00eancia da rep\u00fablica, Jair Bolsonaro (PL). Durante a entrevista de 40 minutos, os \u00e2ncoras do Jornal Nacional desmentiram por diversas vezes as falas do atual presidente. Ainda no in\u00edcio da entrevista, [&hellip;]<\/p>\n","protected":false},"author":2,"featured_media":133367,"comment_status":"closed","ping_status":"open","sticky":false,"template":"","format":"standard","meta":{"footnotes":""},"categories":[181],"tags":[477,180,1435],"class_list":["post-133364","post","type-post","status-publish","format-standard","has-post-thumbnail","hentry","category-televisao","tag-bolsonaro","tag-globo","tag-william-bonner"],"_links":{"self":[{"href":"https:\/\/portalpopmais.com.br\/en\/wp-json\/wp\/v2\/posts\/133364","targetHints":{"allow":["GET"]}}],"collection":[{"href":"https:\/\/portalpopmais.com.br\/en\/wp-json\/wp\/v2\/posts"}],"about":[{"href":"https:\/\/portalpopmais.com.br\/en\/wp-json\/wp\/v2\/types\/post"}],"author":[{"embeddable":true,"href":"https:\/\/portalpopmais.com.br\/en\/wp-json\/wp\/v2\/users\/2"}],"replies":[{"embeddable":true,"href":"https:\/\/portalpopmais.com.br\/en\/wp-json\/wp\/v2\/comments?post=133364"}],"version-history":[{"count":0,"href":"https:\/\/portalpopmais.com.br\/en\/wp-json\/wp\/v2\/posts\/133364\/revisions"}],"wp:featuredmedia":[{"embeddable":true,"href":"https:\/\/portalpopmais.com.br\/en\/wp-json\/wp\/v2\/media\/133367"}],"wp:attachment":[{"href":"https:\/\/portalpopmais.com.br\/en\/wp-json\/wp\/v2\/media?parent=133364"}],"wp:term":[{"taxonomy":"category","embeddable":true,"href":"https:\/\/portalpopmais.com.br\/en\/wp-json\/wp\/v2\/categories?post=133364"},{"taxonomy":"post_tag","embeddable":true,"href":"https:\/\/portalpopmais.com.br\/en\/wp-json\/wp\/v2\/tags?post=133364"}],"curies":[{"name":"wp","href":"https:\/\/api.w.org\/{rel}","templated":true}]}}