{"id":133370,"date":"2022-08-22T23:55:10","date_gmt":"2022-08-23T02:55:10","guid":{"rendered":"https:\/\/portalpopmais.com.br\/?p=133370"},"modified":"2022-08-22T23:55:15","modified_gmt":"2022-08-23T02:55:15","slug":"bolsonaro-afirma-sabatina-bonner-satisfeito","status":"publish","type":"post","link":"https:\/\/portalpopmais.com.br\/en\/bolsonaro-afirma-sabatina-bonner-satisfeito\/","title":{"rendered":"Bolsonaro afirma que sua sabatina foi de \u2018pronunciamento de Bonner\u2019 e se diz satisfeito com entrevista"},"content":{"rendered":"<p>O primeiro entrevistado das quatro sabatinas realizadas pelo \u201c<strong><a href=\"https:\/\/portalpopmais.com.br\/en\/entrevista-de-bolsonaro-no-jornal-nacional-rende-a-maior-audiencia-do-ano-na-tv-brasileira\/\" data-type=\"post\" data-id=\"133352\">Jornal Nacional<\/a><\/strong>\u201d se pronunciou ap\u00f3s o encerramento da entrevista na <strong><a href=\"https:\/\/g1.globo.com\" data-type=\"URL\" data-id=\"https:\/\/g1.globo.com\" target=\"_blank\" rel=\"noopener\">Globo<\/a><\/strong>. Atrav\u00e9s das redes sociais, agradeceu ao p\u00fablico pela audi\u00eancia.<\/p>\n\n\n\n<p>Junto disso, afirmou que a sua sabatina foi de \u201cpronunciamento de Bonner\u201d, em raz\u00e3o das falas do jornalista que desmentiam o que estava sendo dito pelo atual presidente da rep\u00fablica.<\/p>\n\n\n\n<p>Tamb\u00e9m falou que esclareceu informa\u00e7\u00f5es que n\u00e3o eram ditas pela Globo, segundo ele. Ainda no Twitter, continuou defendendo o uso da cloroquina, medicamento sem efic\u00e1cia comprovada contra o v\u00edrus da covid.<\/p>\n\n\n\n<p><strong>Contesta\u00e7\u00f5es<\/strong><\/p>\n\n\n\n<p>Durante a sabatina, Renata Vasconcellos questiona o candidato \u00e0 reelei\u00e7\u00e3o pelo Partido Liberal sobre sobre o v\u00eddeo em que imita pessoas com falta de ar. \u201cQueria que voc\u00ea botasse no ar eu imitando falta de ar\u201d, afirmou Bolsonaro.<\/p>\n\n\n\n<p>O v\u00eddeo em quest\u00e3o circula desde a declara\u00e7\u00e3o do presidente, contestando que ele imitou a falta de oxig\u00eanio durante a crise de sa\u00fade global. A fala foi em sua live que realiza nas redes sociais, no dia 19 de mar\u00e7o do ano passado.<\/p>\n\n\n\n<figure class=\"wp-block-embed is-type-rich is-provider-twitter wp-block-embed-twitter\"><div class=\"wp-block-embed__wrapper\">\n<blockquote class=\"twitter-tweet\" data-width=\"550\" data-dnt=\"true\"><p lang=\"pt\" dir=\"ltr\">&quot;Queria que voc\u00ea botasse no ar eu imitando falta de ar&quot;, pede Bolsonaro ap\u00f3s fala de Renata Vasconcellos \ud83d\udc47 <a href=\"https:\/\/twitter.com\/hashtag\/BolsonaroNoJN?src=hash&amp;ref_src=twsrc%5Etfw\" target=\"_blank\" rel=\"noopener\">#BolsonaroNoJN<\/a> <a href=\"https:\/\/twitter.com\/hashtag\/UOLElei%C3%A7%C3%B5es2022?src=hash&amp;ref_src=twsrc%5Etfw\" target=\"_blank\" rel=\"noopener\">#UOLElei\u00e7\u00f5es2022<\/a><br><br>\ud83c\udfa5: Jornal Nacional\/TV Globo <a href=\"https:\/\/t.co\/cH7WoQeLaq\">pic.twitter.com\/cH7WoQeLaq<\/a><\/p>&mdash; UOL Not\u00edcias (@UOLNoticias) <a href=\"https:\/\/twitter.com\/UOLNoticias\/status\/1561873129579970561?ref_src=twsrc%5Etfw\" target=\"_blank\" rel=\"noopener\">August 23, 2022<\/a><\/blockquote><script async src=\"https:\/\/platform.twitter.com\/widgets.js\" charset=\"utf-8\"><\/script>\n<\/div><\/figure>","protected":false},"excerpt":{"rendered":"<p>O primeiro entrevistado das quatro sabatinas realizadas pelo \u201cJornal Nacional\u201d se pronunciou ap\u00f3s o encerramento da entrevista na Globo. Atrav\u00e9s das redes sociais, agradeceu ao p\u00fablico pela audi\u00eancia. Junto disso, afirmou que a sua sabatina foi de \u201cpronunciamento de Bonner\u201d, em raz\u00e3o das falas do jornalista que desmentiam o que estava sendo dito pelo atual [&hellip;]<\/p>\n","protected":false},"author":2,"featured_media":133372,"comment_status":"closed","ping_status":"open","sticky":false,"template":"","format":"standard","meta":{"footnotes":""},"categories":[2165],"tags":[477,10983,180],"class_list":["post-133370","post","type-post","status-publish","format-standard","has-post-thumbnail","hentry","category-noticias","tag-bolsonaro","tag-bonner","tag-globo"],"_links":{"self":[{"href":"https:\/\/portalpopmais.com.br\/en\/wp-json\/wp\/v2\/posts\/133370","targetHints":{"allow":["GET"]}}],"collection":[{"href":"https:\/\/portalpopmais.com.br\/en\/wp-json\/wp\/v2\/posts"}],"about":[{"href":"https:\/\/portalpopmais.com.br\/en\/wp-json\/wp\/v2\/types\/post"}],"author":[{"embeddable":true,"href":"https:\/\/portalpopmais.com.br\/en\/wp-json\/wp\/v2\/users\/2"}],"replies":[{"embeddable":true,"href":"https:\/\/portalpopmais.com.br\/en\/wp-json\/wp\/v2\/comments?post=133370"}],"version-history":[{"count":0,"href":"https:\/\/portalpopmais.com.br\/en\/wp-json\/wp\/v2\/posts\/133370\/revisions"}],"wp:featuredmedia":[{"embeddable":true,"href":"https:\/\/portalpopmais.com.br\/en\/wp-json\/wp\/v2\/media\/133372"}],"wp:attachment":[{"href":"https:\/\/portalpopmais.com.br\/en\/wp-json\/wp\/v2\/media?parent=133370"}],"wp:term":[{"taxonomy":"category","embeddable":true,"href":"https:\/\/portalpopmais.com.br\/en\/wp-json\/wp\/v2\/categories?post=133370"},{"taxonomy":"post_tag","embeddable":true,"href":"https:\/\/portalpopmais.com.br\/en\/wp-json\/wp\/v2\/tags?post=133370"}],"curies":[{"name":"wp","href":"https:\/\/api.w.org\/{rel}","templated":true}]}}