{"id":133521,"date":"2022-08-23T15:54:02","date_gmt":"2022-08-23T18:54:02","guid":{"rendered":"https:\/\/portalpopmais.com.br\/?p=133521"},"modified":"2022-08-23T15:54:28","modified_gmt":"2022-08-23T18:54:28","slug":"xama-volta-artista-independente","status":"publish","type":"post","link":"https:\/\/portalpopmais.com.br\/en\/xama-volta-artista-independente\/","title":{"rendered":"Xam\u00e3 anuncia que ser\u00e1 artista independente: &#8220;Assumir as r\u00e9deas&#8221;"},"content":{"rendered":"<p>O rapper <strong><a href=\"https:\/\/portalpopmais.com.br\/en\/leo-picon-alfineta-xama\/\" data-type=\"post\" data-id=\"131887\" target=\"_blank\" rel=\"noreferrer noopener\">Xam\u00e3<\/a><\/strong> anunciou, na noite desta segunda-feira (22), que voltar\u00e1 a atuar como artista independente. Ele, que fazia parte do casting da <a href=\"https:\/\/www.instagram.com\/baguarecords\/\" target=\"_blank\" rel=\"noreferrer noopener\">Bagu\u00e1 Records<\/a>, disse em nota que tudo aconteceu forma natural.<\/p>\n\n\n\n<p>Veja na \u00edntegra:<\/p>\n\n\n\n<p><em>&#8220;A partir de agora, eu irei administrar minha pr\u00f3pria carreira sendo artista independente. Eu seguirei \u00e0 frente de todos os meus projetos e shows. Neste momento, me sinto pronto para assumir as r\u00e9deas do meu trabalho. Essa decis\u00e3o aconteceu de uma forma natural, pois sempre fui muito participativo em todas as a\u00e7\u00f5es, sempre me envolvi em cada detalhe. Al\u00e9m disso, vou iniciar uma nova era da minha carreira e enxerguei que era a ocasi\u00e3o ideal para esta mudan\u00e7a. Minha \u00e1rea de publicidade e relacionamento com as marcas segue sendo feita pela ag\u00eancia Mynd. Refor\u00e7o que todos os compromissos assumidos por mim antes desta decis\u00e3o ser\u00e3o cumpridos normalmente. \u00c9 isso. Obrigada a todos voc\u00eas pelo apoio de sempre. Voc\u00eas fazem a diferen\u00e7a. Estou empolgado para desbravar novos desafios. Vamos nessa!&#8221;<\/em><\/p>\n\n\n<div class=\"wp-block-image\">\n<figure class=\"aligncenter size-full\"><img loading=\"lazy\" decoding=\"async\" width=\"828\" height=\"1472\" src=\"https:\/\/portalpopmais.com.br\/wp-content\/uploads\/2022\/08\/Comunicado-Xama.jpg\" alt=\"Comunicado Xam\u00e3\" class=\"wp-image-133523\" title=\"\"><figcaption>Foto: Reprodu\u00e7\u00e3o\/ Instagram <\/figcaption><\/figure>\n<\/div>","protected":false},"excerpt":{"rendered":"<p>O rapper Xam\u00e3 anunciou, na noite desta segunda-feira (22), que voltar\u00e1 a atuar como artista independente. Ele, que fazia parte do casting da Bagu\u00e1 Records, disse em nota que tudo aconteceu forma natural. Veja na \u00edntegra: &#8220;A partir de agora, eu irei administrar minha pr\u00f3pria carreira sendo artista independente. Eu seguirei \u00e0 frente de todos [&hellip;]<\/p>\n","protected":false},"author":1,"featured_media":100636,"comment_status":"closed","ping_status":"open","sticky":false,"template":"","format":"standard","meta":{"footnotes":""},"categories":[154],"tags":[879],"class_list":["post-133521","post","type-post","status-publish","format-standard","has-post-thumbnail","hentry","category-musica","tag-xama"],"_links":{"self":[{"href":"https:\/\/portalpopmais.com.br\/en\/wp-json\/wp\/v2\/posts\/133521","targetHints":{"allow":["GET"]}}],"collection":[{"href":"https:\/\/portalpopmais.com.br\/en\/wp-json\/wp\/v2\/posts"}],"about":[{"href":"https:\/\/portalpopmais.com.br\/en\/wp-json\/wp\/v2\/types\/post"}],"author":[{"embeddable":true,"href":"https:\/\/portalpopmais.com.br\/en\/wp-json\/wp\/v2\/users\/1"}],"replies":[{"embeddable":true,"href":"https:\/\/portalpopmais.com.br\/en\/wp-json\/wp\/v2\/comments?post=133521"}],"version-history":[{"count":0,"href":"https:\/\/portalpopmais.com.br\/en\/wp-json\/wp\/v2\/posts\/133521\/revisions"}],"wp:featuredmedia":[{"embeddable":true,"href":"https:\/\/portalpopmais.com.br\/en\/wp-json\/wp\/v2\/media\/100636"}],"wp:attachment":[{"href":"https:\/\/portalpopmais.com.br\/en\/wp-json\/wp\/v2\/media?parent=133521"}],"wp:term":[{"taxonomy":"category","embeddable":true,"href":"https:\/\/portalpopmais.com.br\/en\/wp-json\/wp\/v2\/categories?post=133521"},{"taxonomy":"post_tag","embeddable":true,"href":"https:\/\/portalpopmais.com.br\/en\/wp-json\/wp\/v2\/tags?post=133521"}],"curies":[{"name":"wp","href":"https:\/\/api.w.org\/{rel}","templated":true}]}}