{"id":133740,"date":"2022-08-24T14:50:46","date_gmt":"2022-08-24T17:50:46","guid":{"rendered":"https:\/\/portalpopmais.com.br\/?p=133740"},"modified":"2022-08-24T14:54:03","modified_gmt":"2022-08-24T17:54:03","slug":"justica-15-dias-belo-pagar-dividas","status":"publish","type":"post","link":"https:\/\/portalpopmais.com.br\/en\/justica-15-dias-belo-pagar-dividas\/","title":{"rendered":"Justi\u00e7a d\u00e1 15 dias para Belo pagar R$ 480 mil em alugu\u00e9is; cantor tem R$ 5 milh\u00f5es em d\u00edvidas"},"content":{"rendered":"\n<p>O cantor <a href=\"https:\/\/portalpopmais.com.br\/belo-gracyanne-despejados-apartamento\/\" data-type=\"post\" data-id=\"129099\">Belo<\/a> ser\u00e1 notificado pelo o TJ-SP (Tribunal de Justi\u00e7a de S\u00e3o Paulo) para que ele e sua mulher, <a href=\"https:\/\/portalpopmais.com.br\/belo-e-gracyanne-divida-em-hospital-justica\/\" data-type=\"post\" data-id=\"112067\">Gracyanne Barbosa<\/a>, paguem uma d\u00edvida de R$ 483 mil  at\u00e9 15 dias.<\/p>\n\n\n\n<p>Segundo o portal G1, o d\u00e9bito \u00e9 referente a alugu\u00e9is de um im\u00f3vel acordado em 2017, em nome da Central de Shows e Evento Ltda., que seria de responsabilidade do cantor.<\/p>\n\n\n\n<p>&#8220;Intime-se o(s) executado(s) Marcelo [Belo] e Gracyanne, pessoalmente, por via postal, para que, no prazo de quinze dias, paguem o d\u00e9bito apontado devidamente atualizado, sob pena de, em n\u00e3o o fazendo, arcar(em) com multa de 10% e ainda com custas de execu\u00e7\u00e3o, sujeitando-se a penhora&#8221;, determinou a ju\u00edza Claudia de Felix de Lima.<\/p>\n\n\n\n<p>Por meio de seus advogados, o artista tem negado ser dono da propriedade e afirma n\u00e3o estar ligado ao quadro de societ\u00e1rios da empresa que locou o im\u00f3vel em \u00e1rea nobre da capital paulista.<\/p>\n\n\n\n<p><strong>D\u00edvida com Denilson<\/strong><\/p>\n\n\n\n<p>Al\u00e9m da d\u00edvida referente ao im\u00f3vel, Belo tem outro valor milion\u00e1rio a quitar com Denilson, ex-jogador e comentarista esportivo da Band. A quantia devida pelo cantor chega a quase R$ 5 milh\u00f5es.<\/p>\n\n\n\n<p>Todo esse imbr\u00f3glio entre os dois j\u00e1 se estende h\u00e1 mais de 20 anos e \u00e9 referente ao momento em que Belo deixou o grupo de pagode Soweto, que Denilson era um dos empres\u00e1rios.<\/p>\n\n\n\n<p>Por conta do rompimento do cantor, o ex-jogador exigiu receber uma quantia indenizat\u00f3ria pela quebra de contrato, que nunca foi paga devido aos in\u00fameros recursos colocados pelo marido de Gracyanne.<\/p>\n","protected":false},"excerpt":{"rendered":"<p>O cantor Belo ser\u00e1 notificado pelo o TJ-SP (Tribunal de Justi\u00e7a de S\u00e3o Paulo) para que ele e sua mulher, Gracyanne Barbosa, paguem uma d\u00edvida de R$ 483 mil at\u00e9 15 dias. Segundo o portal G1, o d\u00e9bito \u00e9 referente a alugu\u00e9is de um im\u00f3vel acordado em 2017, em nome da Central de Shows e [&hellip;]<\/p>\n","protected":false},"author":3,"featured_media":133744,"comment_status":"closed","ping_status":"open","sticky":false,"template":"","format":"standard","meta":{"footnotes":""},"categories":[173],"tags":[565,9513],"class_list":["post-133740","post","type-post","status-publish","format-standard","has-post-thumbnail","hentry","category-celebridades","tag-belo","tag-divida"],"_links":{"self":[{"href":"https:\/\/portalpopmais.com.br\/en\/wp-json\/wp\/v2\/posts\/133740","targetHints":{"allow":["GET"]}}],"collection":[{"href":"https:\/\/portalpopmais.com.br\/en\/wp-json\/wp\/v2\/posts"}],"about":[{"href":"https:\/\/portalpopmais.com.br\/en\/wp-json\/wp\/v2\/types\/post"}],"author":[{"embeddable":true,"href":"https:\/\/portalpopmais.com.br\/en\/wp-json\/wp\/v2\/users\/3"}],"replies":[{"embeddable":true,"href":"https:\/\/portalpopmais.com.br\/en\/wp-json\/wp\/v2\/comments?post=133740"}],"version-history":[{"count":0,"href":"https:\/\/portalpopmais.com.br\/en\/wp-json\/wp\/v2\/posts\/133740\/revisions"}],"wp:featuredmedia":[{"embeddable":true,"href":"https:\/\/portalpopmais.com.br\/en\/wp-json\/wp\/v2\/media\/133744"}],"wp:attachment":[{"href":"https:\/\/portalpopmais.com.br\/en\/wp-json\/wp\/v2\/media?parent=133740"}],"wp:term":[{"taxonomy":"category","embeddable":true,"href":"https:\/\/portalpopmais.com.br\/en\/wp-json\/wp\/v2\/categories?post=133740"},{"taxonomy":"post_tag","embeddable":true,"href":"https:\/\/portalpopmais.com.br\/en\/wp-json\/wp\/v2\/tags?post=133740"}],"curies":[{"name":"wp","href":"https:\/\/api.w.org\/{rel}","templated":true}]}}