{"id":133881,"date":"2022-08-25T12:45:46","date_gmt":"2022-08-25T15:45:46","guid":{"rendered":"https:\/\/portalpopmais.com.br\/?p=133881"},"modified":"2022-08-25T19:38:01","modified_gmt":"2022-08-25T22:38:01","slug":"aposentadoria-silvio-santos","status":"publish","type":"post","link":"https:\/\/portalpopmais.com.br\/en\/aposentadoria-silvio-santos\/","title":{"rendered":"O fim de uma era! Silvio Santos anuncia aposentadoria da TV, diz site"},"content":{"rendered":"<p><strong><a href=\"https:\/\/portalpopmais.com.br\/en\/programa-silvio-santos-ballet-masculino\/\" data-type=\"post\" data-id=\"132896\">Silvio Santos<\/a> <\/strong>n\u00e3o retornar\u00e1 \u00e0 apresenta\u00e7\u00e3o do seu tradicional programa nas noites de domingo no SBT. Segundo informa\u00e7\u00f5es do TV Pop, o homem do Ba\u00fa ser\u00e1 substitu\u00eddo por Patr\u00edcia Abravanel, posto que ela j\u00e1 ocupa atualmente, mas agora ser\u00e1 oficial.<\/p>\n\n\n\n<p>A publica\u00e7\u00e3o afirma que o novo plano comercial do <a href=\"http:\/\/sbt.com.br\" target=\"_blank\" rel=\"noopener\">SBT<\/a> j\u00e1 traz a grade do canal sem Silvio Santos. Na vers\u00e3o atualizada do plano comercial do dominical, a \u00fanica apari\u00e7\u00e3o do dono da emissora \u00e9 em uma foto tirada h\u00e1 um ano, que foi inclu\u00edda no material ao lado da frase \u201cum programa que supera o tempo e acompanha gera\u00e7\u00f5es\u201d.<\/p>\n\n\n\n<p>O arquivo tamb\u00e9m d\u00e1 destaque a carreira de Patr\u00edcia na TV e ressalta seu posto como titular nas noites de domingo na emissora. &#8220;Ela j\u00e1 tem em seu curr\u00edculo programas como Festival SBT 30 Anos, o Cante Se Puder, o Roda a Roda Jequiti, o sorteio da Tele Sena, M\u00e1quina da Fama, Topa ou N\u00e3o Topa, al\u00e9m claro, do Programa Silvio Santos\u201d, diz o plano comercial do canal paulista.<\/p>\n\n\n\n<p>At\u00e9 o momento, o SBT n\u00e3o se pronunciou sobre o assunto, mas j\u00e1 disse algumas vezes que Silvio Santos n\u00e3o se aposentou. No entanto, Patr\u00edcia segue no lugar do pai desde julho desse ano. No ano passado, Silvio voltou a gravar o programa, mas por conta de uma infec\u00e7\u00e3o respirat\u00f3ria se afastou, retornando em abril, e saindo de cena tr\u00eas meses depois.<\/p>","protected":false},"excerpt":{"rendered":"<p>Silvio Santos n\u00e3o retornar\u00e1 \u00e0 apresenta\u00e7\u00e3o do seu tradicional programa nas noites de domingo no SBT. Segundo informa\u00e7\u00f5es do TV Pop, o homem do Ba\u00fa ser\u00e1 substitu\u00eddo por Patr\u00edcia Abravanel, posto que ela j\u00e1 ocupa atualmente, mas agora ser\u00e1 oficial. A publica\u00e7\u00e3o afirma que o novo plano comercial do SBT j\u00e1 traz a grade do [&hellip;]<\/p>\n","protected":false},"author":1,"featured_media":109650,"comment_status":"closed","ping_status":"open","sticky":false,"template":"","format":"standard","meta":{"footnotes":""},"categories":[181],"tags":[657],"class_list":["post-133881","post","type-post","status-publish","format-standard","has-post-thumbnail","hentry","category-televisao","tag-silvio-santos"],"_links":{"self":[{"href":"https:\/\/portalpopmais.com.br\/en\/wp-json\/wp\/v2\/posts\/133881","targetHints":{"allow":["GET"]}}],"collection":[{"href":"https:\/\/portalpopmais.com.br\/en\/wp-json\/wp\/v2\/posts"}],"about":[{"href":"https:\/\/portalpopmais.com.br\/en\/wp-json\/wp\/v2\/types\/post"}],"author":[{"embeddable":true,"href":"https:\/\/portalpopmais.com.br\/en\/wp-json\/wp\/v2\/users\/1"}],"replies":[{"embeddable":true,"href":"https:\/\/portalpopmais.com.br\/en\/wp-json\/wp\/v2\/comments?post=133881"}],"version-history":[{"count":0,"href":"https:\/\/portalpopmais.com.br\/en\/wp-json\/wp\/v2\/posts\/133881\/revisions"}],"wp:featuredmedia":[{"embeddable":true,"href":"https:\/\/portalpopmais.com.br\/en\/wp-json\/wp\/v2\/media\/109650"}],"wp:attachment":[{"href":"https:\/\/portalpopmais.com.br\/en\/wp-json\/wp\/v2\/media?parent=133881"}],"wp:term":[{"taxonomy":"category","embeddable":true,"href":"https:\/\/portalpopmais.com.br\/en\/wp-json\/wp\/v2\/categories?post=133881"},{"taxonomy":"post_tag","embeddable":true,"href":"https:\/\/portalpopmais.com.br\/en\/wp-json\/wp\/v2\/tags?post=133881"}],"curies":[{"name":"wp","href":"https:\/\/api.w.org\/{rel}","templated":true}]}}