{"id":134325,"date":"2022-08-28T15:38:39","date_gmt":"2022-08-28T18:38:39","guid":{"rendered":"https:\/\/portalpopmais.com.br\/?p=134325"},"modified":"2022-08-30T08:44:23","modified_gmt":"2022-08-30T11:44:23","slug":"nude-bruno-talamo","status":"publish","type":"post","link":"https:\/\/portalpopmais.com.br\/en\/nude-bruno-talamo\/","title":{"rendered":"Vazou? Suposto nude de Bruno T\u00e1lamo, rep\u00f3rter cotado para entrar em &#8220;A Fazenda 14&#8221;, agita a web"},"content":{"rendered":"<p class=\"wp-block-paragraph\">O rep\u00f3rter <strong><a href=\"https:\/\/portalpopmais.com.br\/en\/ex-bbb-barbara-heck-mostra-corpo-magerrimo-apos-jejum-de-21-dias-muito-peso\/\" data-type=\"post\" data-id=\"134317\">Bruno T\u00e1lamo<\/a><\/strong>, da RedeTV!, est\u00e1 em alta mas redes sociais, neste fim de semana. Acontece que um suposto nude do rapaz chegou \u00e0 web, deixando os internautas euf\u00f3ricos. Ele, inclusive, \u00e9 um dos nomes cotados para o elenco de &#8220;<a href=\"http:\/\/R7.com\" target=\"_blank\" rel=\"noopener\">A Fazenda 14<\/a>&#8220;.  <\/p>\n\n\n\n<p class=\"wp-block-paragraph\">De acordo com informa\u00e7\u00f5es de Adriel Marques, rep\u00f3rter do portal Em Off, a suposta foto \u00edntima teria come\u00e7ado a circular nos bastidores da RedeTV!, deixando os funcion\u00e1rios da emissora empolgados. T\u00e1lamo, no entanto, n\u00e3o confirmou se a imagem realmente pertence a ele ou n\u00e3o.<\/p>\n\n\n\n<h2 class=\"wp-block-heading\">Veja tamb\u00e9m<\/h2>\n\n\n<ul class=\"wp-block-latest-posts__list is-grid aligncenter wp-block-latest-posts is-layout-flow wp-block-latest-posts-is-layout-flow\"><li><div class=\"wp-block-latest-posts__featured-image aligncenter\"><a href=\"https:\/\/portalpopmais.com.br\/en\/julio-iglesias-nova-denuncia-agressao-sexual-trabalho-forcado\/\" aria-label=\"Julio Iglesias volta a ser alvo de den\u00fancia por agress\u00e3o sexual e trabalho for\u00e7ado\"><img loading=\"lazy\" decoding=\"async\" width=\"768\" height=\"456\" src=\"https:\/\/portalpopmais.com.br\/wp-content\/uploads\/2026\/01\/julio-iglesias-768x456.jpg\" class=\"attachment-medium size-medium wp-post-image\" alt=\"\" style=\"\" srcset=\"https:\/\/portalpopmais.com.br\/wp-content\/uploads\/2026\/01\/julio-iglesias-768x456.jpg 768w, https:\/\/portalpopmais.com.br\/wp-content\/uploads\/2026\/01\/julio-iglesias-1170x694.jpg 1170w, https:\/\/portalpopmais.com.br\/wp-content\/uploads\/2026\/01\/julio-iglesias-18x10.jpg 18w\" sizes=\"auto, (max-width: 768px) 100vw, 768px\" title=\"\"><\/a><\/div><a class=\"wp-block-latest-posts__post-title\" href=\"https:\/\/portalpopmais.com.br\/en\/julio-iglesias-nova-denuncia-agressao-sexual-trabalho-forcado\/\">Julio Iglesias volta a ser alvo de den\u00fancia por agress\u00e3o sexual e trabalho for\u00e7ado<\/a><\/li>\n<li><div class=\"wp-block-latest-posts__featured-image aligncenter\"><a href=\"https:\/\/portalpopmais.com.br\/en\/pedro-scooby-admite-arrependimento-por-expor-briga-com-luana-piovani-nem-era-para-ter-falado\/\" aria-label=\"Pedro Scooby admite arrependimento por expor briga com Luana Piovani: &#8220;Nem era para ter falado&#8221;\"><img loading=\"lazy\" decoding=\"async\" width=\"768\" height=\"456\" src=\"https:\/\/portalpopmais.com.br\/wp-content\/uploads\/2025\/11\/Luana-Piovani-alfineta-Pedro-Scooby-sobre-valor-da-pensao-paga-aos-filhos-768x456.jpg\" class=\"attachment-medium size-medium wp-post-image\" alt=\"Luana Piovani alfineta Pedro Scooby sobre valor da pens\u00e3o paga aos filhos: \u201cbem inferior\u201d\" style=\"\" srcset=\"https:\/\/portalpopmais.com.br\/wp-content\/uploads\/2025\/11\/Luana-Piovani-alfineta-Pedro-Scooby-sobre-valor-da-pensao-paga-aos-filhos-768x456.jpg 768w, https:\/\/portalpopmais.com.br\/wp-content\/uploads\/2025\/11\/Luana-Piovani-alfineta-Pedro-Scooby-sobre-valor-da-pensao-paga-aos-filhos-1170x694.jpg 1170w, https:\/\/portalpopmais.com.br\/wp-content\/uploads\/2025\/11\/Luana-Piovani-alfineta-Pedro-Scooby-sobre-valor-da-pensao-paga-aos-filhos-18x10.jpg 18w\" sizes=\"auto, (max-width: 768px) 100vw, 768px\" title=\"\"><\/a><\/div><a class=\"wp-block-latest-posts__post-title\" href=\"https:\/\/portalpopmais.com.br\/en\/pedro-scooby-admite-arrependimento-por-expor-briga-com-luana-piovani-nem-era-para-ter-falado\/\">Pedro Scooby admite arrependimento por expor briga com Luana Piovani: &#8220;Nem era para ter falado&#8221;<\/a><\/li>\n<li><div class=\"wp-block-latest-posts__featured-image aligncenter\"><a href=\"https:\/\/portalpopmais.com.br\/en\/gordao-da-xj-mostra-dificuldade-para-tomar-banho-sem-ajuda-da-noiva\/\" aria-label=\"Gord\u00e3o da XJ mostra dificuldade para tomar banho sem ajuda da noiva\"><img loading=\"lazy\" decoding=\"async\" width=\"768\" height=\"456\" src=\"https:\/\/portalpopmais.com.br\/wp-content\/uploads\/2026\/09\/design-sem-nome-10-1-768x456.jpg\" class=\"attachment-medium size-medium wp-post-image\" alt=\"\" style=\"\" srcset=\"https:\/\/portalpopmais.com.br\/wp-content\/uploads\/2026\/09\/design-sem-nome-10-1-768x456.jpg 768w, https:\/\/portalpopmais.com.br\/wp-content\/uploads\/2026\/09\/design-sem-nome-10-1-18x12.jpg 18w\" sizes=\"auto, (max-width: 768px) 100vw, 768px\" title=\"\"><\/a><\/div><a class=\"wp-block-latest-posts__post-title\" href=\"https:\/\/portalpopmais.com.br\/en\/gordao-da-xj-mostra-dificuldade-para-tomar-banho-sem-ajuda-da-noiva\/\">Gord\u00e3o da XJ mostra dificuldade para tomar banho sem ajuda da noiva<\/a><\/li>\n<li><div class=\"wp-block-latest-posts__featured-image aligncenter\"><a href=\"https:\/\/portalpopmais.com.br\/en\/ze-neto-aparece-de-surpresa-em-academia-de-goias-e-surpreende-fas\/\" aria-label=\"Z\u00e9 Neto aparece de surpresa em academia de Goi\u00e1s e choca alunos\"><img loading=\"lazy\" decoding=\"async\" width=\"768\" height=\"456\" src=\"https:\/\/portalpopmais.com.br\/wp-content\/uploads\/2026\/09\/Screenshot_20260905-070934-768x456.png\" class=\"attachment-medium size-medium wp-post-image\" alt=\"\" style=\"\" srcset=\"https:\/\/portalpopmais.com.br\/wp-content\/uploads\/2026\/09\/Screenshot_20260905-070934-768x456.png 768w, https:\/\/portalpopmais.com.br\/wp-content\/uploads\/2026\/09\/Screenshot_20260905-070934-18x12.png 18w\" sizes=\"auto, (max-width: 768px) 100vw, 768px\" title=\"\"><\/a><\/div><a class=\"wp-block-latest-posts__post-title\" href=\"https:\/\/portalpopmais.com.br\/en\/ze-neto-aparece-de-surpresa-em-academia-de-goias-e-surpreende-fas\/\">Z\u00e9 Neto aparece de surpresa em academia de Goi\u00e1s e choca alunos<\/a><\/li>\n<li><div class=\"wp-block-latest-posts__featured-image aligncenter\"><a href=\"https:\/\/portalpopmais.com.br\/en\/anvisa-autoriza-importacao-de-medicamento-experimental-para-tratar-lito-sousa\/\" aria-label=\"Anvisa autoriza importa\u00e7\u00e3o de medicamento experimental para tratar Lito Sousa\"><img loading=\"lazy\" decoding=\"async\" width=\"768\" height=\"456\" src=\"https:\/\/portalpopmais.com.br\/wp-content\/uploads\/2026\/09\/lito-sousa-1h7zr5mnkrbqx-768x456.png\" class=\"attachment-medium size-medium wp-post-image\" alt=\"\" style=\"\" srcset=\"https:\/\/portalpopmais.com.br\/wp-content\/uploads\/2026\/09\/lito-sousa-1h7zr5mnkrbqx-768x456.png 768w, https:\/\/portalpopmais.com.br\/wp-content\/uploads\/2026\/09\/lito-sousa-1h7zr5mnkrbqx-18x10.png 18w\" sizes=\"auto, (max-width: 768px) 100vw, 768px\" title=\"\"><\/a><\/div><a class=\"wp-block-latest-posts__post-title\" href=\"https:\/\/portalpopmais.com.br\/en\/anvisa-autoriza-importacao-de-medicamento-experimental-para-tratar-lito-sousa\/\">Anvisa autoriza importa\u00e7\u00e3o de medicamento experimental para tratar Lito Sousa<\/a><\/li>\n<li><div class=\"wp-block-latest-posts__featured-image aligncenter\"><a href=\"https:\/\/portalpopmais.com.br\/en\/ricardo-blat-celebra-recuperacao-apos-transplante-de-medula-sou-um-privilegiado\/\" aria-label=\"Ricardo Blat celebra recupera\u00e7\u00e3o ap\u00f3s transplante de medula: &#8220;Sou um privilegiado&#8221;\"><img loading=\"lazy\" decoding=\"async\" width=\"768\" height=\"456\" src=\"https:\/\/portalpopmais.com.br\/wp-content\/uploads\/2026\/09\/1788136858381_242769-768x456.jpg\" class=\"attachment-medium size-medium wp-post-image\" alt=\"\" style=\"\" srcset=\"https:\/\/portalpopmais.com.br\/wp-content\/uploads\/2026\/09\/1788136858381_242769-768x456.jpg 768w, https:\/\/portalpopmais.com.br\/wp-content\/uploads\/2026\/09\/1788136858381_242769-1170x694.jpg 1170w, https:\/\/portalpopmais.com.br\/wp-content\/uploads\/2026\/09\/1788136858381_242769-18x12.jpg 18w\" sizes=\"auto, (max-width: 768px) 100vw, 768px\" title=\"\"><\/a><\/div><a class=\"wp-block-latest-posts__post-title\" href=\"https:\/\/portalpopmais.com.br\/en\/ricardo-blat-celebra-recuperacao-apos-transplante-de-medula-sou-um-privilegiado\/\">Ricardo Blat celebra recupera\u00e7\u00e3o ap\u00f3s transplante de medula: &#8220;Sou um privilegiado&#8221;<\/a><\/li>\n<\/ul>\n\n\n<p class=\"wp-block-paragraph\">Mesmo sem a confirma\u00e7\u00e3o, internautas n\u00e3o perderam a oportunidade de comentar sobre o suposto nude do rep\u00f3rter de S\u00f4nia Abr\u00e3o. No Twitter, muitos ficaram impressionados com o tamanho.<\/p>\n\n\n\n<p class=\"wp-block-paragraph\">&#8220;<em>Estou besta com a suposta nude do Bruno T\u00e1lamo, gente ser\u00e1 que \u00e9 real? Nossa senhora das pregas, rogai rogai<\/em>&#8216;&#8221;, disparou um rapaz. &#8220;<em>Gente eu acabei de ver o suposto nude do Bruno T\u00e1lamo. Se Deus fez \u00e9 porque cabe&#8221;, <\/em>comentou mais um<em>. &#8220;Nem conhe\u00e7o esse Bruno T\u00e1lamo, mas aleluia arrepiei&#8221;,<\/em> disse mais uma internauta.<\/p>\n\n\n\n<p class=\"wp-block-paragraph\">A nova temporada de &#8220;A Fazenda&#8221; estreia em setembro.<\/p>","protected":false},"excerpt":{"rendered":"<p>O rep\u00f3rter Bruno T\u00e1lamo, da RedeTV!, est\u00e1 em alta mas redes sociais, neste fim de semana. Acontece que um suposto nude do rapaz chegou \u00e0 web, deixando os internautas euf\u00f3ricos. Ele, inclusive, \u00e9 um dos nomes cotados para o elenco de &#8220;A Fazenda 14&#8220;. De acordo com informa\u00e7\u00f5es de Adriel Marques, rep\u00f3rter do portal Em [&hellip;]<\/p>\n","protected":false},"author":2,"featured_media":134327,"comment_status":"closed","ping_status":"open","sticky":false,"template":"","format":"standard","meta":{"footnotes":""},"categories":[173,8605],"tags":[9241,12117],"class_list":["post-134325","post","type-post","status-publish","format-standard","has-post-thumbnail","hentry","category-celebridades","category-realities","tag-a-fazenda-14","tag-bruno-talamo"],"_links":{"self":[{"href":"https:\/\/portalpopmais.com.br\/en\/wp-json\/wp\/v2\/posts\/134325","targetHints":{"allow":["GET"]}}],"collection":[{"href":"https:\/\/portalpopmais.com.br\/en\/wp-json\/wp\/v2\/posts"}],"about":[{"href":"https:\/\/portalpopmais.com.br\/en\/wp-json\/wp\/v2\/types\/post"}],"author":[{"embeddable":true,"href":"https:\/\/portalpopmais.com.br\/en\/wp-json\/wp\/v2\/users\/2"}],"replies":[{"embeddable":true,"href":"https:\/\/portalpopmais.com.br\/en\/wp-json\/wp\/v2\/comments?post=134325"}],"version-history":[{"count":0,"href":"https:\/\/portalpopmais.com.br\/en\/wp-json\/wp\/v2\/posts\/134325\/revisions"}],"wp:featuredmedia":[{"embeddable":true,"href":"https:\/\/portalpopmais.com.br\/en\/wp-json\/wp\/v2\/media\/134327"}],"wp:attachment":[{"href":"https:\/\/portalpopmais.com.br\/en\/wp-json\/wp\/v2\/media?parent=134325"}],"wp:term":[{"taxonomy":"category","embeddable":true,"href":"https:\/\/portalpopmais.com.br\/en\/wp-json\/wp\/v2\/categories?post=134325"},{"taxonomy":"post_tag","embeddable":true,"href":"https:\/\/portalpopmais.com.br\/en\/wp-json\/wp\/v2\/tags?post=134325"}],"curies":[{"name":"wp","href":"https:\/\/api.w.org\/{rel}","templated":true}]}}