{"id":134658,"date":"2022-10-15T11:08:10","date_gmt":"2022-10-15T14:08:10","guid":{"rendered":"https:\/\/portalpopmais.com.br\/?p=134658"},"modified":"2022-10-16T13:39:11","modified_gmt":"2022-10-16T16:39:11","slug":"eduardo-costa-tem-rosto-desfigurado-apos-queda-de-aviao","status":"publish","type":"post","link":"https:\/\/portalpopmais.com.br\/en\/eduardo-costa-tem-rosto-desfigurado-apos-queda-de-aviao\/","title":{"rendered":"Eduardo Costa tem rosto desfigurado ap\u00f3s queda de avi\u00e3o"},"content":{"rendered":"<p class=\"wp-block-paragraph\">N\u00e3o \u00e9 dif\u00edcil encontrar brincadeiras nas redes sociais envolvendo a apar\u00eancia do cantor sertanejo <strong><a href=\"https:\/\/portalpopmais.com.br\/en\/eduardo-costa-multa-difamar-fernanda-lima\/\" data-type=\"post\" data-id=\"105525\">Eduardo Costa<\/a><\/strong>, mas o que pouca gente sabe \u00e9 que a vida dele quase acabou em trag\u00e9dia ap\u00f3s um acidente que deixou seu rosto desfigurado.<\/p>\n\n\n\n<p class=\"wp-block-paragraph\">Eduardo Costa contou todos os detalhes para o Danilo Gentili, no programa The Noite. Na ocasi\u00e3o, o artista revelou que decidiu realizar in\u00fameros procedimentos est\u00e9ticos ap\u00f3s sofrer um acidente de avi\u00e3o em 2011, na cidade de Manhua\u00e7u (MG). A aeronave explodiu e acabou dilacerando partes do rosto do <a href=\"http:\/\/Twitter.com\/sitepopmais\" target=\"_blank\" rel=\"noopener\">sertanejo<\/a>.<\/p>\n\n\n\n<p class=\"wp-block-paragraph\">Veja tamb\u00e9m<\/p>\n\n\n<ul class=\"wp-block-latest-posts__list is-grid aligncenter wp-block-latest-posts is-layout-flow wp-block-latest-posts-is-layout-flow\"><li><div class=\"wp-block-latest-posts__featured-image aligncenter\"><a href=\"https:\/\/portalpopmais.com.br\/en\/lionel-richie-investigacao-problema-cardiaco\/\" aria-label=\"Lionel Richie segue internado na UTI e m\u00e9dicos investigam problemas card\u00edacos\"><img loading=\"lazy\" decoding=\"async\" width=\"768\" height=\"456\" src=\"https:\/\/portalpopmais.com.br\/wp-content\/uploads\/2025\/09\/lionel-richie-live-2023-getty-768x456.jpg\" class=\"attachment-medium size-medium wp-post-image\" alt=\"\" style=\"\" srcset=\"https:\/\/portalpopmais.com.br\/wp-content\/uploads\/2025\/09\/lionel-richie-live-2023-getty-768x456.jpg 768w, https:\/\/portalpopmais.com.br\/wp-content\/uploads\/2025\/09\/lionel-richie-live-2023-getty-1170x694.jpg 1170w, https:\/\/portalpopmais.com.br\/wp-content\/uploads\/2025\/09\/lionel-richie-live-2023-getty-18x12.jpg 18w\" sizes=\"auto, (max-width: 768px) 100vw, 768px\" title=\"\"><\/a><\/div><a class=\"wp-block-latest-posts__post-title\" href=\"https:\/\/portalpopmais.com.br\/en\/lionel-richie-investigacao-problema-cardiaco\/\">Lionel Richie segue internado na UTI e m\u00e9dicos investigam problemas card\u00edacos<\/a><\/li>\n<li><div class=\"wp-block-latest-posts__featured-image aligncenter\"><a href=\"https:\/\/portalpopmais.com.br\/en\/morre-gracindo-jr\/\" aria-label=\"Morre o ator e diretor Gracindo Jr., aos 83 anos\"><img loading=\"lazy\" decoding=\"async\" width=\"768\" height=\"456\" src=\"https:\/\/portalpopmais.com.br\/wp-content\/uploads\/2026\/09\/morre-gracindo-jr-768x456.png\" class=\"attachment-medium size-medium wp-post-image\" alt=\"morre gracindo jr\" style=\"\" srcset=\"https:\/\/portalpopmais.com.br\/wp-content\/uploads\/2026\/09\/morre-gracindo-jr-768x456.png 768w, https:\/\/portalpopmais.com.br\/wp-content\/uploads\/2026\/09\/morre-gracindo-jr-1170x694.png 1170w, https:\/\/portalpopmais.com.br\/wp-content\/uploads\/2026\/09\/morre-gracindo-jr-18x12.png 18w\" sizes=\"auto, (max-width: 768px) 100vw, 768px\" title=\"\"><\/a><\/div><a class=\"wp-block-latest-posts__post-title\" href=\"https:\/\/portalpopmais.com.br\/en\/morre-gracindo-jr\/\">Morre o ator e diretor Gracindo Jr., aos 83 anos<\/a><\/li>\n<li><div class=\"wp-block-latest-posts__featured-image aligncenter\"><a href=\"https:\/\/portalpopmais.com.br\/en\/ariana-grande-muda-letra-musica-rumor-casamento\/\" aria-label=\"Ariana Grande muda letra de m\u00fasica durante show e alimenta rumores de casamento\"><img loading=\"lazy\" decoding=\"async\" width=\"768\" height=\"456\" src=\"https:\/\/portalpopmais.com.br\/wp-content\/uploads\/2026\/07\/press-image-5_@katiatemkin-768x456.jpg\" class=\"attachment-medium size-medium wp-post-image\" alt=\"press image 5 @katiatemkin\" style=\"\" srcset=\"https:\/\/portalpopmais.com.br\/wp-content\/uploads\/2026\/07\/press-image-5_@katiatemkin-768x456.jpg 768w, https:\/\/portalpopmais.com.br\/wp-content\/uploads\/2026\/07\/press-image-5_@katiatemkin-1170x694.jpg 1170w, https:\/\/portalpopmais.com.br\/wp-content\/uploads\/2026\/07\/press-image-5_@katiatemkin-18x12.jpg 18w\" sizes=\"auto, (max-width: 768px) 100vw, 768px\" title=\"\"><\/a><\/div><a class=\"wp-block-latest-posts__post-title\" href=\"https:\/\/portalpopmais.com.br\/en\/ariana-grande-muda-letra-musica-rumor-casamento\/\">Ariana Grande muda letra de m\u00fasica durante show e alimenta rumores de casamento<\/a><\/li>\n<li><div class=\"wp-block-latest-posts__featured-image aligncenter\"><a href=\"https:\/\/portalpopmais.com.br\/en\/millie-bobby-brown-fotos-viagem-familia\/\" aria-label=\"Millie Bobby Brown compartilha fotos in\u00e9ditas de viagem com marido e filha\"><img loading=\"lazy\" decoding=\"async\" width=\"768\" height=\"456\" src=\"https:\/\/portalpopmais.com.br\/wp-content\/uploads\/2026\/09\/Millie-Bobby-Brown-abre-album-de-viagem-com-filha-e-marido-768x456.png\" class=\"attachment-medium size-medium wp-post-image\" alt=\"Millie Bobby Brown abre \u00e1lbum de viagem com filha e marido\" style=\"\" srcset=\"https:\/\/portalpopmais.com.br\/wp-content\/uploads\/2026\/09\/Millie-Bobby-Brown-abre-album-de-viagem-com-filha-e-marido-768x456.png 768w, https:\/\/portalpopmais.com.br\/wp-content\/uploads\/2026\/09\/Millie-Bobby-Brown-abre-album-de-viagem-com-filha-e-marido-1170x694.png 1170w, https:\/\/portalpopmais.com.br\/wp-content\/uploads\/2026\/09\/Millie-Bobby-Brown-abre-album-de-viagem-com-filha-e-marido-18x12.png 18w\" sizes=\"auto, (max-width: 768px) 100vw, 768px\" title=\"\"><\/a><\/div><a class=\"wp-block-latest-posts__post-title\" href=\"https:\/\/portalpopmais.com.br\/en\/millie-bobby-brown-fotos-viagem-familia\/\">Millie Bobby Brown compartilha fotos in\u00e9ditas de viagem com marido e filha<\/a><\/li>\n<li><div class=\"wp-block-latest-posts__featured-image aligncenter\"><a href=\"https:\/\/portalpopmais.com.br\/en\/selena-gomez-aparece-de-topless-em-video-gravado-por-benny-blanco-e-divide-opinioes-nas-redes\/\" aria-label=\"Selena Gomez aparece de topless em v\u00eddeo gravado por Benny Blanco e divide opini\u00f5es nas redes\"><img loading=\"lazy\" decoding=\"async\" width=\"768\" height=\"456\" src=\"https:\/\/portalpopmais.com.br\/wp-content\/uploads\/2026\/09\/selena-t4tgjz7r85lx-768x456.jpeg\" class=\"attachment-medium size-medium wp-post-image\" alt=\"selena t4tgjz7r85lx\" style=\"\" srcset=\"https:\/\/portalpopmais.com.br\/wp-content\/uploads\/2026\/09\/selena-t4tgjz7r85lx-768x456.jpeg 768w, https:\/\/portalpopmais.com.br\/wp-content\/uploads\/2026\/09\/selena-t4tgjz7r85lx-18x10.jpeg 18w\" sizes=\"auto, (max-width: 768px) 100vw, 768px\" title=\"\"><\/a><\/div><a class=\"wp-block-latest-posts__post-title\" href=\"https:\/\/portalpopmais.com.br\/en\/selena-gomez-aparece-de-topless-em-video-gravado-por-benny-blanco-e-divide-opinioes-nas-redes\/\">Selena Gomez aparece de topless em v\u00eddeo gravado por Benny Blanco e divide opini\u00f5es nas redes<\/a><\/li>\n<li><div class=\"wp-block-latest-posts__featured-image aligncenter\"><a href=\"https:\/\/portalpopmais.com.br\/en\/ex-genro-ana-maria-braga-fala-investigacao\/\" aria-label=\"Ex-genro de Ana Maria Braga se manifesta ap\u00f3s pris\u00e3o e investiga\u00e7\u00e3o por suposto furto\"><img loading=\"lazy\" decoding=\"async\" width=\"768\" height=\"456\" src=\"https:\/\/portalpopmais.com.br\/wp-content\/uploads\/2026\/09\/ex-genro-Ana-Maria-Braga-fala-investigacao-768x456.png\" class=\"attachment-medium size-medium wp-post-image\" alt=\"ex genro Ana Maria Braga fala investiga\u00e7\u00e3o\" style=\"\" srcset=\"https:\/\/portalpopmais.com.br\/wp-content\/uploads\/2026\/09\/ex-genro-Ana-Maria-Braga-fala-investigacao-768x456.png 768w, https:\/\/portalpopmais.com.br\/wp-content\/uploads\/2026\/09\/ex-genro-Ana-Maria-Braga-fala-investigacao-1170x694.png 1170w, https:\/\/portalpopmais.com.br\/wp-content\/uploads\/2026\/09\/ex-genro-Ana-Maria-Braga-fala-investigacao-18x10.png 18w\" sizes=\"auto, (max-width: 768px) 100vw, 768px\" title=\"\"><\/a><\/div><a class=\"wp-block-latest-posts__post-title\" href=\"https:\/\/portalpopmais.com.br\/en\/ex-genro-ana-maria-braga-fala-investigacao\/\">Ex-genro de Ana Maria Braga se manifesta ap\u00f3s pris\u00e3o e investiga\u00e7\u00e3o por suposto furto<\/a><\/li>\n<\/ul>\n\n\n<p class=\"wp-block-paragraph\">Eduardo Costa revelou durante a entrevista que ficou com medo do avi\u00e3o pegar fogo e soltou o cinto de seguran\u00e7a no momento da aterrissagem, j\u00e1 que o trem de pouso explodiu. \u201cEu ca\u00ed dentro da cabine do piloto, trinquei a testa, quebrei o maxilar, quebrei o nariz, o bra\u00e7o, a m\u00e3o, me arregacei todo\u2026\u201d<\/p>\n\n\n\n<p class=\"wp-block-paragraph\">Durante o bate-papo com Danilo Gentili, o famoso enalteceu o piloto, que conseguiu remeter a aeronave. \u201cEu fui pousar na cidade do interior e o avi\u00e3o explodiu. Gra\u00e7as a Deus o piloto remeteu, se n\u00e3o a gente iria bater em uma montanha e todos n\u00f3s morrer\u00edamos\u201d, disse Eduardo Costa.<\/p>\n\n\n\n<p class=\"wp-block-paragraph\">O cantor para Danilo Gentili as marcas que ficaram no seu rosto e revelou que a decis\u00e3o de realizar os procedimentos est\u00e9ticos aconteceu ap\u00f3s o acidente. \u201cQuero que se dane!\u201d, afirmou Eduardo sobre as cr\u00edticas dos internautas a respeito da sua apar\u00eancia.<\/p>","protected":false},"excerpt":{"rendered":"<p>N\u00e3o \u00e9 dif\u00edcil encontrar brincadeiras nas redes sociais envolvendo a apar\u00eancia do cantor sertanejo Eduardo Costa, mas o que pouca gente sabe \u00e9 que a vida dele quase acabou em trag\u00e9dia ap\u00f3s um acidente que deixou seu rosto desfigurado. Eduardo Costa contou todos os detalhes para o Danilo Gentili, no programa The Noite. Na ocasi\u00e3o, [&hellip;]<\/p>\n","protected":false},"author":2,"featured_media":45954,"comment_status":"closed","ping_status":"open","sticky":false,"template":"","format":"standard","meta":{"footnotes":""},"categories":[173],"tags":[790],"class_list":["post-134658","post","type-post","status-publish","format-standard","has-post-thumbnail","hentry","category-celebridades","tag-eduardo-costa"],"_links":{"self":[{"href":"https:\/\/portalpopmais.com.br\/en\/wp-json\/wp\/v2\/posts\/134658","targetHints":{"allow":["GET"]}}],"collection":[{"href":"https:\/\/portalpopmais.com.br\/en\/wp-json\/wp\/v2\/posts"}],"about":[{"href":"https:\/\/portalpopmais.com.br\/en\/wp-json\/wp\/v2\/types\/post"}],"author":[{"embeddable":true,"href":"https:\/\/portalpopmais.com.br\/en\/wp-json\/wp\/v2\/users\/2"}],"replies":[{"embeddable":true,"href":"https:\/\/portalpopmais.com.br\/en\/wp-json\/wp\/v2\/comments?post=134658"}],"version-history":[{"count":0,"href":"https:\/\/portalpopmais.com.br\/en\/wp-json\/wp\/v2\/posts\/134658\/revisions"}],"wp:featuredmedia":[{"embeddable":true,"href":"https:\/\/portalpopmais.com.br\/en\/wp-json\/wp\/v2\/media\/45954"}],"wp:attachment":[{"href":"https:\/\/portalpopmais.com.br\/en\/wp-json\/wp\/v2\/media?parent=134658"}],"wp:term":[{"taxonomy":"category","embeddable":true,"href":"https:\/\/portalpopmais.com.br\/en\/wp-json\/wp\/v2\/categories?post=134658"},{"taxonomy":"post_tag","embeddable":true,"href":"https:\/\/portalpopmais.com.br\/en\/wp-json\/wp\/v2\/tags?post=134658"}],"curies":[{"name":"wp","href":"https:\/\/api.w.org\/{rel}","templated":true}]}}